{"id":27688,"date":"2011-02-04T10:25:07","date_gmt":"2011-02-04T08:25:07","guid":{"rendered":"http:\/\/www.korhanyilmaz.com\/?p=27688"},"modified":"2011-02-04T10:25:07","modified_gmt":"2011-02-04T08:25:07","slug":"kadir-topbas-sali-pazarini-yine-satamadi","status":"publish","type":"post","link":"http:\/\/www.korhanyilmaz.com\/?p=27688","title":{"rendered":"Kadir Topba\u015f Sal\u0131 Pazar\u0131n\u0131 yine satamad\u0131."},"content":{"rendered":"<p style=\"text-align: center;\"><a href=\"http:\/\/www.korhanyilmaz.com\/wp-content\/uploads\/2011\/02\/092.jpg\"  class=\"lightview\"><img loading=\"lazy\" decoding=\"async\" class=\"aligncenter size-full wp-image-27689\" src=\"http:\/\/www.korhanyilmaz.com\/wp-content\/uploads\/2011\/02\/092.jpg\" alt=\"\" width=\"419\" height=\"203\" \/><\/a><\/p>\n<p style=\"text-align: justify;\">Dan\u0131\u015ftay 6. Dairesi, Kad\u0131k\u00f6y Ku\u015fdili \u00c7ay\u0131r\u0131`nda (Sal\u0131pazar\u0131) Ta\u015fyap\u0131 A.\u015e. taraf\u0131ndan geli\u015ftirilen Koruma Ama\u00e7l\u0131 Naz\u0131m ve Uygulama \u0130mar Planlar\u0131 ve Ku\u015fdili \u00c7ay\u0131r\u0131 Kentsel Tasar\u0131m Projesi`ne kar\u015f\u0131 \u015eehir Planc\u0131lar\u0131 Oadas\u0131\u2019n\u0131n a\u00e7t\u0131\u011f\u0131 davada, \u0130stanbul 2. \u0130dare Mahkemesi`nin 13.10.2009 tarihli iptal karar\u0131n\u0131 onad\u0131. \u0130BB taraf\u0131ndan 17.08.2007 tarihinde tasdik edilen ve Oda taraf\u0131ndan 06.12.2007 tarihinde dava konusu edilen planlar ile ilgili hukuki s\u00fcre\u00e7 de, Dan\u0131\u015ftay 6. Dairesi`nin karar\u0131 ile son buldu. <!--more--><\/p>\n<p style=\"text-align: justify;\">3. derece do\u011fal sit alan\u0131 olan ve tarihi \u00f6neme sahip Kad\u0131k\u00f6y Ku\u015fdili \u00c7ay\u0131r\u0131`nda ger\u00e7ekle\u015ftirilmek istenen proje, kamuoyuna &#8220;rekreasyon alan\u0131&#8221; olarak tan\u0131t\u0131lm\u0131\u015f; ancak yasa ve y\u00f6netmeliklere ayk\u0131r\u0131 y\u00fcr\u00fct\u00fclen planlama s\u00fcrecinde do\u011fal sit alan\u0131n\u0131n gerekliliklerine z\u0131t plan kararlar\u0131 ile haz\u0131rlanm\u0131\u015f olmas\u0131 gerek\u00e7esiyle \u015eehir Planc\u0131lar\u0131 Odas\u0131 taraf\u0131ndan proje yarg\u0131ya ta\u015f\u0131nm\u0131\u015ft\u0131.<\/p>\n<p style=\"text-align: justify;\">\u015eehir Planc\u0131lar\u0131, Marmara Denizi ile Kurba\u011fal\u0131dere\u2018nin birle\u015fti\u011fi noktada, il\u00e7enin tek a\u00e7\u0131k alan\u0131 olan Ku\u015fdili \u00c7ay\u0131r\u0131\u2018n\u0131n \u0130stanbul B\u00fcy\u00fck\u015fehir Belediyesi taraf\u0131ndan nitelikli dinlenme alan\u0131 ve ye\u015fil alan olarak il\u00e7e halk\u0131na kazand\u0131r\u0131lmas\u0131 gerekti\u011fini savunurken; Belediye bu m\u00fclk\u00fc satmaya karar verdi.<\/p>\n<p style=\"text-align: justify;\">\u015eehir Planc\u0131lar\u0131 Odas\u0131 konu \u00fczerine yapt\u0131\u011f\u0131 a\u00e7\u0131klamada \u015funlar\u0131 s\u00f6yledi: \u201cOdam\u0131zca \u0131srarla vurguland\u0131\u011f\u0131 \u00fczere; kamu m\u00fclk\u00fc alanlar, kentlilerin ortak mal\u0131d\u0131r ve devlet kurumlar\u0131 taraf\u0131ndan mutlaka korunmas\u0131 gerekmektedir. Kamuya ait olan ve kentsel donat\u0131 olarak kullan\u0131lan alanlar\u0131n, belediyelerce plan de\u011fi\u015fikli\u011fi yap\u0131larak sat\u0131lmas\u0131; \u015fehircilik ilkeleri ve planlama bilimi a\u00e7\u0131s\u0131ndan kabul edilebilir bir yakla\u015f\u0131m de\u011fildir. Bu ama\u00e7la yap\u0131lan imar plan\u0131 de\u011fi\u015fiklikleri, planlama disiplininin \u00f6z\u00fcne, yasal tan\u0131m\u0131na ve usullerine a\u00e7\u0131k\u00e7a ayk\u0131r\u0131d\u0131r.<\/p>\n<p style=\"text-align: justify;\">Umar\u0131z ki; Ku\u015fdili \u00c7ay\u0131r\u0131`nda kamu ad\u0131na elde etti\u011fimiz bu olumlu sonu\u00e7, emsal te\u015fkil edecek olup, kamu arazilerinin usuls\u00fcz sat\u0131\u015flar\u0131na, yasalara ayk\u0131r\u0131 yap\u0131lan plan de\u011fi\u015fikliklerine ve kamu m\u00fclk\u00fc alanlara rant mekan\u0131 olarak bak\u0131lmas\u0131na bir son verecektir. Kent y\u00f6neticilerine bir kez daha hat\u0131rlatmak gerekir: \u0130stanbul`un yeni rant alanlar\u0131na de\u011fil, nefes al\u0131nacak ye\u015fil alanlara, deprem riskine kar\u015f\u0131 a\u00e7\u0131k alanlara, halk\u0131 bir araya getirecek kamusal mek\u00e2nlara ihtiyac\u0131 vard\u0131r.\u201d<\/p>\n<p style=\"text-align: justify;\"><a href=\"http:\/\/www.odatv.com\/n.php?n=kadir-topbas-sali-pazarini-yine-satamadi--0402111200\" target=\"_blank\">Kaynak : Odatv.com<\/a><\/p>\n","protected":false},"excerpt":{"rendered":"<p style=\"text-align: center;\">\n<p style=\"text-align: justify;\">Dan\u0131\u015ftay 6. Dairesi, Kad\u0131k\u00f6y Ku\u015fdili \u00c7ay\u0131r\u0131`nda (Sal\u0131pazar\u0131) Ta\u015fyap\u0131 A.\u015e. taraf\u0131ndan geli\u015ftirilen Koruma Ama\u00e7l\u0131 Naz\u0131m ve Uygulama \u0130mar Planlar\u0131 ve Ku\u015fdili \u00c7ay\u0131r\u0131 Kentsel Tasar\u0131m Projesi`ne kar\u015f\u0131 \u015eehir Planc\u0131lar\u0131 Oadas\u0131\u2019n\u0131n a\u00e7t\u0131\u011f\u0131 davada, \u0130stanbul 2. \u0130dare Mahkemesi`nin 13.10.2009 tarihli iptal karar\u0131n\u0131 onad\u0131. \u0130BB taraf\u0131ndan 17.08.2007 tarihinde tasdik edilen ve Oda taraf\u0131ndan 06.12.2007 tarihinde <\/p>\n","protected":false},"author":1,"featured_media":0,"comment_status":"open","ping_status":"closed","sticky":false,"template":"","format":"standard","meta":{"footnotes":""},"categories":[105],"tags":[],"class_list":["post-27688","post","type-post","status-publish","format-standard","hentry","category-gundem","odd"],"_links":{"self":[{"href":"http:\/\/www.korhanyilmaz.com\/index.php?rest_route=\/wp\/v2\/posts\/27688","targetHints":{"allow":["GET"]}}],"collection":[{"href":"http:\/\/www.korhanyilmaz.com\/index.php?rest_route=\/wp\/v2\/posts"}],"about":[{"href":"http:\/\/www.korhanyilmaz.com\/index.php?rest_route=\/wp\/v2\/types\/post"}],"author":[{"embeddable":true,"href":"http:\/\/www.korhanyilmaz.com\/index.php?rest_route=\/wp\/v2\/users\/1"}],"replies":[{"embeddable":true,"href":"http:\/\/www.korhanyilmaz.com\/index.php?rest_route=%2Fwp%2Fv2%2Fcomments&post=27688"}],"version-history":[{"count":0,"href":"http:\/\/www.korhanyilmaz.com\/index.php?rest_route=\/wp\/v2\/posts\/27688\/revisions"}],"wp:attachment":[{"href":"http:\/\/www.korhanyilmaz.com\/index.php?rest_route=%2Fwp%2Fv2%2Fmedia&parent=27688"}],"wp:term":[{"taxonomy":"category","embeddable":true,"href":"http:\/\/www.korhanyilmaz.com\/index.php?rest_route=%2Fwp%2Fv2%2Fcategories&post=27688"},{"taxonomy":"post_tag","embeddable":true,"href":"http:\/\/www.korhanyilmaz.com\/index.php?rest_route=%2Fwp%2Fv2%2Ftags&post=27688"}],"curies":[{"name":"wp","href":"https:\/\/api.w.org\/{rel}","templated":true}]}}