{"id":27680,"date":"2011-02-04T12:02:23","date_gmt":"2011-02-04T10:02:23","guid":{"rendered":"http:\/\/www.korhanyilmaz.com\/?p=27680"},"modified":"2011-02-04T12:02:23","modified_gmt":"2011-02-04T10:02:23","slug":"diz-cokmek-degil-fotograf-cekmek-suc-oldu","status":"publish","type":"post","link":"http:\/\/www.korhanyilmaz.com\/?p=27680","title":{"rendered":"Diz \u00e7\u00f6kmek de\u011fil foto\u011fraf \u00e7ekmek su\u00e7 oldu.."},"content":{"rendered":"<p style=\"text-align: justify;\"><a href=\"http:\/\/www.korhanyilmaz.com\/wp-content\/uploads\/2011\/02\/090.jpg\"  class=\"lightview\"><img loading=\"lazy\" decoding=\"async\" class=\"aligncenter size-full wp-image-27682\" src=\"http:\/\/www.korhanyilmaz.com\/wp-content\/uploads\/2011\/02\/090.jpg\" alt=\"\" width=\"427\" height=\"225\" \/><\/a><\/p>\n<p style=\"text-align: justify;\">TRT\u2019nin Anadolu Ajans\u0131 ile ba\u011flar\u0131n\u0131 kopard\u0131\u011f\u0131 haberi d\u00fcn ak\u015fam saatlerinde g\u00fcndeme bomba gibi d\u00fc\u015ft\u00fc.<\/p>\n<p style=\"text-align: justify;\">TRT\u2019nin ald\u0131\u011f\u0131 karar\u0131n nedeni ise ajans\u0131n ge\u00e7ti\u011fi bir foto\u011fraf karesi.<\/p>\n<p style=\"text-align: justify;\">Foto\u011frafta TRT Genel M\u00fcd\u00fcr\u00fc \u0130brahim \u015eahin, \u0130\u00e7i\u015fleri Bakan\u0131 Be\u015fir Atalay ve Adalet Bakan\u0131 Sadullah Ergin \u00f6n\u00fcnde diz \u00e7\u00f6km\u00fc\u015f olarak g\u00f6r\u00fcn\u00fcrken, s\u00f6z konusu foto\u011fraf\u0131 S\u00f6zc\u00fc Gazetesi \u201cTRT Diz \u00c7\u00f6kt\u00fc\u201d ba\u015fl\u0131\u011f\u0131 ile vermi\u015fti. <!--more--><\/p>\n<p style=\"text-align: justify;\">Foto\u011fraf\u0131n kayna\u011f\u0131, Anadolu Ajans\u0131 olunca, TRT Genel M\u00fcd\u00fcr \u0130brahim \u015eahin, Anadolu ajans\u0131 ile ba\u011flar\u0131 koparma karar\u0131 ald\u0131. TRT bundan sonra ajans\u0131n haberlerini kullanmayacak.<\/p>\n<p style=\"text-align: justify;\">TRT\u2019nin bu karar\u0131, bir kez daha kanal\u0131n nas\u0131l y\u00f6netildi\u011fini tart\u0131\u015fmal\u0131 hale getirdi. Zira Anadolu Ajans\u0131, Cumhuriyet\u2019ten bile eski olan ve varl\u0131\u011f\u0131n\u0131 Milli M\u00fccadele d\u00f6neminde, Kurtulu\u015f Sava\u015f\u0131\u2019n\u0131 duyurmas\u0131yla g\u00f6stermi\u015f bir kurulu\u015f.<\/p>\n<p style=\"text-align: justify;\">T\u00fcrkiye B\u00fcy\u00fck Millet Meclisi a\u00e7\u0131lmadan 17 g\u00fcn \u00f6nce 6 Nisan 1920\u2019de kurulan Anadolu Ajans\u0131, devleti kuran bu kurumun \u00e7\u0131kard\u0131\u011f\u0131 ilk yasalar\u0131 duyurdu; Milli M\u00fccadelenin ve Kurtulu\u015f Sava\u015f\u0131\u2019n\u0131n her a\u015famas\u0131na, Cumhuriyet devrimlerine tan\u0131kl\u0131k etti. Anadolu Ajans\u0131\u2019n\u0131 kuran bizzat Atat\u00fcrk idi. Ajans, Atat\u00fcrk\u2019\u00fcn her \u00e7al\u0131\u015fmas\u0131nda yan\u0131nda oldu; yurt gezilerini izledi, halka sesleni\u015fini, g\u00f6sterdi\u011fi hedefleri duyurdu; haberleriyle Atat\u00fcrk\u2019\u00fcn ger\u00e7ekle\u015ftirdi\u011fi devrimlerinin k\u00f6k salmas\u0131 i\u00e7in, \u00e7aba g\u00f6sterdi. Yunus Nadi Abal\u0131o\u011flu, Ru\u015fen E\u015fref \u00dcnayd\u0131n, Falih R\u0131fk\u0131 Atay gibi kalemler, Halide Edip Ad\u0131var, Yakup Kadri Karaosmano\u011flu gibi T\u00fcrk Edebiyat\u0131n\u0131n \u00f6nemli yazarlar\u0131 ve ara\u015ft\u0131rmac\u0131lar\u0131 Anadolu Ajans\u0131n\u0131n kurulu\u015fundan itibaren kurumda g\u00f6rev ald\u0131lar, onun geli\u015fmesi i\u00e7in u\u011fra\u015f verdiler.<\/p>\n<p style=\"text-align: justify;\"><a href=\"http:\/\/www.korhanyilmaz.com\/wp-content\/uploads\/2011\/02\/091.jpg\"  class=\"lightview\"><img loading=\"lazy\" decoding=\"async\" class=\"aligncenter size-full wp-image-27681\" src=\"http:\/\/www.korhanyilmaz.com\/wp-content\/uploads\/2011\/02\/091.jpg\" alt=\"\" width=\"450\" height=\"491\" \/><\/a><\/p>\n<p style=\"text-align: justify;\">\u0130\u015fte bu tarih ajans\u0131, bilim adamlar\u0131 ve d\u00fc\u015f\u00fcnce insanlar\u0131 i\u00e7in dahi birincil kaynak haline getirdi.<\/p>\n<p style=\"text-align: justify;\">Ancak TRT y\u00f6netimi genel m\u00fcd\u00fcr\u00fcn\u00fcn bakanlar kar\u015f\u0131s\u0131nda diz \u00e7\u00f6km\u00fc\u015f foto\u011fraf\u0131n\u0131 bast\u0131\u011f\u0131 i\u00e7in ajans ile ba\u011flar\u0131n\u0131 keserek devlet gelene\u011fine ne kadar yabanc\u0131 oldu\u011funu bir kez daha ortaya koydu. Zira Anadolu Ajans\u0131, T\u00fcrkiye Cumhuriyeti\u2019nin \u00f6nemli bir miras\u0131yd\u0131. Ancak devlet kurumunun m\u00fcd\u00fcr\u00fc diz \u00e7\u00f6kmeyi de\u011fil bunun foto\u011fraf\u0131n\u0131 sak\u0131ncal\u0131 bulunca; devletin kanal\u0131, ajans ile ba\u011f\u0131n\u0131 kopard\u0131. Bu durum T\u00fcrkiye tarihinde bir ilki olu\u015ftururken, ya\u015fanan geli\u015fmeler merakla bekleniyor.<\/p>\n<p style=\"text-align: justify;\"><a href=\"http:\/\/www.odatv.com\/n.php?n=diz-cokmek-degil-fotograf-cekmek-suc-oldu--0402111200\" target=\"_blank\"><span style=\"color: #888888;\">Kaynak : Odatv.com<\/span><\/a><\/p>\n","protected":false},"excerpt":{"rendered":"<p style=\"text-align: justify;\">\n<p style=\"text-align: justify;\">TRT\u2019nin Anadolu Ajans\u0131 ile ba\u011flar\u0131n\u0131 kopard\u0131\u011f\u0131 haberi d\u00fcn ak\u015fam saatlerinde g\u00fcndeme bomba gibi d\u00fc\u015ft\u00fc.<\/p>\n<p style=\"text-align: justify;\">TRT\u2019nin ald\u0131\u011f\u0131 karar\u0131n nedeni ise ajans\u0131n ge\u00e7ti\u011fi bir foto\u011fraf karesi.<\/p>\n<p style=\"text-align: justify;\">Foto\u011frafta TRT Genel M\u00fcd\u00fcr\u00fc \u0130brahim \u015eahin, \u0130\u00e7i\u015fleri Bakan\u0131 Be\u015fir Atalay ve Adalet Bakan\u0131 Sadullah Ergin \u00f6n\u00fcnde diz \u00e7\u00f6km\u00fc\u015f olarak g\u00f6r\u00fcn\u00fcrken, s\u00f6z konusu <\/p>\n","protected":false},"author":1,"featured_media":0,"comment_status":"open","ping_status":"closed","sticky":false,"template":"","format":"standard","meta":{"footnotes":""},"categories":[105],"tags":[],"class_list":["post-27680","post","type-post","status-publish","format-standard","hentry","category-gundem","odd"],"_links":{"self":[{"href":"http:\/\/www.korhanyilmaz.com\/index.php?rest_route=\/wp\/v2\/posts\/27680","targetHints":{"allow":["GET"]}}],"collection":[{"href":"http:\/\/www.korhanyilmaz.com\/index.php?rest_route=\/wp\/v2\/posts"}],"about":[{"href":"http:\/\/www.korhanyilmaz.com\/index.php?rest_route=\/wp\/v2\/types\/post"}],"author":[{"embeddable":true,"href":"http:\/\/www.korhanyilmaz.com\/index.php?rest_route=\/wp\/v2\/users\/1"}],"replies":[{"embeddable":true,"href":"http:\/\/www.korhanyilmaz.com\/index.php?rest_route=%2Fwp%2Fv2%2Fcomments&post=27680"}],"version-history":[{"count":0,"href":"http:\/\/www.korhanyilmaz.com\/index.php?rest_route=\/wp\/v2\/posts\/27680\/revisions"}],"wp:attachment":[{"href":"http:\/\/www.korhanyilmaz.com\/index.php?rest_route=%2Fwp%2Fv2%2Fmedia&parent=27680"}],"wp:term":[{"taxonomy":"category","embeddable":true,"href":"http:\/\/www.korhanyilmaz.com\/index.php?rest_route=%2Fwp%2Fv2%2Fcategories&post=27680"},{"taxonomy":"post_tag","embeddable":true,"href":"http:\/\/www.korhanyilmaz.com\/index.php?rest_route=%2Fwp%2Fv2%2Ftags&post=27680"}],"curies":[{"name":"wp","href":"https:\/\/api.w.org\/{rel}","templated":true}]}}