{"id":27675,"date":"2011-02-04T03:25:09","date_gmt":"2011-02-04T01:25:09","guid":{"rendered":"http:\/\/www.korhanyilmaz.com\/?p=27675"},"modified":"2011-02-04T03:25:09","modified_gmt":"2011-02-04T01:25:09","slug":"halk-tv-kapanisinin-arkasindaki-asil-gercek","status":"publish","type":"post","link":"http:\/\/www.korhanyilmaz.com\/?p=27675","title":{"rendered":"HALK TV kapan\u0131\u015f\u0131n\u0131n arkas\u0131ndaki as\u0131l ger\u00e7ek"},"content":{"rendered":"<p style=\"text-align: center;\"><a href=\"http:\/\/www.korhanyilmaz.com\/wp-content\/uploads\/2011\/02\/089.jpg\"  class=\"lightview\"><img loading=\"lazy\" decoding=\"async\" class=\"aligncenter size-full wp-image-27676\" src=\"http:\/\/www.korhanyilmaz.com\/wp-content\/uploads\/2011\/02\/089.jpg\" alt=\"\" width=\"419\" height=\"203\" \/><\/a><strong><\/strong><\/p>\n<p style=\"text-align: justify;\"><strong>Halk TV&#8217;nin ger\u00e7ek sahibi kim?<\/strong><\/p>\n<p style=\"text-align: justify;\">CHP&#8217;nin kanal\u0131 olarak bilinen Halk TV sessiz sedas\u0131z kapand\u0131.<\/p>\n<p style=\"text-align: justify;\">\u00c7al\u0131\u015fanlar duygusal bir a\u00e7\u0131klama yaparak \u015f\u00f6yle bir sitemde bulundu:<\/p>\n<p style=\"text-align: justify;\">&#8220;Filler tepinirken \u00e7imenler mi ezildi? Ama \u015funu iyi biliyoruz ki y\u00f6netimde k\u00fc\u00e7\u00fck bir de\u011fi\u015fimle ya da y\u00f6netime k\u00fc\u00e7\u00fck bir takviyeyle f\u0131rt\u0131na gibi olabilecek bir kanal karard\u0131. <!--more--><\/p>\n<p style=\"text-align: justify;\">Biz mi \u00e7ok k\u00f6t\u00fcyd\u00fck? Yoksa y\u00f6netici diye se\u00e7tikleri mi? Daha anlayamad\u0131k.<\/p>\n<p style=\"text-align: justify;\">T\u00fcrkiye`nin yollar\u0131n\u0131n \u00e7atalland\u0131\u011f\u0131 bir kav\u015fakta hem.<\/p>\n<p style=\"text-align: justify;\">Herkesin T\u00fcrkiye`ye sald\u0131rd\u0131\u011f\u0131 bir cad\u0131 kazan\u0131 b\u00f6lgenin ortas\u0131nda.<\/p>\n<p style=\"text-align: justify;\">Se\u00e7imlere birka\u00e7 ay kalm\u0131\u015fken.<\/p>\n<p style=\"text-align: justify;\">T\u00fcrkiye g\u00f6\u00e7\u00fcyorken!<\/p>\n<p style=\"text-align: justify;\">Hukuk, yarg\u0131, ekonomi, hepsinden \u00f6nemlisi insan\u0131m\u0131z\u0131n bilinci halla\u00e7 pamu\u011fu gibi at\u0131l\u0131yorken!<\/p>\n<p style=\"text-align: justify;\">Gerici kanallar sabah\u0131n k\u00f6r\u00fcnden gece yar\u0131lar\u0131na dek k\u00f6p\u00fckler sa\u00e7arak halk\u0131 kand\u0131r\u0131rken.&#8221;<\/p>\n<p style=\"text-align: justify;\">\u00c7al\u0131\u015fanlar  ger\u00e7e\u011fi bilmiyordu.<\/p>\n<p style=\"text-align: justify;\">Ne oldu\u011funu anlamam\u0131\u015flard\u0131.<\/p>\n<p style=\"text-align: justify;\">\u015eimdi \u00e7al\u0131\u015fanlar soruyor:<\/p>\n<p style=\"text-align: justify;\">&#8220;Gidiyoruz&#8230;<\/p>\n<p style=\"text-align: justify;\">Neye, kime k\u0131zaca\u011f\u0131m\u0131z\u0131 bilmeyerek&#8230;<\/p>\n<p style=\"text-align: justify;\">Ne oldu\u011funu daha anlamayarak.<\/p>\n<p style=\"text-align: justify;\">Olanlara, haz\u0131r bir kanal\u0131n b\u00f6yle tuhaf bi\u00e7imde b\u0131rak\u0131labilece\u011fine inanamayarak!<\/p>\n<p style=\"text-align: justify;\">&#8216;\u00dclkemiz elden gidiyor. Se\u00e7imlere \u00fc\u00e7 be\u015f ay kald\u0131, akl\u0131n\u0131z\u0131 m\u0131 ka\u00e7\u0131rd\u0131n\u0131z?&#8217; diye a\u011flayarak arayan izleyicilerimize birka\u00e7 k\u0131r\u0131k s\u00f6zden ba\u015fka bir \u015fey s\u00f6yleyemeyecek buru\u015fuklukta bir sesle.&#8221;<\/p>\n<p style=\"text-align: justify;\"><strong>GER\u00c7EK NEYD\u0130<\/strong><\/p>\n<p style=\"text-align: justify;\">Meseleyi ayd\u0131nlatmak yine Odatv&#8217;ye d\u00fc\u015f\u00fcyor.<\/p>\n<p style=\"text-align: justify;\">\u00d6ncelikle belirtmemiz gerekiyor ki:<\/p>\n<p style=\"text-align: justify;\">Ortada &#8220;fillerin tepinmesi&#8221; yok&#8230;<\/p>\n<p style=\"text-align: justify;\">\u00d6nce:<\/p>\n<p style=\"text-align: justify;\">TV maceras\u0131n\u0131n nas\u0131l ba\u015flad\u0131\u011f\u0131n\u0131 anlatal\u0131m.<\/p>\n<p style=\"text-align: justify;\">Ba\u015f\u0131ndan beri d\u00f6nemin genel sekreteri \u00d6nder Sav&#8217;\u0131n t\u00fcm kar\u015f\u0131 \u00e7\u0131kmalar\u0131na ra\u011fmen, bir Baykal projesi olarak geli\u015fen Halk TV, Baykal&#8217;\u0131n genel ba\u015fkanl\u0131ktan uzakla\u015fmas\u0131yla, g\u00f6zden de g\u00f6n\u00fcllerden de \u0131rak d\u00fc\u015ft\u00fc&#8230; Baykal&#8217;\u0131n ba\u015far\u0131s\u0131z TV projesini  yeni y\u00f6netim sahiplenmek istemedi&#8230;<\/p>\n<p style=\"text-align: justify;\">Zaten &#8220;anayasa gere\u011fi&#8221; TV sahibi olmak bir parti i\u00e7in kapatma nedeniydi&#8230; Dolamba\u00e7l\u0131 yollar, etik de\u011fildi&#8230;<\/p>\n<p style=\"text-align: justify;\">Ama en \u00f6nemlisi, parti kontrol\u00fcndeki medyadan asla bir \u015fey olmazd\u0131. \u0130nand\u0131r\u0131c\u0131 de\u011fildi \u00e7\u00fcnk\u00fc&#8230;.<\/p>\n<p style=\"text-align: justify;\">CHP&#8217;nin yeni y\u00f6netimi bu &#8220;hastal\u0131kl\u0131 yap\u0131&#8221;dan kurtulma yanl\u0131s\u0131yd\u0131&#8230;<\/p>\n<p style=\"text-align: justify;\">Bu i\u015f profesyonelce yap\u0131lmal\u0131yd\u0131. Hem sermayesi, hem editoryal y\u00f6netimi ba\u011f\u0131ms\u0131z olmal\u0131yd\u0131&#8230;<\/p>\n<p style=\"text-align: justify;\">Bu durum Baykal&#8217;a dobra dobra s\u00f6ylendi:<\/p>\n<p style=\"text-align: justify;\">&#8220;Biz bu i\u015fi b\u00f6yle devam ettirmeyece\u011fiz. Siz de e\u015finizin akrabalar\u0131 (ki y\u00f6netim kurulu ba\u015fkan\u0131 Deniz Baykal&#8217;\u0131n bald\u0131z\u0131 Acun Han\u0131m&#8217;\u0131n o\u011flu Haluk Ak\u0131ltopu idi) ve kontrol\u00fcn\u00fczdeki g\u00f6stermelik ortaklar \u00fczerinde (Be\u015f ortak da Antalyal\u0131)  kurdu\u011funuz bu TV&#8217;den vazge\u00e7in. Biz bu ge\u00e7i\u015f d\u00f6neminde size yard\u0131mc\u0131 olal\u0131m, bu i\u015fi gelin profesyonel ellere devredelim, biz parti olarak elimizi \u00e7ekelim. Tabii, \u00e7a\u011fda\u015f Atat\u00fcrk\u00e7\u00fc \u00e7izgiye uygun ellere teslim edelim..&#8221; Baykal bu teklifi getiren genel ba\u015fkan yard\u0131mc\u0131s\u0131n\u0131 odas\u0131ndan kovdu. &#8220;Ne hakla&#8221; diyordu, &#8220;bana b\u00f6yle bir teklifi getirirsiniz.&#8221;<\/p>\n<p style=\"text-align: justify;\">Bu tav\u0131r kar\u015f\u0131s\u0131nda CHP y\u00f6netimi Halk TV ile ili\u015fkisini tamamen kopard\u0131.<\/p>\n<p style=\"text-align: justify;\">\u0130pler Baykal&#8217;\u0131n elindeydi, TV&#8217;nin as\u0131l sahibi oydu.<\/p>\n<p style=\"text-align: justify;\">Ve ne yaz\u0131k ki ba\u015fta \u015eamilim Tayyar\u0131m olmak \u00fczere yanda\u015flar bilmiyordu ki  Halk TV CHP&#8217;nin de\u011fil Baykal&#8217;\u0131n kanal\u0131yd\u0131.<\/p>\n<p style=\"text-align: justify;\"><strong>GAZETEC\u0130LER TAL\u0130P <\/strong><\/p>\n<p style=\"text-align: justify;\">Halk TV&#8217;nin ya\u015famas\u0131n\u0131 isteyen baz\u0131 gazeteciler yan yana geldi, Baykal&#8217;\u0131n kap\u0131s\u0131n\u0131 \u00e7ald\u0131.<\/p>\n<p style=\"text-align: justify;\">Baykal&#8217;dan kanal\u0131 bor\u00e7lar\u0131 (yakla\u015f\u0131k 1 milyon dolar) kar\u015f\u0131l\u0131\u011f\u0131 istediler.  B\u00f6ylece personelin bor\u00e7lar\u0131 \u00f6denecek, g\u00f6stermelik hisse sahipleri de kald\u0131ramayacaklar\u0131 bor\u00e7 y\u00fck\u00fcnden kurtulacaklard\u0131. \u00dcstelik kar\u015f\u0131s\u0131ndaki gazeteciler Baykal&#8217;\u0131n siyasi \u00e7izgi olarak g\u00fcvenece\u011fi gazetecilerdi.<\/p>\n<p style=\"text-align: justify;\">Baykal sat\u0131\u015fa kesinlikle kar\u015f\u0131yd\u0131. Kiralama olabilirdi. Ancak onun i\u00e7in de \u015fart\u0131 bor\u00e7lar \u00f6denecek ve 2 y\u0131l sonuna 2 milyon dolarl\u0131k teminat mektubu verilecekti.<\/p>\n<p style=\"text-align: justify;\">Gazeteciler \u015fa\u015f\u0131rd\u0131. Bu kadar para onlarda yoktu. Ayr\u0131ca b\u00f6yle bir ticari anla\u015fma reel de\u011fildi.<\/p>\n<p style=\"text-align: justify;\">Gazeteciler kiralama de\u011fil, sat\u0131n almakta kararl\u0131yd\u0131.<\/p>\n<p style=\"text-align: justify;\">Baykal satmak isterse \u00e7ok b\u00fcy\u00fck bir para kar\u015f\u0131l\u0131\u011f\u0131 sataca\u011f\u0131n\u0131 s\u00f6yledi.  \u0130fade etti\u011fi rakamlar 7 milyon dolara yak\u0131nd\u0131!<\/p>\n<p style=\"text-align: justify;\">Halk TV, geliri olmayan, \u015fi\u015fkin bir personeli olan, elektrik paras\u0131n\u0131 \u00f6deyemeyen; tuvatlerine girilemeyen, Digit\u00fcrk&#8217;ten at\u0131lm\u0131\u015f vs bir kanald\u0131 ve Baykal hayat\u0131n ger\u00e7e\u011fine hi\u00e7 uymayan paralar telaffuz ediyordu.<\/p>\n<p style=\"text-align: justify;\">\u00dcstelik gazeteciler d\u0131\u015f\u0131nda Halk TV&#8217;ye al\u0131c\u0131 da yoktu.<\/p>\n<p style=\"text-align: justify;\">Ama&#8230;<\/p>\n<p style=\"text-align: justify;\">Baykal yine de &#8220;hay\u0131r&#8221; dedi.<\/p>\n<p style=\"text-align: justify;\">\u00c7\u00fcnk\u00fc beklentisi bamba\u015fkayd\u0131:<\/p>\n<p style=\"text-align: justify;\">Baykal Haziran 2011 se\u00e7imlerinden sonra tekrar CHP&#8217;nin kontrol\u00fcn\u00fc ele ge\u00e7irece\u011fine inan\u0131yordu. Hatta, 2012&#8217;de Erdo\u011fan&#8217;a kar\u015f\u0131 cumhurba\u015fkanl\u0131\u011f\u0131-ba\u015fkanl\u0131k se\u00e7imlerinde aday olma veya genel ba\u015fkanl\u0131kta kalma e\u011filimindeydi&#8230; Olmazsa tekrar parti kurup, Halk TV&#8217;yi de kendisi i\u00e7in \u00e7al\u0131\u015ft\u0131rma e\u011filimindeydi&#8230;Bu nedenle Halk Tv, ya kendi kontrol\u00fcnde olmal\u0131yd\u0131 ya da yok olup gitmeliydi.<\/p>\n<p style=\"text-align: justify;\">Sonu\u00e7?<\/p>\n<p style=\"text-align: justify;\">Baykal&#8217;\u0131n dedi\u011fi oldu: Halk TV tarihe kar\u0131\u015ft\u0131. Hem de b\u00f6ylesine bir d\u00f6nemde&#8230;<\/p>\n<p style=\"text-align: justify;\">\u0130nsana yazarken bile ac\u0131 veren Halk TV&#8217;nin kapan\u0131\u015f \u00f6yk\u00fcs\u00fc budur i\u015fte.<\/p>\n<p style=\"text-align: justify;\"><a href=\"http:\/\/www.odatv.com\/n.php?n=halk-tv-kapanisinin-arkasindaki-asil-gercek...--0402111200\" target=\"_blank\"><span style=\"color: #888888;\">Kaynak : Ayhan Bozkurt &#8211;\u00a0 Odatv.com<\/span><\/a><\/p>\n","protected":false},"excerpt":{"rendered":"<p style=\"text-align: center;\">\n<p style=\"text-align: justify;\">Halk TV&#8217;nin ger\u00e7ek sahibi kim?<\/p>\n<p style=\"text-align: justify;\">CHP&#8217;nin kanal\u0131 olarak bilinen Halk TV sessiz sedas\u0131z kapand\u0131.<\/p>\n<p style=\"text-align: justify;\">\u00c7al\u0131\u015fanlar duygusal bir a\u00e7\u0131klama yaparak \u015f\u00f6yle bir sitemde bulundu:<\/p>\n<p style=\"text-align: justify;\">&#8220;Filler tepinirken \u00e7imenler mi ezildi? Ama \u015funu iyi biliyoruz ki y\u00f6netimde k\u00fc\u00e7\u00fck bir de\u011fi\u015fimle ya da y\u00f6netime k\u00fc\u00e7\u00fck bir takviyeyle f\u0131rt\u0131na <\/p>\n","protected":false},"author":1,"featured_media":0,"comment_status":"open","ping_status":"closed","sticky":false,"template":"","format":"standard","meta":{"footnotes":""},"categories":[105],"tags":[],"class_list":["post-27675","post","type-post","status-publish","format-standard","hentry","category-gundem","odd"],"_links":{"self":[{"href":"http:\/\/www.korhanyilmaz.com\/index.php?rest_route=\/wp\/v2\/posts\/27675","targetHints":{"allow":["GET"]}}],"collection":[{"href":"http:\/\/www.korhanyilmaz.com\/index.php?rest_route=\/wp\/v2\/posts"}],"about":[{"href":"http:\/\/www.korhanyilmaz.com\/index.php?rest_route=\/wp\/v2\/types\/post"}],"author":[{"embeddable":true,"href":"http:\/\/www.korhanyilmaz.com\/index.php?rest_route=\/wp\/v2\/users\/1"}],"replies":[{"embeddable":true,"href":"http:\/\/www.korhanyilmaz.com\/index.php?rest_route=%2Fwp%2Fv2%2Fcomments&post=27675"}],"version-history":[{"count":0,"href":"http:\/\/www.korhanyilmaz.com\/index.php?rest_route=\/wp\/v2\/posts\/27675\/revisions"}],"wp:attachment":[{"href":"http:\/\/www.korhanyilmaz.com\/index.php?rest_route=%2Fwp%2Fv2%2Fmedia&parent=27675"}],"wp:term":[{"taxonomy":"category","embeddable":true,"href":"http:\/\/www.korhanyilmaz.com\/index.php?rest_route=%2Fwp%2Fv2%2Fcategories&post=27675"},{"taxonomy":"post_tag","embeddable":true,"href":"http:\/\/www.korhanyilmaz.com\/index.php?rest_route=%2Fwp%2Fv2%2Ftags&post=27675"}],"curies":[{"name":"wp","href":"https:\/\/api.w.org\/{rel}","templated":true}]}}