{"id":27670,"date":"2011-02-04T11:23:07","date_gmt":"2011-02-04T09:23:07","guid":{"rendered":"http:\/\/www.korhanyilmaz.com\/?p=27670"},"modified":"2011-02-04T11:23:07","modified_gmt":"2011-02-04T09:23:07","slug":"sen-de-mi-yavru-vatan","status":"publish","type":"post","link":"http:\/\/www.korhanyilmaz.com\/?p=27670","title":{"rendered":"Sen de mi yavru vatan?"},"content":{"rendered":"<p style=\"text-align: center;\"><a href=\"http:\/\/www.korhanyilmaz.com\/wp-content\/uploads\/2011\/02\/087.jpg\"  class=\"lightview\"><img loading=\"lazy\" decoding=\"async\" class=\"aligncenter size-full wp-image-27671\" src=\"http:\/\/www.korhanyilmaz.com\/wp-content\/uploads\/2011\/02\/087.jpg\" alt=\"\" width=\"307\" height=\"236\" \/><\/a><\/p>\n<p style=\"text-align: justify;\">KKTC&#8217;de son d\u00f6nemde geli\u015fen T\u00fcrkiye kar\u015f\u0131t\u0131 eylemler Ba\u015fbakan Recep Tayyip Erdo\u011fan&#8217;\u0131 isyan ettirdi. KKTC&#8217;de G\u00fcney&#8217;le beraber provokatif eylemler yap\u0131ld\u0131\u011f\u0131n\u0131 s\u00f6yleyen Ba\u015fbakan, &#8220;Y\u00f6netim duyars\u0131z, Cumhurba\u015fkan\u0131 ve Ba\u015fbakan tavr\u0131n\u0131 net koymal\u0131. \u00dclkemizden beslenenlerin bu yola girmesi manidard\u0131r. Biz destekliyoruz. Bunun kar\u015f\u0131l\u0131\u011f\u0131 olmas\u0131 gerekmiyor mu?&#8221; diye konu\u015ftu. <!--more--><\/p>\n<p style=\"text-align: justify;\"><span style=\"text-decoration: underline;\"><em>Ak\u015fam gazetesinde \u0130smail K\u00fc\u00e7\u00fckkaya imzas\u0131yla yay\u0131mlanan haber \u015f\u00f6yle: <\/em><\/span><\/p>\n<p style=\"text-align: justify;\">Ba\u015fbakan Recep Tayyip Erdo\u011fan K\u0131rg\u0131zistan temaslar\u0131n\u0131n son g\u00fcn\u00fcnde beraberindeki bas\u0131n mensuplar\u0131na KKTC&#8217;de son d\u00f6nem ya\u015fanan geli\u015fmelerle ilgili \u00e7arp\u0131c\u0131 a\u00e7\u0131klamalar yapt\u0131.<\/p>\n<p style=\"text-align: justify;\">K\u0131br\u0131s&#8217;ta G\u00fcney&#8217;le beraber provokatif eylemlerin yap\u0131ld\u0131\u011f\u0131n\u0131, y\u00f6netimin duyars\u0131zl\u0131\u011f\u0131n\u0131n s\u00f6z konusu oldu\u011funu s\u00f6yleyen Erdo\u011fan &#8216;Cumhurba\u015fkan\u0131&#8217;ndan Ba\u015fbakan&#8217;a herkes tavr\u0131n\u0131 net koymal\u0131. \u00dclkemizden beslenenlerin bu yola girmesi manidard\u0131r. Biz destekliyoruz. Bunun kar\u015f\u0131l\u0131\u011f\u0131 olmas\u0131 gerekmiyor mu&#8217; diye konu\u015ftu. &#8216;Bize &#8216;defol&#8217; diyorlar. Yunanistan&#8217;\u0131n orada ne i\u015fi varsa T\u00fcrkiye&#8217;nin de stratejik olarak o i\u015fi var&#8217; diye tepki g\u00f6steren Erdo\u011fan&#8217;\u0131n s\u00f6zleri \u015f\u00f6yle:<\/p>\n<p style=\"text-align: justify;\"><strong>Y\u00f6netim tavr\u0131n\u0131 koysun <\/strong><\/p>\n<p style=\"text-align: justify;\">Kuzey K\u0131br\u0131s&#8217;ta son g\u00fcnlerde provokatif eylemler var. G\u00fcney&#8217;le beraber yap\u0131yorlar. Sonuncusu 28 Ocak&#8217;tayd\u0131. Bize &#8216;defol&#8217; diyorlar. Y\u00f6netimin duyars\u0131zl\u0131\u011f\u0131 var. Cumhurba\u015fkan\u0131&#8217;ndan Ba\u015fbakan&#8217;a kadar y\u00f6netimin tavr\u0131n\u0131 a\u00e7\u0131k ve net koymas\u0131 laz\u0131m.<\/p>\n<p style=\"text-align: justify;\"><strong>Utanmadan eylem yap\u0131yorlar <\/strong><\/p>\n<p style=\"text-align: justify;\">T\u00fcrkiye&#8217;ye kar\u015f\u0131 b\u00f6yle bir eyleme haklar\u0131 yoktur. En d\u00fc\u015f\u00fck memurlar\u0131 10 bin liraya yak\u0131n para al\u0131yor. En d\u00fc\u015f\u00fck maa\u015f alan ki\u015fi b\u00f6yle. Benim ba\u015fbakanl\u0131k m\u00fcste\u015far\u0131m\u0131n ald\u0131\u011f\u0131 5 milyar k\u00fcsur&#8230; Beyefendi 10 bin lira al\u0131yor bir de bu eylemi yap\u0131yor utanmadan. \u00dcstelik 13 maa\u015f al\u0131yorlar y\u0131lda. (Erdo\u011fan&#8217;\u0131n bu s\u00f6zleri ard\u0131ndan D\u0131\u015f Politika Ba\u015fdan\u0131\u015fman\u0131 \u0130brahim Kal\u0131n araya girererek &#8216;O indiriliyor&#8217; bilgisi verdi. Ba\u015fbakan Erdo\u011fan ise &#8216;Hay\u0131r Anayasa Mahkemesi iptal etti. Onun i\u00e7in de eylem yap\u0131yorlar&#8217; dedi. Erdo\u011fan, ayr\u0131nt\u0131lar\u0131yla konunun takip\u00e7isi oldu\u011funu g\u00f6sterdi.<\/p>\n<p style=\"text-align: justify;\"><strong>\u015eehidim var, sen kimsin? <\/strong><\/p>\n<p style=\"text-align: justify;\">&#8216;T\u00fcrkiye buradan \u00e7ek git&#8217; diyor. Sen kimsin be adam&#8230; \u015eehidim var gazim var, stratejik olarak ilgiliyim. K\u0131br\u0131s&#8217;ta Yunanistan&#8217;\u0131n ne i\u015fi varsa T\u00fcrkiye&#8217;nin K\u0131br\u0131s&#8217;ta stratejik olarak o i\u015fi var. \u00dclkemizden beslenenlerin bu yola girmesi manidard\u0131r. Biz destekliyoruz, bunun kar\u015f\u0131l\u0131\u011f\u0131n\u0131n olmas\u0131 gerekmiyor mu?<\/p>\n<p style=\"text-align: justify;\"><strong>\u00c7a\u011f\u0131r\u0131p kendisine soraca\u011f\u0131m <\/strong><\/p>\n<p style=\"text-align: justify;\">T\u00fcrkiye aleyhindeki eylemlere zemin haz\u0131rlanmas\u0131 kabul edilemez. Simdi bak\u0131yorum, benden randevu istiyor, \u00e7a\u011f\u0131r\u0131p kendisiyle konu\u015faca\u011f\u0131m, soraca\u011f\u0131z.<\/p>\n<p style=\"text-align: justify;\">Ankara ne paran\u0131 ne paketini ne de memurunu istemiyoruz!<\/p>\n<p style=\"text-align: justify;\">KKTC&#8217;de baz\u0131 sendikalar\u0131n olu\u015fturdu\u011fu Sendikal Platform&#8217;un, 28 Ocak&#8217;ta \u00fclke genelinde yapt\u0131\u011f\u0131 genel grev ve &#8221;toplumsal varolu\u015f mitingi&#8221;ne sivil toplum \u00f6rg\u00fctleri, siyasi partiler ve Rum kesimi de destek vermi\u015fti.<\/p>\n<p style=\"text-align: justify;\">Mitingde, K\u0131br\u0131s T\u00fcrk \u00d6\u011fretmenler  Sendikas\u0131&#8217;n\u0131n (KT\u00d6S) &#8221;Ankara ne paran\u0131 ne paketini ne de memurunu istemiyoruz!&#8221; pankart\u0131 ile di\u011fer baz\u0131 \u00f6rg\u00fctlerin T\u00fcrkiye kar\u015f\u0131t\u0131 pankart a\u00e7mas\u0131 \u00fczerine arbede ya\u015fanm\u0131\u015ft\u0131.<\/p>\n<p style=\"text-align: justify;\">Mitingde, KKTC Ba\u015fbakan\u0131 \u0130rsen K\u00fc\u00e7\u00fck&#8217;\u00fcn Ba\u015fbakan Erdo\u011fan&#8217;la birlikte foto\u011fraflar\u0131n\u0131n yer ald\u0131\u011f\u0131 pankartlar ve Rum bayra\u011f\u0131 da a\u00e7\u0131lm\u0131\u015ft\u0131. Mitingde yap\u0131lan konu\u015fmalarda da, h\u00fck\u00fcmetin ald\u0131\u011f\u0131 ekonomik tedbirler ele\u015ftirilerek, &#8221;Ulusal Birlik Partisi (UBP) h\u00fck\u00fcmetinin, AK Parti h\u00fck\u00fcmetinin dayatmalar\u0131n\u0131 \u00fclkede uygulamaya \u00e7al\u0131\u015ft\u0131\u011f\u0131&#8221; iddia edilmi\u015fti.<\/p>\n<p style=\"text-align: justify;\"><a href=\"http:\/\/www.cnnturk.com\/2011\/yazarlar\/02\/04\/sen.de.mi.yavru.vatan\/605673.0\/index.html\" target=\"_blank\"><span style=\"color: #888888;\">Kaynak : CNN T\u00dcRK<\/span><\/a><\/p>\n","protected":false},"excerpt":{"rendered":"<p style=\"text-align: center;\">\n<p style=\"text-align: justify;\">KKTC&#8217;de son d\u00f6nemde geli\u015fen T\u00fcrkiye kar\u015f\u0131t\u0131 eylemler Ba\u015fbakan Recep Tayyip Erdo\u011fan&#8217;\u0131 isyan ettirdi. KKTC&#8217;de G\u00fcney&#8217;le beraber provokatif eylemler yap\u0131ld\u0131\u011f\u0131n\u0131 s\u00f6yleyen Ba\u015fbakan, &#8220;Y\u00f6netim duyars\u0131z, Cumhurba\u015fkan\u0131 ve Ba\u015fbakan tavr\u0131n\u0131 net koymal\u0131. \u00dclkemizden beslenenlerin bu yola girmesi manidard\u0131r. Biz destekliyoruz. Bunun kar\u015f\u0131l\u0131\u011f\u0131 olmas\u0131 gerekmiyor mu?&#8221; diye konu\u015ftu. <\/p>\n","protected":false},"author":1,"featured_media":0,"comment_status":"open","ping_status":"closed","sticky":false,"template":"","format":"standard","meta":{"footnotes":""},"categories":[105],"tags":[],"class_list":["post-27670","post","type-post","status-publish","format-standard","hentry","category-gundem","odd"],"_links":{"self":[{"href":"http:\/\/www.korhanyilmaz.com\/index.php?rest_route=\/wp\/v2\/posts\/27670","targetHints":{"allow":["GET"]}}],"collection":[{"href":"http:\/\/www.korhanyilmaz.com\/index.php?rest_route=\/wp\/v2\/posts"}],"about":[{"href":"http:\/\/www.korhanyilmaz.com\/index.php?rest_route=\/wp\/v2\/types\/post"}],"author":[{"embeddable":true,"href":"http:\/\/www.korhanyilmaz.com\/index.php?rest_route=\/wp\/v2\/users\/1"}],"replies":[{"embeddable":true,"href":"http:\/\/www.korhanyilmaz.com\/index.php?rest_route=%2Fwp%2Fv2%2Fcomments&post=27670"}],"version-history":[{"count":0,"href":"http:\/\/www.korhanyilmaz.com\/index.php?rest_route=\/wp\/v2\/posts\/27670\/revisions"}],"wp:attachment":[{"href":"http:\/\/www.korhanyilmaz.com\/index.php?rest_route=%2Fwp%2Fv2%2Fmedia&parent=27670"}],"wp:term":[{"taxonomy":"category","embeddable":true,"href":"http:\/\/www.korhanyilmaz.com\/index.php?rest_route=%2Fwp%2Fv2%2Fcategories&post=27670"},{"taxonomy":"post_tag","embeddable":true,"href":"http:\/\/www.korhanyilmaz.com\/index.php?rest_route=%2Fwp%2Fv2%2Ftags&post=27670"}],"curies":[{"name":"wp","href":"https:\/\/api.w.org\/{rel}","templated":true}]}}