{"id":27666,"date":"2011-02-04T11:40:58","date_gmt":"2011-02-04T09:40:58","guid":{"rendered":"http:\/\/www.korhanyilmaz.com\/?p=27666"},"modified":"2011-02-04T11:40:58","modified_gmt":"2011-02-04T09:40:58","slug":"tekin-basbakan-misira-ders-veriyor-ama","status":"publish","type":"post","link":"http:\/\/www.korhanyilmaz.com\/?p=27666","title":{"rendered":"Tekin: &#8220;Ba\u015fbakan M\u0131s\u0131r&#8217;a ders veriyor ama&#8230;&#8221;"},"content":{"rendered":"<p style=\"text-align: justify;\"><a href=\"http:\/\/www.korhanyilmaz.com\/wp-content\/uploads\/2011\/02\/086.jpg\"  class=\"lightview\"><img loading=\"lazy\" decoding=\"async\" class=\"aligncenter size-full wp-image-27667\" src=\"http:\/\/www.korhanyilmaz.com\/wp-content\/uploads\/2011\/02\/086.jpg\" alt=\"\" width=\"292\" height=\"201\" \/><\/a><\/p>\n<p style=\"text-align: justify;\">CHP Genel Ba\u015fkan Yard\u0131mc\u0131s\u0131 G\u00fcrsel Tekin, d\u00fcn ger\u00e7ekle\u015ftirilen &#8216;Torba Yasa Tasar\u0131&#8217;s\u0131 protestosuna yap\u0131lan m\u00fcdahaleyi ele\u015ftirerek, &#8220;Say\u0131n Ba\u015fbakan\u0131m\u0131z M\u0131s\u0131r&#8217;daki y\u00f6neticilere ders verirken, ayn\u0131 uygulamay\u0131 burada yapmas\u0131 deh\u015fet verici&#8221; dedi.<\/p>\n<p style=\"text-align: justify;\">Tekin, Yenimahalle&#8217;de bulunan Ankara Toptanc\u0131 Hali&#8217;ni ziyaret ederek, esnafla g\u00f6r\u00fc\u015ft\u00fc. <!--more--><\/p>\n<p style=\"text-align: justify;\">Burada gazetecilerin sorular\u0131n\u0131 yan\u0131tlayan Tekin, OST\u0130M&#8217;de ya\u015fanan patlamalar\u0131n hat\u0131rlat\u0131lmas\u0131 \u00fczerine, \u015funlar\u0131 s\u00f6yledi:<\/p>\n<p style=\"text-align: justify;\">&#8220;Net bir bilgi olmad\u0131\u011f\u0131 i\u00e7in yorum yapmak do\u011fru olmaz. Ama bu T\u00fcrkiye&#8217;nin ya\u015fam\u0131\u015f oldu\u011fu manzaralar. Bu sadece OST\u0130M&#8217;de ya\u015fanan manzaralar de\u011fil. Daha \u00f6nce \u0130stanbul&#8217;da da bir\u00e7ok ilde de bu manzaralar ya\u015fand\u0131. \u0130n\u015fallah bu son olur. Burada \u00e7ok ciddi ihmallerin oldu\u011funu biliyoruz. \u00d6n\u00fcm\u00fczdeki g\u00fcnlerde bunlar\u0131n mutlaka teknik \u00f6zellikleri, hangi gerek\u00e7elerle neler olmu\u015f, denetlenmi\u015f mi denetlenmemi\u015f mi tamam\u0131 ortaya \u00e7\u0131kacak. Ne yaz\u0131k ki T\u00fcrkiye&#8217;de \u00f6len \u00f6ld\u00fc\u011f\u00fc ile kal\u0131yor. \u00d6len \u00f6ld\u00fc\u011f\u00fc ile kalmamal\u0131 diye d\u00fc\u015f\u00fcn\u00fcyorum. \u0130n\u015fallah ihmaller yoktur, denetimsizlik yoktur.&#8221;<\/p>\n<p style=\"text-align: justify;\">D\u00fcn OST\u0130M&#8217;deki ilk patlama sonras\u0131 olay yerine gittiklerini belirten Tekin, ikinci patlamay\u0131 anlamakta zorluk \u00e7ekti\u011fini s\u00f6yledi.<\/p>\n<p style=\"text-align: justify;\">Al\u0131nan tedbirlere ra\u011fmen, ikinci patlaman\u0131n nas\u0131l \u00f6nlemedi\u011fini merak etti\u011fini ifade eden Tekin, &#8220;Herhalde bug\u00fcn \u0130\u00e7i\u015fleri Bakanl\u0131\u011f\u0131 konu ile ilgili bir a\u00e7\u0131klama yapacakt\u0131r&#8221; dedi.<\/p>\n<p style=\"text-align: justify;\">Olaylar\u0131n neden ayd\u0131nlat\u0131lamad\u0131\u011f\u0131n\u0131n sorulmas\u0131 \u00fczerine de Tekin, konunun halen net olmad\u0131\u011f\u0131n\u0131 ancak mutlaka nedenlerinin ortaya \u00e7\u0131kaca\u011f\u0131n\u0131 s\u00f6yledi.<\/p>\n<p style=\"text-align: justify;\"><strong>&#8216;Torba Yasa&#8217; protestosu <\/strong><\/p>\n<p style=\"text-align: justify;\">Tekin, d\u00fcn ger\u00e7ekle\u015ftirilen Torba Yasa Tasar\u0131&#8217;s\u0131 protestosu ve yap\u0131lan m\u00fcdahalenin hat\u0131rlat\u0131lmas\u0131 \u00fczerine de \u015funlar\u0131 kaydetti:<\/p>\n<p style=\"text-align: justify;\">&#8220;Bunlar al\u0131\u015f\u0131lagelmi\u015f m\u00fcdahaleler. Hat\u0131rlars\u0131n\u0131z \u00f6\u011frencilerle ilgili, i\u015f\u00e7ilerle ilgili; iktidar\u0131n bu konuda tahamm\u00fcl\u00fc yok. Say\u0131n Ba\u015fbakan\u0131m\u0131z M\u0131s\u0131r&#8217;daki y\u00f6neticilere ders verirken, ayn\u0131 uygulamay\u0131 burada yapmas\u0131 deh\u015fet verici. Ama bir ba\u015fka hak arama eylemi oldu\u011fu zaman arkas\u0131nda mutlaka bir \u015fey ararlar. \u00d6rne\u011fin bizim milletvekillerimizin bir \u00e7a\u011fr\u0131s\u0131n\u0131 olabildik\u00e7e abartt\u0131lar.<\/p>\n<p style=\"text-align: justify;\">Onun i\u00e7in iktidar\u0131n daha ho\u015fg\u00f6r\u00fcl\u00fc davranmas\u0131 gerekiyor. Bu bask\u0131c\u0131 anlay\u0131\u015f, ger\u00e7ekten toplumun her kesimini \u00e7ok rahats\u0131z ediyor. Bu sadece i\u015f\u00e7ilere yap\u0131lm\u0131\u015f bir bask\u0131 de\u011fildir. \u00d6n\u00fcm\u00fczdeki g\u00fcnlerde toplumun her kesimi kendisini ilgilendiren hak arama eylemlerinin i\u00e7erisinde olacakt\u0131r. Biz burada da her t\u00fcrl\u00fc hak arama eylemlerinde yanlar\u0131nda olaca\u011f\u0131z. \u0130ktidar\u0131n tahamm\u00fcll\u00fc olmas\u0131 laz\u0131m, aksi takdirde s\u0131k\u0131nt\u0131 olur.&#8221;<\/p>\n<p style=\"text-align: justify;\"><span style=\"color: #888888;\">Kaynak : CNN T\u00dcRK<\/span><\/p>\n","protected":false},"excerpt":{"rendered":"<p style=\"text-align: justify;\">\n<p style=\"text-align: justify;\">CHP Genel Ba\u015fkan Yard\u0131mc\u0131s\u0131 G\u00fcrsel Tekin, d\u00fcn ger\u00e7ekle\u015ftirilen &#8216;Torba Yasa Tasar\u0131&#8217;s\u0131 protestosuna yap\u0131lan m\u00fcdahaleyi ele\u015ftirerek, &#8220;Say\u0131n Ba\u015fbakan\u0131m\u0131z M\u0131s\u0131r&#8217;daki y\u00f6neticilere ders verirken, ayn\u0131 uygulamay\u0131 burada yapmas\u0131 deh\u015fet verici&#8221; dedi.<\/p>\n<p style=\"text-align: justify;\">Tekin, Yenimahalle&#8217;de bulunan Ankara Toptanc\u0131 Hali&#8217;ni ziyaret ederek, esnafla g\u00f6r\u00fc\u015ft\u00fc. <\/p>\n","protected":false},"author":1,"featured_media":0,"comment_status":"open","ping_status":"closed","sticky":false,"template":"","format":"standard","meta":{"footnotes":""},"categories":[105],"tags":[],"class_list":["post-27666","post","type-post","status-publish","format-standard","hentry","category-gundem","odd"],"_links":{"self":[{"href":"http:\/\/www.korhanyilmaz.com\/index.php?rest_route=\/wp\/v2\/posts\/27666","targetHints":{"allow":["GET"]}}],"collection":[{"href":"http:\/\/www.korhanyilmaz.com\/index.php?rest_route=\/wp\/v2\/posts"}],"about":[{"href":"http:\/\/www.korhanyilmaz.com\/index.php?rest_route=\/wp\/v2\/types\/post"}],"author":[{"embeddable":true,"href":"http:\/\/www.korhanyilmaz.com\/index.php?rest_route=\/wp\/v2\/users\/1"}],"replies":[{"embeddable":true,"href":"http:\/\/www.korhanyilmaz.com\/index.php?rest_route=%2Fwp%2Fv2%2Fcomments&post=27666"}],"version-history":[{"count":0,"href":"http:\/\/www.korhanyilmaz.com\/index.php?rest_route=\/wp\/v2\/posts\/27666\/revisions"}],"wp:attachment":[{"href":"http:\/\/www.korhanyilmaz.com\/index.php?rest_route=%2Fwp%2Fv2%2Fmedia&parent=27666"}],"wp:term":[{"taxonomy":"category","embeddable":true,"href":"http:\/\/www.korhanyilmaz.com\/index.php?rest_route=%2Fwp%2Fv2%2Fcategories&post=27666"},{"taxonomy":"post_tag","embeddable":true,"href":"http:\/\/www.korhanyilmaz.com\/index.php?rest_route=%2Fwp%2Fv2%2Ftags&post=27666"}],"curies":[{"name":"wp","href":"https:\/\/api.w.org\/{rel}","templated":true}]}}