{"id":27656,"date":"2011-02-04T10:43:10","date_gmt":"2011-02-04T08:43:10","guid":{"rendered":"http:\/\/www.korhanyilmaz.com\/?p=27656"},"modified":"2011-02-04T10:43:10","modified_gmt":"2011-02-04T08:43:10","slug":"yazicioglu-benim-kardesim-diyen-basbakan","status":"publish","type":"post","link":"http:\/\/www.korhanyilmaz.com\/?p=27656","title":{"rendered":"&#8220;Yaz\u0131c\u0131o\u011flu benim karde\u015fim diyen Ba\u015fbakan&#8230;&#8221;"},"content":{"rendered":"<p style=\"text-align: center;\"><a href=\"http:\/\/www.korhanyilmaz.com\/wp-content\/uploads\/2011\/02\/083.jpg\"  class=\"lightview\"><img loading=\"lazy\" decoding=\"async\" class=\"aligncenter size-full wp-image-27657\" src=\"http:\/\/www.korhanyilmaz.com\/wp-content\/uploads\/2011\/02\/083.jpg\" alt=\"\" width=\"413\" height=\"222\" \/><\/a><\/p>\n<p style=\"text-align: justify;\">BP&#8217;den Ba\u015fbakan Erdo\u011fan&#8217;a sert sesleni\u015f: &#8220;Yaz\u0131c\u0131o\u011flu, benim karde\u015fim diyen Ba\u015fbakan Erdo\u011fan&#8217;a sesleniyorum. Karde\u015f hukuku b\u00f6yle mi takip edilir? Karde\u015f hukukunun sana ba\u011fl\u0131 olan bir bakan taraf\u0131ndan istihza edilmesini nas\u0131l vicdan\u0131n\u0131z kabul ediyor?&#8221;<\/p>\n<p style=\"text-align: justify;\">ANTALYA- B\u00fcy\u00fck Birlik Partisi (BBP) Genel \u0130sti\u015fare Kamp\u0131, Antalya&#8217;n\u0131n Kemer il\u00e7esinde ba\u015flad\u0131. Parti Genel Ba\u015fkan\u0131 Yal\u00e7\u0131n Top\u00e7u, eski Genel Ba\u015fkan Muhsin Yaz\u0131c\u0131o\u011flu&#8217;nun ya\u015fam\u0131n\u0131 yitirdi\u011fi kazayla ilgili hala ayd\u0131nlanmayan karanl\u0131k noktalar bulundu\u011funu savunarak, bunun ayd\u0131nlat\u0131lmas\u0131 i\u00e7in \u00e7al\u0131\u015facaklar\u0131n\u0131 s\u00f6yledi. <!--more--><\/p>\n<p style=\"text-align: justify;\">BBP Genel Ba\u015fkan\u0131 Top\u00e7u, Queen Elizabeth Otel&#8217;de d\u00fczenlenen kamp \u00e7al\u0131\u015fmalar\u0131n\u0131n a\u00e7\u0131l\u0131\u015f\u0131nda yapt\u0131\u011f\u0131 konu\u015fmada, a\u011f\u0131rl\u0131kl\u0131 olarak Yaz\u0131c\u0131o\u011flu&#8217;nun parti a\u00e7\u0131s\u0131ndan ta\u015f\u0131d\u0131\u011f\u0131 \u00f6neme i\u015faret etti ve kaza ile ilgili hala a\u00e7\u0131kl\u0131k kazanmayan noktalar bulundu\u011funu savundu. Top\u00e7u \u015f\u00f6yle devam etti:<\/p>\n<p style=\"text-align: justify;\">&#8221;Biz Yaz\u0131c\u0131o\u011flu ailesi ve parti olarak devlete, millete kar\u015f\u0131 \u00fcst\u00fcm\u00fcze d\u00fc\u015feni yapt\u0131k. \u015eimdi g\u00f6revini yapmas\u0131 gereken devlet. Bize sahip \u00e7\u0131kmas\u0131 gereken millet. Devleti idare edenler bu mesele ile alakal\u0131 bir an evvel g\u00f6rev yapmalar\u0131n\u0131 bekliyorum. Hep beraber bu \u00fclkede karanl\u0131kta hi\u00e7bir \u015fey kalmamas\u0131 i\u00e7in u\u011fra\u015faca\u011f\u0131z. \u0130smail G\u00fcne\u015f&#8217;in imdat diyerek arad\u0131\u011f\u0131 hayat hakk\u0131n\u0131 hep beraber biz yerine getirece\u011fiz.&#8221;<\/p>\n<p style=\"text-align: justify;\"><strong>S\u0130Z &#8220;KAZA&#8221; D\u0130YORSUNUZ, M\u0130LLET &#8220;SU\u0130KAST&#8221;<\/strong><\/p>\n<p style=\"text-align: justify;\">Muhsin Yaz\u0131c\u0131o\u011flu&#8217;nun e\u015fi G\u00fclefer Yaz\u0131c\u0131o\u011flu ile Ba\u015fbakan Recep Tayyip Erdo\u011fan ve T\u00fcrkiye B\u00fcy\u00fck Millet Meclisi Ba\u015fkan\u0131 Mehmet Ali \u015eahin&#8217;i ziyaret ettiklerini hat\u0131rlatan Top\u00e7u, s\u00f6zlerini \u015f\u00f6yle s\u00fcrd\u00fcrd\u00fc:<\/p>\n<p style=\"text-align: justify;\">&#8221;Kendilerinden helikopter hadisesine \u00f6zel yetkili savc\u0131lar taraf\u0131ndan bak\u0131lmas\u0131n\u0131 talep ettik. 20 ay sonra bu prosed\u00fcr\u00fc tamamlad\u0131lar. \u015eimdi de Ba\u015fbakan&#8217;dan Ba\u015fbakanl\u0131k Tefti\u015f Kurulunu, idari noktada harekete ge\u00e7irmesini bekliyorum. Yaz\u0131c\u0131o\u011flu, benim karde\u015fim diyen Ba\u015fbakan Erdo\u011fan&#8217;a sesleniyorum. Karde\u015f hukuku b\u00f6yle mi takip edilir? Karde\u015f hukukunun sana ba\u011fl\u0131 olan bir bakan taraf\u0131ndan istihza edilmesini nas\u0131l vicdan\u0131n\u0131z kabul ediyor? Ba\u015fbakanl\u0131k Tefti\u015f Kurulu&#8217;nu harekete ge\u00e7iren, milletin vicdan\u0131 m\u0131, Devlet Denetleme Kurulu raporlar\u0131 m\u0131, yoksa negatif bakan\u0131n\u0131z m\u0131 do\u011fru s\u00f6yl\u00fcyor g\u00f6r\u00fcn. &#8216;Yaz\u0131c\u0131o\u011flu \u00f6ld\u00fcr\u00fcld\u00fc&#8217; demesini kimse istemez. Ama siz &#8216;kaza&#8217; diyorsunuz, millet &#8216;suikast&#8217; diyor. Bilgi ve belgeler \u0131\u015f\u0131\u011f\u0131nda Devlet Denetleme Kurulu bizim iddia etti\u011fimiz \u015f\u00fcphelerin bir k\u0131sm\u0131na &#8216;Evet, b\u00f6yledir bak\u0131lmas\u0131 gerekiyor&#8217; diyor.&#8221;<\/p>\n<p style=\"text-align: justify;\"><strong>&#8220;HER \u00dcYEDEN 100 OY \u0130ST\u0130YORUM&#8221;<\/strong><\/p>\n<p style=\"text-align: justify;\">Top\u00e7u konu\u015fmas\u0131nda, yakla\u015fan genel se\u00e7imlere de de\u011findi ve partisinin 50 bin \u00fcyesi bulundu\u011funu, her \u00fcyenin 100 oy getirebilmesi halinde, 5 milyon oy alarak Meclis&#8217;e girebileceklerini anlatt\u0131. Top\u00e7u, &#8221;Se\u00e7imlerde biz \u00fcst\u00fcm\u00fcze d\u00fc\u015feni yapal\u0131m. Ben milletin davas\u0131n\u0131 ve \u015fehidimin emanetini ona yak\u0131\u015f\u0131r \u015fekilde s\u00fcrd\u00fcrmek istiyorum&#8221; dedi.<\/p>\n<p style=\"text-align: justify;\">BBP&#8217;nin Kemer&#8217;de d\u00fczenledi\u011fi BBP&#8217;nin eski Genel Ba\u015fkan\u0131 Yaz\u0131c\u0131o\u011flu&#8217;nun e\u015fi G\u00fclefer Yaz\u0131c\u0131o\u011flu ve T\u00fcrkiye&#8217;nin \u00e7e\u015fitli b\u00f6lgelerinden gelen partililerin kat\u0131ld\u0131\u011f\u0131 kamp \u00e7al\u0131\u015fmalar\u0131 yar\u0131n devam edecek.<\/p>\n<p style=\"text-align: justify;\"><a href=\"http:\/\/www.gazeteport.com.tr\/SIYASET\/NEWS\/GP_847847\" target=\"_blank\"><span style=\"color: #888888;\">Kaynak : GAZETEPORT<\/span><\/a><\/p>\n","protected":false},"excerpt":{"rendered":"<p style=\"text-align: center;\">\n<p style=\"text-align: justify;\">BP&#8217;den Ba\u015fbakan Erdo\u011fan&#8217;a sert sesleni\u015f: &#8220;Yaz\u0131c\u0131o\u011flu, benim karde\u015fim diyen Ba\u015fbakan Erdo\u011fan&#8217;a sesleniyorum. Karde\u015f hukuku b\u00f6yle mi takip edilir? Karde\u015f hukukunun sana ba\u011fl\u0131 olan bir bakan taraf\u0131ndan istihza edilmesini nas\u0131l vicdan\u0131n\u0131z kabul ediyor?&#8221;<\/p>\n<p style=\"text-align: justify;\">ANTALYA- B\u00fcy\u00fck Birlik Partisi (BBP) Genel \u0130sti\u015fare Kamp\u0131, Antalya&#8217;n\u0131n Kemer il\u00e7esinde ba\u015flad\u0131. Parti Genel Ba\u015fkan\u0131 Yal\u00e7\u0131n <\/p>\n","protected":false},"author":1,"featured_media":0,"comment_status":"open","ping_status":"closed","sticky":false,"template":"","format":"standard","meta":{"footnotes":""},"categories":[105],"tags":[103,104],"class_list":["post-27656","post","type-post","status-publish","format-standard","hentry","category-gundem","tag-helikopter-kazasi","tag-muhsin-yazicioglu","odd"],"_links":{"self":[{"href":"http:\/\/www.korhanyilmaz.com\/index.php?rest_route=\/wp\/v2\/posts\/27656","targetHints":{"allow":["GET"]}}],"collection":[{"href":"http:\/\/www.korhanyilmaz.com\/index.php?rest_route=\/wp\/v2\/posts"}],"about":[{"href":"http:\/\/www.korhanyilmaz.com\/index.php?rest_route=\/wp\/v2\/types\/post"}],"author":[{"embeddable":true,"href":"http:\/\/www.korhanyilmaz.com\/index.php?rest_route=\/wp\/v2\/users\/1"}],"replies":[{"embeddable":true,"href":"http:\/\/www.korhanyilmaz.com\/index.php?rest_route=%2Fwp%2Fv2%2Fcomments&post=27656"}],"version-history":[{"count":0,"href":"http:\/\/www.korhanyilmaz.com\/index.php?rest_route=\/wp\/v2\/posts\/27656\/revisions"}],"wp:attachment":[{"href":"http:\/\/www.korhanyilmaz.com\/index.php?rest_route=%2Fwp%2Fv2%2Fmedia&parent=27656"}],"wp:term":[{"taxonomy":"category","embeddable":true,"href":"http:\/\/www.korhanyilmaz.com\/index.php?rest_route=%2Fwp%2Fv2%2Fcategories&post=27656"},{"taxonomy":"post_tag","embeddable":true,"href":"http:\/\/www.korhanyilmaz.com\/index.php?rest_route=%2Fwp%2Fv2%2Ftags&post=27656"}],"curies":[{"name":"wp","href":"https:\/\/api.w.org\/{rel}","templated":true}]}}