{"id":27646,"date":"2011-02-04T11:39:25","date_gmt":"2011-02-04T09:39:25","guid":{"rendered":"http:\/\/www.korhanyilmaz.com\/?p=27646"},"modified":"2011-02-04T11:39:25","modified_gmt":"2011-02-04T09:39:25","slug":"ostimdeki-patlamalarla-ilgili-sorusturma-acildi","status":"publish","type":"post","link":"http:\/\/www.korhanyilmaz.com\/?p=27646","title":{"rendered":"OST\u0130M&#8217;deki patlamalarla ilgili soru\u015fturma a\u00e7\u0131ld\u0131!"},"content":{"rendered":"<p style=\"text-align: justify;\"><a href=\"http:\/\/www.korhanyilmaz.com\/wp-content\/uploads\/2011\/02\/080.jpg\"  class=\"lightview\"><img loading=\"lazy\" decoding=\"async\" class=\"aligncenter size-full wp-image-27648\" src=\"http:\/\/www.korhanyilmaz.com\/wp-content\/uploads\/2011\/02\/080.jpg\" alt=\"\" width=\"292\" height=\"194\" \/><\/a><\/p>\n<p style=\"text-align: justify;\">Ankara OST\u0130M&#8217;de d\u00fcn 9 saat arayla meydana gelen iki patlamayla ilgili olarak Ankara Cumhuriyet Ba\u015fsavc\u0131l\u0131\u011f\u0131 harekete ge\u00e7ti, her iki patlama ile ilgili de soru\u015fturma ba\u015flatt\u0131.<\/p>\n<p style=\"text-align: justify;\">Ankara Cumhuriyet Ba\u015fsavc\u0131l\u0131\u011f\u0131, soru\u015fturma i\u00e7in bir Cumhuriyet Ba\u015fsavc\u0131vekili ile 4 Cumhuriyet savc\u0131s\u0131n\u0131 g\u00f6revlendirdi. <!--more--><\/p>\n<p style=\"text-align: justify;\">Savc\u0131lar bug\u00fcn patlamalar\u0131n meydana geldi\u011fi yerlere giderek, tespit ve ke\u015fif \u00e7al\u0131\u015fmalar\u0131n\u0131 y\u00fcr\u00fctecek.<\/p>\n<p style=\"text-align: justify;\">\u00d6te yandan OST\u0130M&#8217;de ilk patlaman\u0131n meydana geldi\u011fi OST\u0130M Mega Center&#8217;daki \u00d6zkanlar \u015firketinin ortaklar\u0131ndan Ayhan \u00d6zkan i\u015fyerinin ruhsats\u0131z oldu\u011fu iddialar\u0131yla ilgili bir a\u00e7\u0131klama yapt\u0131.<\/p>\n<p style=\"text-align: justify;\">Anadolu Ajans\u0131&#8217;na konu\u015fan Ayhan \u00d6zkan &#8220;\u0130\u015fletme ruhsat\u0131 yokmu\u015f, prosed\u00fcrleri yerine getirmemi\u015f gibi bir \u015fey s\u00f6z konusu de\u011fil, olamaz da. Biz resmi kurumlardan ileriyiz bu i\u015f g\u00fcvenli\u011fi ve insan g\u00fcvenli\u011fi konular\u0131nda&#8221; dedi.<\/p>\n<p style=\"text-align: justify;\">\u00d6zkan, &#8220;Su\u00e7lular\u0131 aramak yerine yaral\u0131 birinin \u00fcst\u00fcne su\u00e7 atmak do\u011fru de\u011fildir&#8221; dedi.<\/p>\n<p style=\"text-align: justify;\">T\u00fcm g\u00fcvenlik tedbirlerini ald\u0131klar\u0131n\u0131 belirten Ayhan \u00d6zkan, &#8221;Ba\u015f\u0131m\u0131za gelen \u015fanss\u0131z bir olay&#8221; dedi. \u00d6zkan, yetkililerden patlaman\u0131n ger\u00e7ek sebebinin ara\u015ft\u0131r\u0131lmas\u0131n\u0131 istedi.<\/p>\n<p style=\"text-align: justify;\"><strong>T\u0130SK&#8217;den g\u00fcvenli i\u015f ortam\u0131 vurgusu <\/strong><\/p>\n<p style=\"text-align: justify;\">T\u00fcrkiye \u0130\u015fveren Sendikalar\u0131 Konfederasyonu (T\u0130SK), kay\u0131tl\u0131, sa\u011fl\u0131kl\u0131 ve g\u00fcvenli i\u015f ortam\u0131 i\u00e7in daha fazla gayret g\u00f6sterilmesi gerekti\u011fini bildirdi.<\/p>\n<p style=\"text-align: justify;\">\u0130\u015f sa\u011fl\u0131\u011f\u0131 ve g\u00fcvenli\u011fi alan\u0131nda son y\u0131llarda b\u00fcy\u00fck a\u015fama kaydedilmekle birlikte bu ve benzeri kazalar\u0131n meydana geldi\u011fi ifade edilen T\u0130SK a\u00e7\u0131klamas\u0131nda, \u015funlar kaydedildi:<\/p>\n<p style=\"text-align: justify;\">&#8220;\u00dclkemizi derinden yaralayan bu t\u00fcr elim kazalar\u0131n ya\u015fanmamas\u0131, ba\u015fka canlar\u0131n yitirilmemesi, \u00e7al\u0131\u015fanlar\u0131m\u0131za kay\u0131tl\u0131, sa\u011fl\u0131kl\u0131 ve g\u00fcvenli bir i\u015f ortam\u0131n\u0131n sa\u011flanmas\u0131 devlet, i\u015f\u00e7i ve i\u015fveren kesiminin bir araya gelerek azami gayret g\u00f6stermesini gerektirmektedir. Temennimiz i\u015fyerlerimizdeki ihtimallerin en aza, hatta s\u0131f\u0131ra indirilmesidir.&#8221;<\/p>\n<p style=\"text-align: justify;\"><strong>&#8221;Denetim ve can g\u00fcvenli\u011fi y\u00f6netenlerin sorumlulu\u011funda&#8221; <\/strong><\/p>\n<p style=\"text-align: justify;\">Avrasya Sanayici ve \u0130\u015f Adamlar\u0131 Derne\u011fi (AS\u0130AD) Ankara \u015eube Ba\u015fkan\u0131 Serhat Esen de yapt\u0131\u011f\u0131 yaz\u0131l\u0131 a\u00e7\u0131klamada, Ostim ve \u0130vedik Sanayi Sitelerinde meydana gelen patlamalarda ihmalin s\u00f6z konusu oldu\u011funu belirtti.<\/p>\n<p style=\"text-align: justify;\">Esen, Ostim&#8217;deki Mega Center i\u00e7indeki yatay sondaj \u00fcretim tesisinde meydana gelen patlaman\u0131n gaz s\u0131k\u0131\u015fmas\u0131ndan meydana geldi\u011fini ifade ederek, &#8220;Olay\u0131 TV kanallar\u0131ndan t\u00fcm detaylar\u0131 ile izlemek ve bir \u015fey yapamamak, \u00e7aresiz kalmak kaderimiz midir?&#8221;, &#8220;Neden biz \u00fclke olarak buraday\u0131z?&#8221;, &#8220;Neden insanca ya\u015fam ve \u00e7al\u0131\u015fma hakk\u0131n\u0131 sa\u011flayam\u0131yoruz?&#8221; sorular\u0131n\u0131 y\u00f6neltti.<\/p>\n<p style=\"text-align: justify;\">\u0130vedik&#8217;deki patlaman\u0131n hemen ard\u0131ndan olay yerine giden Ankara Valisi Alaaddin Y\u00fcksel&#8217;in ac\u0131 ger\u00e7e\u011fi g\u00f6zler \u00f6n\u00fcne serdi\u011fini, i\u015fletmenin torna at\u00f6lyesi olarak ruhsat ald\u0131\u011f\u0131n\u0131 ancak tiner ve boya imalat\u0131 yap\u0131ld\u0131\u011f\u0131n\u0131 ifade eden Esen, bunun ihmal ve sorumsuzluk oldu\u011funu kaydetti.<\/p>\n<p style=\"text-align: justify;\">Esen, Ortado\u011fu&#8217;nun &#8220;\u00fcretim kalbi&#8221; olarak bilinen Ostim&#8217;de denetim ve can g\u00fcvenli\u011finin, i\u015fverenin ve \u00f6zellikle y\u00f6netenlerin sorumlulu\u011funda oldu\u011funu belirtti.<\/p>\n<p style=\"text-align: justify;\"><a href=\"http:\/\/www.cnnturk.com\/2011\/turkiye\/02\/04\/ostimdeki.patlamalarla.ilgili.sorusturma.acildi\/605691.0\/index.html\" target=\"_blank\"><span style=\"color: #888888;\">CNN T\u00dcRK<\/span><\/a><\/p>\n","protected":false},"excerpt":{"rendered":"<p style=\"text-align: justify;\">\n<p style=\"text-align: justify;\">Ankara OST\u0130M&#8217;de d\u00fcn 9 saat arayla meydana gelen iki patlamayla ilgili olarak Ankara Cumhuriyet Ba\u015fsavc\u0131l\u0131\u011f\u0131 harekete ge\u00e7ti, her iki patlama ile ilgili de soru\u015fturma ba\u015flatt\u0131.<\/p>\n<p style=\"text-align: justify;\">Ankara Cumhuriyet Ba\u015fsavc\u0131l\u0131\u011f\u0131, soru\u015fturma i\u00e7in bir Cumhuriyet Ba\u015fsavc\u0131vekili ile 4 Cumhuriyet savc\u0131s\u0131n\u0131 g\u00f6revlendirdi. <\/p>\n","protected":false},"author":1,"featured_media":0,"comment_status":"open","ping_status":"closed","sticky":false,"template":"","format":"standard","meta":{"footnotes":""},"categories":[105],"tags":[],"class_list":["post-27646","post","type-post","status-publish","format-standard","hentry","category-gundem","odd"],"_links":{"self":[{"href":"http:\/\/www.korhanyilmaz.com\/index.php?rest_route=\/wp\/v2\/posts\/27646","targetHints":{"allow":["GET"]}}],"collection":[{"href":"http:\/\/www.korhanyilmaz.com\/index.php?rest_route=\/wp\/v2\/posts"}],"about":[{"href":"http:\/\/www.korhanyilmaz.com\/index.php?rest_route=\/wp\/v2\/types\/post"}],"author":[{"embeddable":true,"href":"http:\/\/www.korhanyilmaz.com\/index.php?rest_route=\/wp\/v2\/users\/1"}],"replies":[{"embeddable":true,"href":"http:\/\/www.korhanyilmaz.com\/index.php?rest_route=%2Fwp%2Fv2%2Fcomments&post=27646"}],"version-history":[{"count":0,"href":"http:\/\/www.korhanyilmaz.com\/index.php?rest_route=\/wp\/v2\/posts\/27646\/revisions"}],"wp:attachment":[{"href":"http:\/\/www.korhanyilmaz.com\/index.php?rest_route=%2Fwp%2Fv2%2Fmedia&parent=27646"}],"wp:term":[{"taxonomy":"category","embeddable":true,"href":"http:\/\/www.korhanyilmaz.com\/index.php?rest_route=%2Fwp%2Fv2%2Fcategories&post=27646"},{"taxonomy":"post_tag","embeddable":true,"href":"http:\/\/www.korhanyilmaz.com\/index.php?rest_route=%2Fwp%2Fv2%2Ftags&post=27646"}],"curies":[{"name":"wp","href":"https:\/\/api.w.org\/{rel}","templated":true}]}}