{"id":27643,"date":"2011-02-04T11:41:35","date_gmt":"2011-02-04T09:41:35","guid":{"rendered":"http:\/\/www.korhanyilmaz.com\/?p=27643"},"modified":"2011-02-04T11:41:35","modified_gmt":"2011-02-04T09:41:35","slug":"chpden-tarim-bakani-ekere-gensoru","status":"publish","type":"post","link":"http:\/\/www.korhanyilmaz.com\/?p=27643","title":{"rendered":"CHP&#8217;den Tar\u0131m Bakan\u0131 Eker&#8217;e gensoru"},"content":{"rendered":"<p><a href=\"http:\/\/www.korhanyilmaz.com\/wp-content\/uploads\/2011\/02\/079.jpg\"  class=\"lightview\"><img loading=\"lazy\" decoding=\"async\" class=\"aligncenter size-full wp-image-27644\" src=\"http:\/\/www.korhanyilmaz.com\/wp-content\/uploads\/2011\/02\/079.jpg\" alt=\"\" width=\"292\" height=\"194\" \/><\/a><\/p>\n<p style=\"text-align: justify;\">CHP, &#8220;Tar\u0131m ve K\u00f6yi\u015fleri Bakan\u0131 Mehdi Eker, yanl\u0131\u015f politikalarla \u00e7ift\u00e7ileri i\u015fsizli\u011fe ve yoksullu\u011fa itti&#8221; dedi; Eker hakk\u0131nda gensoru \u00f6nergesi verdi.<\/p>\n<p style=\"text-align: justify;\">Gensoru \u00f6nergesinin alt\u0131nda, CHP Grup Ba\u015fkanvekillerinin imzas\u0131 var. <!--more--><\/p>\n<p style=\"text-align: justify;\">CHP, AK Parti d\u00f6neminde uygulanan tar\u0131m politikalar\u0131 y\u00fcz\u00fcden \u00fcreticilerin b\u00fcy\u00fck sorunlarla kar\u015f\u0131la\u015ft\u0131\u011f\u0131n\u0131 ileri s\u00fcrd\u00fc.<\/p>\n<p style=\"text-align: justify;\">Et fiyatlar\u0131na da yer verilen \u00f6nerge ile CHP, bakan\u0131 yerli \u00fcreticiyi desteklemek yerine ithalat karar\u0131yla yabanc\u0131 \u00fclkelerin \u00e7ift\u00e7ilerini destekleyerek g\u00f6revinin gereklerine ayk\u0131r\u0131 davranmakla su\u00e7lad\u0131.<\/p>\n<p style=\"text-align: justify;\"><a href=\"http:\/\/www.cnnturk.com\/2011\/turkiye\/02\/04\/chpden.tarim.bakani.ekere.gensoru\/605701.0\/index.html\" target=\"_blank\"><span style=\"color: #888888;\">CNN T\u00dcRK<\/span><\/a><\/p>\n","protected":false},"excerpt":{"rendered":"<\/p>\n<p style=\"text-align: justify;\">CHP, &#8220;Tar\u0131m ve K\u00f6yi\u015fleri Bakan\u0131 Mehdi Eker, yanl\u0131\u015f politikalarla \u00e7ift\u00e7ileri i\u015fsizli\u011fe ve yoksullu\u011fa itti&#8221; dedi; Eker hakk\u0131nda gensoru \u00f6nergesi verdi.<\/p>\n<p style=\"text-align: justify;\">Gensoru \u00f6nergesinin alt\u0131nda, CHP Grup Ba\u015fkanvekillerinin imzas\u0131 var. <\/p>\n","protected":false},"author":1,"featured_media":0,"comment_status":"open","ping_status":"closed","sticky":false,"template":"","format":"standard","meta":{"footnotes":""},"categories":[105],"tags":[],"class_list":["post-27643","post","type-post","status-publish","format-standard","hentry","category-gundem","odd"],"_links":{"self":[{"href":"http:\/\/www.korhanyilmaz.com\/index.php?rest_route=\/wp\/v2\/posts\/27643","targetHints":{"allow":["GET"]}}],"collection":[{"href":"http:\/\/www.korhanyilmaz.com\/index.php?rest_route=\/wp\/v2\/posts"}],"about":[{"href":"http:\/\/www.korhanyilmaz.com\/index.php?rest_route=\/wp\/v2\/types\/post"}],"author":[{"embeddable":true,"href":"http:\/\/www.korhanyilmaz.com\/index.php?rest_route=\/wp\/v2\/users\/1"}],"replies":[{"embeddable":true,"href":"http:\/\/www.korhanyilmaz.com\/index.php?rest_route=%2Fwp%2Fv2%2Fcomments&post=27643"}],"version-history":[{"count":0,"href":"http:\/\/www.korhanyilmaz.com\/index.php?rest_route=\/wp\/v2\/posts\/27643\/revisions"}],"wp:attachment":[{"href":"http:\/\/www.korhanyilmaz.com\/index.php?rest_route=%2Fwp%2Fv2%2Fmedia&parent=27643"}],"wp:term":[{"taxonomy":"category","embeddable":true,"href":"http:\/\/www.korhanyilmaz.com\/index.php?rest_route=%2Fwp%2Fv2%2Fcategories&post=27643"},{"taxonomy":"post_tag","embeddable":true,"href":"http:\/\/www.korhanyilmaz.com\/index.php?rest_route=%2Fwp%2Fv2%2Ftags&post=27643"}],"curies":[{"name":"wp","href":"https:\/\/api.w.org\/{rel}","templated":true}]}}