{"id":27639,"date":"2011-02-04T11:35:20","date_gmt":"2011-02-04T09:35:20","guid":{"rendered":"http:\/\/www.korhanyilmaz.com\/?p=27639"},"modified":"2011-02-04T11:35:20","modified_gmt":"2011-02-04T09:35:20","slug":"yok-baskanina-turban-sorusturmasi","status":"publish","type":"post","link":"http:\/\/www.korhanyilmaz.com\/?p=27639","title":{"rendered":"Y\u00d6K Ba\u015fkan\u0131&#8217;na t\u00fcrban soru\u015fturmas\u0131"},"content":{"rendered":"<p style=\"text-align: justify;\"><a href=\"http:\/\/www.korhanyilmaz.com\/wp-content\/uploads\/2011\/02\/078.jpg\"  class=\"lightview\"><img loading=\"lazy\" decoding=\"async\" class=\"size-full wp-image-27640 aligncenter\" src=\"http:\/\/www.korhanyilmaz.com\/wp-content\/uploads\/2011\/02\/078.jpg\" alt=\"\" width=\"292\" height=\"246\" \/><\/a><\/p>\n<p style=\"text-align: justify;\">Sincan 1. A\u011f\u0131r Ceza Mahkemesi, Y\u00d6K Ba\u015fkan\u0131 Yusuf Ziya \u00d6zcan hakk\u0131nda &#8220;t\u00fcrban genelgesi&#8221; yay\u0131nlad\u0131\u011f\u0131 gerek\u00e7esiyle soru\u015fturma ba\u015flat\u0131lmas\u0131 karar\u0131 verdi.<\/p>\n<p style=\"text-align: justify;\">Y\u00d6K Ba\u015fkan\u0131 \u00d6zcan hakk\u0131nda, &#8220;ba\u015f\u00f6rt\u00fcs\u00fc&#8221; konusunda \u0130stanbul \u00dcniversitesine (\u0130\u00dc) g\u00f6nderilen yaz\u0131yla &#8220;Anayasay\u0131 ihlal ve halk\u0131 kanunlara uymamaya alenen tahrik&#8221; su\u00e7unu i\u015fledi\u011fi iddias\u0131yla ba\u015flat\u0131lan soru\u015fturmada verilen &#8220;takipsizlik karar\u0131&#8221;, Sincan 1. A\u011f\u0131r Ceza Mahkemesi taraf\u0131ndan kald\u0131r\u0131ld\u0131. <!--more--><\/p>\n<p style=\"text-align: justify;\">Sincan 1. A\u011f\u0131r Ceza Mahkemesi Ba\u015fkan\u0131 Osman Ka\u00e7maz&#8217;\u0131n verdi\u011fi kararda, \u015fikayet konusu eylemin \u00d6zcan&#8217;\u0131n Y\u00d6K ba\u015fkanl\u0131\u011f\u0131 g\u00f6reviyle ilgili oldu\u011fu ifade edilerek, soru\u015fturman\u0131n 2547 Say\u0131l\u0131 Y\u00fcksek\u00f6\u011fretim Kanunu&#8217;nun, Y\u00d6K Ba\u015fkan\u0131 hakk\u0131ndaki ceza soru\u015fturma usul\u00fcn\u00fc d\u00fczenleyen 53. maddesine g\u00f6re yap\u0131lmad\u0131\u011f\u0131 kaydedildi.<\/p>\n<p style=\"text-align: justify;\">Kararda, &#8220;Verilen kovu\u015fturmaya yer olmad\u0131\u011f\u0131na dair karar hukuktan yoksun olup, hukuka uygun olmad\u0131\u011f\u0131, usul ve yasalara da ayk\u0131r\u0131 oldu\u011fundan itiraz\u0131n kabul\u00fcyle kovu\u015fturmaya yer olmad\u0131\u011f\u0131na dair karar\u0131n kald\u0131r\u0131lmas\u0131na karar vermek gerekmektedir&#8221; denildi.<\/p>\n<p style=\"text-align: justify;\">T\u00fcrkiye Gen\u00e7lik Birli\u011fi (TGB) Ankara \u0130l Sekreteri Osman Erbil, &#8220;Y\u00d6K&#8217;\u00fcn ba\u015f\u00f6rt\u00fcs\u00fcne ili\u015fkin olarak \u0130\u00dc&#8217;ye g\u00f6nderdi\u011fi yaz\u0131 nedeniyle Anayasa&#8217;y\u0131 ihlal etti\u011fi, g\u00f6revini k\u00f6t\u00fcye kulland\u0131\u011f\u0131 ve halk\u0131 kanunlara uymamaya tahrik su\u00e7unu i\u015fledi\u011fi iddias\u0131yla&#8221; \u00d6zcan hakk\u0131nda su\u00e7 duyurusunda bulunmu\u015ftu.<\/p>\n<p style=\"text-align: justify;\">Ankara Cumhuriyet Savc\u0131s\u0131 Mustafa \u015eahin Tanr\u0131\u00f6ver, \u00d6zcan hakk\u0131nda, &#8220;kovu\u015fturma a\u00e7\u0131lmas\u0131na yer olmad\u0131\u011f\u0131na&#8221; karar vermi\u015f, Erbil ise bu karara Sincan A\u011f\u0131r Ceza Mahkemesinde itiraz etmi\u015fti.<\/p>\n<p style=\"text-align: justify;\">Y\u00d6K Ba\u015fkan\u0131 \u00d6zcan, t\u00fcrban yaz\u0131s\u0131nda t\u00fcrbanl\u0131 \u00f6\u011frencilerin \u00fcniversiteye giri\u015flerine m\u00fcdahale edilmemesini istemi\u015fti.<\/p>\n<p style=\"text-align: justify;\">Y\u00d6K Kanunu&#8217;na g\u00f6re ilk soru\u015fturmay\u0131, Milli E\u011fitim Bakan\u0131&#8217;n\u0131n ba\u015fkanl\u0131k edece\u011fi kurul yapacak. E\u011fer kurul &#8220;Soru\u015fturulsun&#8221; karar\u0131 verirse, dava konusunda son karar\u0131 Dan\u0131\u015ftay verecek.<\/p>\n<p style=\"text-align: justify;\"><a href=\"http:\/\/www.cnnturk.com\/2011\/turkiye\/02\/04\/yok.baskanina.turban.sorusturmasi\/605685.0\/index.html\" target=\"_blank\"><span style=\"color: #888888;\">CNN T\u00dcRK<\/span><\/a><\/p>\n","protected":false},"excerpt":{"rendered":"<p style=\"text-align: justify;\">\n<p style=\"text-align: justify;\">Sincan 1. A\u011f\u0131r Ceza Mahkemesi, Y\u00d6K Ba\u015fkan\u0131 Yusuf Ziya \u00d6zcan hakk\u0131nda &#8220;t\u00fcrban genelgesi&#8221; yay\u0131nlad\u0131\u011f\u0131 gerek\u00e7esiyle soru\u015fturma ba\u015flat\u0131lmas\u0131 karar\u0131 verdi.<\/p>\n<p style=\"text-align: justify;\">Y\u00d6K Ba\u015fkan\u0131 \u00d6zcan hakk\u0131nda, &#8220;ba\u015f\u00f6rt\u00fcs\u00fc&#8221; konusunda \u0130stanbul \u00dcniversitesine (\u0130\u00dc) g\u00f6nderilen yaz\u0131yla &#8220;Anayasay\u0131 ihlal ve halk\u0131 kanunlara uymamaya alenen tahrik&#8221; su\u00e7unu i\u015fledi\u011fi iddias\u0131yla ba\u015flat\u0131lan soru\u015fturmada verilen &#8220;takipsizlik karar\u0131&#8221;, Sincan 1. <\/p>\n","protected":false},"author":1,"featured_media":0,"comment_status":"open","ping_status":"closed","sticky":false,"template":"","format":"standard","meta":{"footnotes":""},"categories":[105],"tags":[],"class_list":["post-27639","post","type-post","status-publish","format-standard","hentry","category-gundem","odd"],"_links":{"self":[{"href":"http:\/\/www.korhanyilmaz.com\/index.php?rest_route=\/wp\/v2\/posts\/27639","targetHints":{"allow":["GET"]}}],"collection":[{"href":"http:\/\/www.korhanyilmaz.com\/index.php?rest_route=\/wp\/v2\/posts"}],"about":[{"href":"http:\/\/www.korhanyilmaz.com\/index.php?rest_route=\/wp\/v2\/types\/post"}],"author":[{"embeddable":true,"href":"http:\/\/www.korhanyilmaz.com\/index.php?rest_route=\/wp\/v2\/users\/1"}],"replies":[{"embeddable":true,"href":"http:\/\/www.korhanyilmaz.com\/index.php?rest_route=%2Fwp%2Fv2%2Fcomments&post=27639"}],"version-history":[{"count":0,"href":"http:\/\/www.korhanyilmaz.com\/index.php?rest_route=\/wp\/v2\/posts\/27639\/revisions"}],"wp:attachment":[{"href":"http:\/\/www.korhanyilmaz.com\/index.php?rest_route=%2Fwp%2Fv2%2Fmedia&parent=27639"}],"wp:term":[{"taxonomy":"category","embeddable":true,"href":"http:\/\/www.korhanyilmaz.com\/index.php?rest_route=%2Fwp%2Fv2%2Fcategories&post=27639"},{"taxonomy":"post_tag","embeddable":true,"href":"http:\/\/www.korhanyilmaz.com\/index.php?rest_route=%2Fwp%2Fv2%2Ftags&post=27639"}],"curies":[{"name":"wp","href":"https:\/\/api.w.org\/{rel}","templated":true}]}}