{"id":27609,"date":"2011-02-03T11:50:37","date_gmt":"2011-02-03T09:50:37","guid":{"rendered":"http:\/\/www.korhanyilmaz.com\/?p=27609"},"modified":"2011-02-03T11:50:37","modified_gmt":"2011-02-03T09:50:37","slug":"ankarada-patlama-4-olu-26-yarali","status":"publish","type":"post","link":"http:\/\/www.korhanyilmaz.com\/?p=27609","title":{"rendered":"Ankara&#8217;da patlama: 4 \u00f6l\u00fc, 26 yaral\u0131"},"content":{"rendered":"<p><a href=\"http:\/\/www.korhanyilmaz.com\/wp-content\/uploads\/2011\/02\/071.jpg\"  class=\"lightview\"><img loading=\"lazy\" decoding=\"async\" class=\"aligncenter size-full wp-image-27611\" src=\"http:\/\/www.korhanyilmaz.com\/wp-content\/uploads\/2011\/02\/071.jpg\" alt=\"\" width=\"414\" height=\"220\" \/><\/a><\/p>\n<p style=\"text-align: justify;\">Ankara, OST\u0130M&#8217;deki bir i\u015f merkezinde hen\u00fcz bilinmeyen bir nedenle patlama meydana geldi. Patlama sonucu i\u015f merkezinin iki kat\u0131 tamamen \u00e7\u00f6kerken, ilk belirlemelere g\u00f6re 4 ki\u015fi \u00f6ld\u00fc, en az 24 ki\u015fi yaraland\u0131.<\/p>\n<p style=\"text-align: justify;\">5 ki\u015finin enkaz alt\u0131nda kald\u0131\u011f\u0131 belirtilirken, arama kurtarma \u00e7al\u0131\u015fmalar\u0131 s\u00fcr\u00fcyor.<!--more--><\/p>\n<p style=\"text-align: justify;\">ANKARA &#8211;  OST\u0130M Uzay \u00c7a\u011f\u0131 Caddesi civar\u0131nda bulunan \u00d6zkanlar adl\u0131 \u015firkete ait yatay delik delme makinesi \u00fcreten bir i\u015f yerinde meydana gelen patlamada, ilk belirlemelere g\u00f6re 4 ki\u015fi hayat\u0131n\u0131 kaybetti, en az 24 ki\u015fi yaraland\u0131. Enkaz\u0131n alt\u0131nda 5 i\u015f\u00e7inin bulundu\u011fu belirtiliyor.<\/p>\n<p style=\"text-align: justify;\">Sivil savunma ekipleri g\u00f6\u00e7\u00fck alt\u0131nda kalan 5 i\u015f\u00e7inin kurtar\u0131lmas\u0131 i\u00e7in \u00e7al\u0131\u015fmalar\u0131n\u0131 s\u00fcrd\u00fcr\u00fcyor.<\/p>\n<p style=\"text-align: justify;\">SARSINTI \u00c7OK UZAKTAN B\u0130LE H\u0130SSED\u0130LD\u0130<\/p>\n<p style=\"text-align: justify;\">B\u00fcy\u00fck bir g\u00fcr\u00fclt\u00fcn\u00fcn ya\u015fand\u0131\u011f\u0131 patlamada i\u015f yerinin camlar\u0131 k\u0131r\u0131l\u0131rken yan taraf\u0131nda bulunan binada \u00e7\u00f6kme meydana geldi. Patlaman\u0131n meydana geldi\u011fi i\u015f yeri ve \u00e7evresindeki \u00e7ok say\u0131da ara\u00e7 da hasar g\u00f6rd\u00fc.<\/p>\n<p style=\"text-align: justify;\">B\u00fcy\u00fck\u015fehir Belediyesine ba\u011fl\u0131 25 itfaiye arac\u0131 ile kurtarma ekipleri \u00e7al\u0131\u015fmalar\u0131n\u0131 s\u00fcrd\u00fcr\u00fcrken, yaral\u0131lar ambulanslarla \u00e7evredeki hastanelere sevk edildi.<\/p>\n<p style=\"text-align: justify;\">Bu arada g\u00fcvenlik g\u00fc\u00e7leri patlaman\u0131n oldu\u011fu alan\u0131 geni\u015f g\u00fcvenlik \u00e7emberine ald\u0131. AKUT, Sivil Savunma ve B\u00fcy\u00fck\u015fehir Belediyesi \u0130tfaiye ekiplerinin enkaz alt\u0131ndakileri arama kurtarma \u00e7al\u0131\u015fmalar\u0131 s\u00fcr\u00fcyor.<\/p>\n<p style=\"text-align: justify;\">Patlama s\u0131ras\u0131nda i\u015f yerinde bulunan ve ba\u015f\u0131ndan yaralanan i\u015f\u00e7ilerden Hulusi K\u00fcl\u00fck de yaral\u0131 oldu\u011fu oldu\u011fu halde arkada\u015flar\u0131 hakk\u0131nda bilgi almaya \u00e7al\u0131\u015ft\u0131. K\u00fcl\u00fck, makine \u00fcretimi yapt\u0131klar\u0131 i\u015f yerinde b\u00fcy\u00fck bir patlama oldu\u011funu s\u00f6yledi.<\/p>\n<p style=\"text-align: justify;\">Bu arada patlaman\u0131n oldu\u011fu yere gelen \u00e7ok say\u0131da i\u015f\u00e7i yak\u0131n\u0131 yetkililerden bilgi almaya \u00e7al\u0131\u015f\u0131rken, 112 ekiplerine ba\u011fl\u0131 on civar\u0131nda ambulans da olay yerinde bekletiliyor.<\/p>\n<p style=\"text-align: justify;\"><strong>G\u00d6K\u00c7EK: T\u00dcP PATLAMASI OLAB\u0130L\u0130R<\/strong><\/p>\n<p style=\"text-align: justify;\">Olay yerine gelerek bilgi alan Ankara B\u00fcy\u00fck\u015fehir Belediye Ba\u015fkan\u0131 Melih G\u00f6k\u00e7ek do\u011fal gaz patlamas\u0131 ihtimalinin d\u00fc\u015f\u00fck oldu\u011funu s\u00f6yledi. G\u00f6k\u00e7ek \u015f\u00f6yle konu\u015ftu:<\/p>\n<p style=\"text-align: justify;\">Buras\u0131 hidrolik makine \u00fcreten bir sanayi kurulu\u015fu. Burada \u00f6zellikle oksijen t\u00fcp\u00fc ve normal t\u00fcp kullan\u0131yorlarm\u0131\u015f. Kesin do\u011fru olmayabilir ama b\u00fcy\u00fck bir ihtimal i\u015f\u00e7ilerin yanl\u0131\u015f bir uygulamas\u0131ndan t\u00fcp patlamas\u0131 olabilir. Patlayan t\u00fcp di\u011fer t\u00fcpleri etkilemi\u015f olabilir.<\/p>\n<p style=\"text-align: justify;\">60\u2019\u0131n \u00fczerinde i\u015f\u00e7i \u00e7al\u0131\u015f\u0131yormu\u015f. Binan\u0131n bir k\u0131sm\u0131 imalathane, di\u011fer k\u0131s\u0131m ise b\u00fcrolar\u0131n oldu\u011fu k\u0131s\u0131m. B\u00fcy\u00fck hasar at\u00f6lyenin oldu\u011fu yerde. Binan\u0131n sa\u011f taraf\u0131 tamamen \u00e7\u00f6km\u00fc\u015f durumda. Her t\u00fcrl\u00fc tedbir al\u0131nd\u0131. \u015eu andan itibaren bir tehlike yok. Enkaz\u0131n alt\u0131nda bulunan vatanda\u015flar\u0131m\u0131za ula\u015fma gayreti i\u00e7indeyiz.<\/p>\n<p style=\"text-align: justify;\"><strong>ATO BA\u015eKANI: \u00d6L\u00dc SAYISI ARTAB\u0130L\u0130R<\/strong><\/p>\n<p style=\"text-align: justify;\">ATO Ba\u015fbakan\u0131 Sinan Ayg\u00fcn, patlamaya oksijen t\u00fcplerinin neden oldu\u011funu s\u00f6yledi. Ayg\u00fcn patlaman\u0131n oldu\u011fu i\u015f merkezinde 80&#8217;ne yak\u0131n i\u015f\u00e7inin \u00e7al\u0131\u015ft\u0131\u011f\u0131n\u0131 belirterek, &#8220;\u00d6l\u00fc say\u0131s\u0131n\u0131n beklenin \u00fcst\u00fcnde olmas\u0131ndan korkuyoruz. Benim g\u00f6rd\u00fc\u011f\u00fcm \u015fu anda 5-6 \u00f6l\u00fc oldu\u011fu. Hastaneye kald\u0131r\u0131lan yaral\u0131lardan 7-8&#8217;inin durumu da a\u011f\u0131r&#8221; dedi.<\/p>\n<p style=\"text-align: justify;\">Patlaman\u0131n oldu\u011fu yere gelen CHP Ankara Milletvekili Y\u0131lmaz Ate\u015f de patlaman\u0131n gaz s\u0131k\u0131\u015fmas\u0131ndan kaynakland\u0131\u011f\u0131n\u0131 \u00f6\u011frendi\u011fini s\u00f6yledi. Ate\u015f enkaz alt\u0131nda i\u015f\u00e7iler oldu\u011funu ve onlara ula\u015f\u0131lmaya \u00e7al\u0131\u015f\u0131ld\u0131\u011f\u0131n\u0131 bildirdi.<\/p>\n\n<p style=\"text-align: justify;\"><a href=\"http:\/\/www.gazeteport.com.tr\/GUNCEL\/NEWS\/GP_847211\" target=\"_blank\"><span style=\"color: #888888;\">Kaynak : GAZETEPORT<\/span><\/a><\/p>\n","protected":false},"excerpt":{"rendered":"<\/p>\n<p style=\"text-align: justify;\">Ankara, OST\u0130M&#8217;deki bir i\u015f merkezinde hen\u00fcz bilinmeyen bir nedenle patlama meydana geldi. Patlama sonucu i\u015f merkezinin iki kat\u0131 tamamen \u00e7\u00f6kerken, ilk belirlemelere g\u00f6re 4 ki\u015fi \u00f6ld\u00fc, en az 24 ki\u015fi yaraland\u0131.<\/p>\n<p style=\"text-align: justify;\">5 ki\u015finin enkaz alt\u0131nda kald\u0131\u011f\u0131 belirtilirken, arama kurtarma \u00e7al\u0131\u015fmalar\u0131 s\u00fcr\u00fcyor.<\/p>\n","protected":false},"author":1,"featured_media":0,"comment_status":"open","ping_status":"closed","sticky":false,"template":"","format":"standard","meta":{"footnotes":""},"categories":[105],"tags":[],"class_list":["post-27609","post","type-post","status-publish","format-standard","hentry","category-gundem","odd"],"_links":{"self":[{"href":"http:\/\/www.korhanyilmaz.com\/index.php?rest_route=\/wp\/v2\/posts\/27609","targetHints":{"allow":["GET"]}}],"collection":[{"href":"http:\/\/www.korhanyilmaz.com\/index.php?rest_route=\/wp\/v2\/posts"}],"about":[{"href":"http:\/\/www.korhanyilmaz.com\/index.php?rest_route=\/wp\/v2\/types\/post"}],"author":[{"embeddable":true,"href":"http:\/\/www.korhanyilmaz.com\/index.php?rest_route=\/wp\/v2\/users\/1"}],"replies":[{"embeddable":true,"href":"http:\/\/www.korhanyilmaz.com\/index.php?rest_route=%2Fwp%2Fv2%2Fcomments&post=27609"}],"version-history":[{"count":0,"href":"http:\/\/www.korhanyilmaz.com\/index.php?rest_route=\/wp\/v2\/posts\/27609\/revisions"}],"wp:attachment":[{"href":"http:\/\/www.korhanyilmaz.com\/index.php?rest_route=%2Fwp%2Fv2%2Fmedia&parent=27609"}],"wp:term":[{"taxonomy":"category","embeddable":true,"href":"http:\/\/www.korhanyilmaz.com\/index.php?rest_route=%2Fwp%2Fv2%2Fcategories&post=27609"},{"taxonomy":"post_tag","embeddable":true,"href":"http:\/\/www.korhanyilmaz.com\/index.php?rest_route=%2Fwp%2Fv2%2Ftags&post=27609"}],"curies":[{"name":"wp","href":"https:\/\/api.w.org\/{rel}","templated":true}]}}