{"id":27602,"date":"2011-02-03T10:39:29","date_gmt":"2011-02-03T08:39:29","guid":{"rendered":"http:\/\/www.korhanyilmaz.com\/?p=27602"},"modified":"2011-02-03T10:39:29","modified_gmt":"2011-02-03T08:39:29","slug":"turkiye-burnunu-sokuyor","status":"publish","type":"post","link":"http:\/\/www.korhanyilmaz.com\/?p=27602","title":{"rendered":"T\u00fcrkiye burnunu sokuyor"},"content":{"rendered":"<p style=\"text-align: center;\"><a href=\"http:\/\/www.korhanyilmaz.com\/wp-content\/uploads\/2011\/02\/0701.jpg\"  class=\"lightview\"><img loading=\"lazy\" decoding=\"async\" class=\"aligncenter size-full wp-image-27606\" src=\"http:\/\/www.korhanyilmaz.com\/wp-content\/uploads\/2011\/02\/0701.jpg\" alt=\"\" width=\"413\" height=\"219\" \/><\/a><\/p>\n<p style=\"text-align: justify;\">Halk isyan\u0131n\u0131n kanl\u0131 \u00e7at\u0131\u015fmalara d\u00f6n\u00fc\u015ft\u00fc\u011f\u00fc M\u0131s\u0131r&#8217;da h\u00fck\u00fcmet, uluslararas\u0131 toplumdan gelen iktidar\u0131n de\u011fi\u015fimine y\u00f6nelik \u00e7a\u011fr\u0131lar\u0131 reddetti.<\/p>\n<p style=\"text-align: justify;\">M\u0131s\u0131r D\u0131\u015fi\u015fleri Bakanl\u0131\u011f\u0131 s\u00f6zc\u00fcs\u00fc H\u00fcsam Zeki, uluslararas\u0131 toplumdan gelen \u00e7a\u011fr\u0131lar\u0131n ard\u0131ndan yapt\u0131\u011f\u0131 a\u00e7\u0131klamada, &#8221;iktidar de\u011fi\u015fimini&#8221; kabul etmediklerini, \u00e7a\u011fr\u0131lar\u0131n M\u0131s\u0131r&#8217;daki durumu alevlendirmeye y\u00f6nelik oldu\u011funu ifade etti.<!--more--><\/p>\n<p style=\"text-align: justify;\">Zeki, &#8220;ABD, \u0130ngiltere, Fransa gibi Bat\u0131l\u0131 \u00fclkelerin, hatta T\u00fcrkiye&#8217;nin her durumda rol oynamaya \u00e7al\u0131\u015fmas\u0131n\u0131, M\u0131s\u0131r&#8217;daki geli\u015fmelere burunlar\u0131n\u0131 sokmas\u0131n\u0131 g\u00f6rmek \u00fcz\u00fcc\u00fc&#8221; diyerek, bu \u00fclkelerin kendi i\u015fleriyle u\u011fra\u015fmas\u0131n\u0131 istedi.<\/p>\n<p style=\"text-align: justify;\">&#8220;Bu \u00fclkeleri c\u00fcretkar ve e\u015fi benzeri olmayan bi\u00e7imde M\u0131s\u0131r halk\u0131 ad\u0131na konu\u015fmakla&#8221; su\u00e7layan Zeki, bu durumun h\u00fck\u00fcmet ve halk taraf\u0131ndan reddedildi\u011fini vurgulad\u0131.<\/p>\n<p style=\"text-align: justify;\"><strong>ERDO\u011eAN: TR\u0130B\u00dcNDEN \u0130ZLEYECEK DE\u011e\u0130L\u0130Z<\/strong><\/p>\n<p style=\"text-align: justify;\">Ba\u015fbakan Recep Tayyip Erdo\u011fan, K\u0131rg\u0131zistan gezisi s\u0131ras\u0131nda gazetecilerin sorular\u0131n\u0131 yan\u0131tlarken, M\u0131s\u0131r\u2019daki duruma da de\u011findi.<\/p>\n<p style=\"text-align: justify;\">Ba\u015fbakan Erdo\u011fan, &#8220;M\u0131s\u0131r\u2019da ordu halk\u0131 evlere d\u00f6nmeye davet etti. \u00c7at\u0131\u015fmalar \u00e7\u0131kt\u0131. De\u011ferlendirmeniz nedir?&#8221; sorusuna &#8220;Halk\u0131n iradesine kar\u015f\u0131 \u00e7\u0131kmak \u0131rma\u011f\u0131 tersine \u00e7evirmek gibi bir \u015fey. O \u0131rmak neyi gerektiriyorsa er veya ge\u00e7 olacak. Ok yaydan \u00e7\u0131kmaya g\u00f6rs\u00fcn. M\u0131s\u0131r\u2019\u0131n i\u00e7i\u015flerine kar\u0131\u015fmak gibi bir niyetimiz yok. Ancak Ortado\u011fu\u2019da ony\u0131llard\u0131r bir s\u0131k\u0131nt\u0131 \u00e7ekiliyor. Bunun ac\u0131s\u0131n\u0131 b\u00f6lge halklar\u0131 \u00e7ekiyor. Bizler Ortado\u011fu\u2019yu trib\u00fcnden izleyecek bir \u00fclke de\u011filiz. Gitti\u011fimizde bize soruluyor&#8221; yan\u0131t\u0131n\u0131 verdi.<\/p>\n<p style=\"text-align: justify;\"><a href=\"http:\/\/www.gazeteport.com.tr\/DUNYA\/NEWS\/GP_847114\" target=\"_blank\"><span style=\"color: #888888;\">Kaynak : GAZETEPORT<\/span><\/a><\/p>\n","protected":false},"excerpt":{"rendered":"<p style=\"text-align: center;\">\n<p style=\"text-align: justify;\">Halk isyan\u0131n\u0131n kanl\u0131 \u00e7at\u0131\u015fmalara d\u00f6n\u00fc\u015ft\u00fc\u011f\u00fc M\u0131s\u0131r&#8217;da h\u00fck\u00fcmet, uluslararas\u0131 toplumdan gelen iktidar\u0131n de\u011fi\u015fimine y\u00f6nelik \u00e7a\u011fr\u0131lar\u0131 reddetti.<\/p>\n<p style=\"text-align: justify;\">M\u0131s\u0131r D\u0131\u015fi\u015fleri Bakanl\u0131\u011f\u0131 s\u00f6zc\u00fcs\u00fc H\u00fcsam Zeki, uluslararas\u0131 toplumdan gelen \u00e7a\u011fr\u0131lar\u0131n ard\u0131ndan yapt\u0131\u011f\u0131 a\u00e7\u0131klamada, &#8221;iktidar de\u011fi\u015fimini&#8221; kabul etmediklerini, \u00e7a\u011fr\u0131lar\u0131n M\u0131s\u0131r&#8217;daki durumu alevlendirmeye y\u00f6nelik oldu\u011funu ifade etti.<\/p>\n","protected":false},"author":1,"featured_media":0,"comment_status":"open","ping_status":"closed","sticky":false,"template":"","format":"standard","meta":{"footnotes":""},"categories":[105],"tags":[],"class_list":["post-27602","post","type-post","status-publish","format-standard","hentry","category-gundem","odd"],"_links":{"self":[{"href":"http:\/\/www.korhanyilmaz.com\/index.php?rest_route=\/wp\/v2\/posts\/27602","targetHints":{"allow":["GET"]}}],"collection":[{"href":"http:\/\/www.korhanyilmaz.com\/index.php?rest_route=\/wp\/v2\/posts"}],"about":[{"href":"http:\/\/www.korhanyilmaz.com\/index.php?rest_route=\/wp\/v2\/types\/post"}],"author":[{"embeddable":true,"href":"http:\/\/www.korhanyilmaz.com\/index.php?rest_route=\/wp\/v2\/users\/1"}],"replies":[{"embeddable":true,"href":"http:\/\/www.korhanyilmaz.com\/index.php?rest_route=%2Fwp%2Fv2%2Fcomments&post=27602"}],"version-history":[{"count":0,"href":"http:\/\/www.korhanyilmaz.com\/index.php?rest_route=\/wp\/v2\/posts\/27602\/revisions"}],"wp:attachment":[{"href":"http:\/\/www.korhanyilmaz.com\/index.php?rest_route=%2Fwp%2Fv2%2Fmedia&parent=27602"}],"wp:term":[{"taxonomy":"category","embeddable":true,"href":"http:\/\/www.korhanyilmaz.com\/index.php?rest_route=%2Fwp%2Fv2%2Fcategories&post=27602"},{"taxonomy":"post_tag","embeddable":true,"href":"http:\/\/www.korhanyilmaz.com\/index.php?rest_route=%2Fwp%2Fv2%2Ftags&post=27602"}],"curies":[{"name":"wp","href":"https:\/\/api.w.org\/{rel}","templated":true}]}}