{"id":27598,"date":"2011-02-03T13:48:20","date_gmt":"2011-02-03T11:48:20","guid":{"rendered":"http:\/\/www.korhanyilmaz.com\/?p=27598"},"modified":"2011-02-03T13:48:20","modified_gmt":"2011-02-03T11:48:20","slug":"mubareke-dedigini-erdogan-yapsin","status":"publish","type":"post","link":"http:\/\/www.korhanyilmaz.com\/?p=27598","title":{"rendered":"M\u00fcbarek&#8217;e dedi\u011fini Erdo\u011fan yaps\u0131n.."},"content":{"rendered":"<p style=\"text-align: center;\"><a href=\"http:\/\/www.korhanyilmaz.com\/wp-content\/uploads\/2011\/02\/068.jpg\"  class=\"lightview\"><img loading=\"lazy\" decoding=\"async\" class=\"aligncenter size-full wp-image-27599\" src=\"http:\/\/www.korhanyilmaz.com\/wp-content\/uploads\/2011\/02\/068.jpg\" alt=\"\" width=\"448\" height=\"231\" \/><\/a><\/p>\n<p style=\"text-align: justify;\">Ankara bug\u00fcn binlerce emek\u00e7inin torba tasar\u0131 protestosuyla \u00e7alkalan\u0131rken, CHP Grup Ba\u015fkanvekili Hamza\u00e7ebi, tasar\u0131n\u0131n g\u00f6r\u00fc\u015fmesine ara verelim \u00f6nerinde bulunarak, &#8220;Soka\u011fa kulak verin&#8221; dedi.<\/p>\n<p style=\"text-align: justify;\">TBMM- CHP Grup Ba\u015fkanvekili Akif Hamza\u00e7ebi, Ba\u015fbakan Erdo\u011fan&#8217;a &#8221;Torba Tasar\u0131&#8221;n\u0131n TBMM Genel Kurulu&#8217;ndaki g\u00f6r\u00fc\u015fmelerine ara verme \u00e7a\u011fr\u0131s\u0131 yapt\u0131. Hamza\u00e7ebi, tasar\u0131da yer alan \u00e7al\u0131\u015fma ya\u015fam\u0131na ili\u015fkin d\u00fczenlemelerin, Ekonomik ve Sosyal Konsey&#8217;de mutabakat sa\u011fland\u0131ktan sonra TBMM&#8217;ye getirilmesini istedi. <!--more--><\/p>\n<p style=\"text-align: justify;\"><strong>ERDO\u011eAN&#8217;A M\u00dcBAREK&#8217;E YAPTI\u011eI \u00c7A\u011eRIYI HATIRLATTI<\/strong><\/p>\n<p style=\"text-align: justify;\">Hamza\u00e7ebi, Mecliste parlamento muhabirleriyle d\u00fczenledi\u011fi sohbet toplant\u0131s\u0131nda Erdo\u011fan&#8217;\u0131n M\u0131s\u0131r&#8217;daki olaylar konusunda Devlet Ba\u015fkan\u0131 H\u00fcsn\u00fc M\u00fcbarek&#8217;e &#8221;soka\u011f\u0131n sesine kulak vermesi&#8221; \u00e7a\u011fr\u0131s\u0131 yapt\u0131\u011f\u0131n\u0131 an\u0131msatarak, Erdo\u011fan&#8217;\u0131n \u00e7a\u011fr\u0131s\u0131n\u0131n yerinde ve demokratik bir \u00e7a\u011fr\u0131 oldu\u011funu, soka\u011fa kulak vermek gerekti\u011fini s\u00f6yledi.<\/p>\n<p style=\"text-align: justify;\">&#8221;Torba Tasar\u0131&#8221; nedeniyle Ankara&#8217;ya on binlerce i\u015f\u00e7inin geldi\u011fini belirten Hamza\u00e7ebi, &#8221;Ben de Say\u0131n Ba\u015fbakan&#8217;a bir \u00e7a\u011fr\u0131da bulunuyorum; Say\u0131n Ba\u015fbakan, l\u00fctfen soka\u011fa kulak veriniz&#8221; dedi.<\/p>\n<p style=\"text-align: justify;\"><strong>&#8220;\u00c7ALI\u015eMA YA\u015eAMINA C\u0130DD\u0130 KISITLAMALAR VAR&#8221;<\/strong><\/p>\n<p style=\"text-align: justify;\">Y\u00fcr\u00fcy\u00fc\u015f\u00fcn sebepsiz olmad\u0131\u011f\u0131n\u0131, &#8221;Torba Tasar\u0131&#8221;da kendilerinin de destekledi\u011fi d\u00fczenlemeler oldu\u011funu ancak birtak\u0131m olumsuz d\u00fczenlemelerin de yer ald\u0131\u011f\u0131n\u0131 ifade eden Hamza\u00e7ebi, tasar\u0131da \u00e7al\u0131\u015fma ya\u015fam\u0131n\u0131 ciddi \u015fekilde k\u0131s\u0131tlay\u0131c\u0131 d\u00fczenlemelerin bulundu\u011funu ileri s\u00fcrd\u00fc.<\/p>\n<p style=\"text-align: justify;\">Akif Hamza\u00e7ebi, \u00e7al\u0131\u015fma ya\u015fam\u0131n\u0131n esnekle\u015ftirildi\u011fini, istihdam yarat\u0131lamamas\u0131 nedeniyle mevcut i\u015f olanaklar\u0131n\u0131n yeniden b\u00f6l\u00fc\u015ft\u00fcr\u00fcld\u00fc\u011f\u00fcn\u00fc, \u00e7\u0131raklar\u0131n \u00fccretlerinin yakla\u015f\u0131k 50 TL d\u00fc\u015f\u00fcr\u00fcld\u00fc\u011f\u00fcn\u00fc, sendikalar\u0131n g\u00fcc\u00fcn\u00fcn azalt\u0131ld\u0131\u011f\u0131n\u0131, kamuda kariyer ve liyakat ilkelerinin g\u00f6z ard\u0131 edilerek kamu g\u00f6revlilerine s\u00fcrg\u00fcn yolunun a\u00e7\u0131ld\u0131\u011f\u0131n\u0131 iddia etti.Hamza\u00e7ebi, \u015f\u00f6yle devam etti:<\/p>\n<p style=\"text-align: justify;\">&#8221;Buradan Say\u0131n Ba\u015fbakana bir \u00e7a\u011fr\u0131da bulunuyorum: Torba Yasa Tasar\u0131s\u0131n\u0131n g\u00f6r\u00fc\u015fmelerine l\u00fctfen ara verelim. \u00c7al\u0131\u015fma ya\u015fam\u0131na ili\u015fkin d\u00fczenlemeler \u00f6ncelikle Ekonomik ve Sosyal Konsey&#8217;de g\u00f6r\u00fc\u015f\u00fclmek suretiyle, orada mutabakat sa\u011fland\u0131ktan sonra TBMM&#8217;ye getirilmeli. Bu yap\u0131lmadan yasala\u015ft\u0131r\u0131lmaya kalk\u0131lmas\u0131 yanl\u0131\u015f olacakt\u0131r, demokrasiye ayk\u0131r\u0131 olacakt\u0131r. Soka\u011fa kulak vermek budur, demokrasi budur. Demokrasi, \u00e7o\u011funluk rejimi de\u011fildir. Demokrasi, sivil toplumda kararlar\u0131n olabildi\u011fince geni\u015f bir uzla\u015fmayla al\u0131nmas\u0131 demektir. Bu demokratik \u00e7a\u011fr\u0131n\u0131n yank\u0131 bulmas\u0131n\u0131 \u00fcmit etmek istiyorum.&#8221;<\/p>\n<p style=\"text-align: justify;\"><strong>&#8221;\u00c7\u00d6Z\u00dcM, TASARIYI YEN\u0130DEN G\u00d6R\u00dc\u015eMEKT\u0130R&#8221;<\/strong><\/p>\n<p style=\"text-align: justify;\">Sorular\u0131 da yan\u0131tlayan Hamza\u00e7ebi, bir soru \u00fczerine, Ankara&#8217;ya gelen i\u015f\u00e7ilerin engellenmesini ele\u015ftirdi.<\/p>\n<p style=\"text-align: justify;\">CHP&#8217;li baz\u0131 milletvekillerinin gelen i\u015f\u00e7ilerle birlikte olaca\u011f\u0131n\u0131 ifade eden Hamza\u00e7ebi, &#8221;Ancak bu yasalar\u0131n izin verdi\u011fi \u00e7er\u00e7evede olacakt\u0131r. Polisin girilmesini arzu etmedi\u011fi yerlere milletvekili arkada\u015flar\u0131m\u0131z\u0131n girmesi \u015feklinde bir te\u015febb\u00fcsleri olmayacakt\u0131r. Tamamen yasal \u00e7er\u00e7evede, k\u0131rmadan d\u00f6kmeden, i\u015f\u00e7ilerin sorunlar\u0131na kulak vermek ve bu sorunlar\u0131 H\u00fck\u00fcmete ta\u015f\u0131mak konusunda yard\u0131mc\u0131 olmak i\u00e7in baz\u0131 CHP&#8217;li milletvekili arkada\u015flar\u0131m\u0131z bug\u00fcn orada olacakt\u0131r&#8221; diye konu\u015ftu.<\/p>\n<p style=\"text-align: justify;\"><strong>&#8221;T\u00dcPRA\u015e SATILDI, AKARYAKIT F\u0130YATLARI B\u00d6YLE OLDU&#8221;<\/strong><\/p>\n<p style=\"text-align: justify;\">Devlet Bakan\u0131 ve Ba\u015fbakan Yard\u0131mc\u0131s\u0131 Ali Babacan&#8217;\u0131n akaryak\u0131t \u015firketlerine &#8221;karlar\u0131ndan fedakarl\u0131k&#8221; \u00e7a\u011fr\u0131s\u0131 yapt\u0131\u011f\u0131n\u0131 belirten Hamza\u00e7ebi, h\u00fck\u00fcmetin akaryak\u0131t \u015firketlerine rica etme noktas\u0131na bulundu\u011funu, bunun \u00e7aresizlik anlam\u0131na geldi\u011fini ifade etti.<\/p>\n<p style=\"text-align: justify;\">Hamza\u00e7ebi, &#8221;Ger\u00e7ekte yanl\u0131\u015f T\u00dcPRA\u015e&#8217;\u0131n \u00f6zelle\u015ftirilmesi ile yap\u0131lm\u0131\u015ft\u0131r. T\u00dcPRA\u015e, kamudayken piyasay\u0131 d\u00fczenleyici bir role sahipti. T\u00dcPRA\u015e&#8217;\u0131n verdi\u011fi fiyat piyasa fiyat\u0131 olarak te\u015fekk\u00fcl ederdi. T\u00dcPRA\u015e&#8217;\u0131 elinden \u00e7\u0131karan H\u00fck\u00fcmet rekabeti sa\u011flayaca\u011f\u0131 di\u011fer d\u00fczenlemeleri yapamad\u0131\u011f\u0131 i\u00e7in bug\u00fcn akaryak\u0131t \u015firketlerinden ricac\u0131 olma noktas\u0131na gelmi\u015ftir. \u00c7\u00f6z\u00fcm, bu de\u011fildir. Rekabeti sa\u011flay\u0131n. Ancak, rekabeti sa\u011flaman\u0131n g\u00fc\u00e7 oldu\u011fu ortadad\u0131r. T\u00dcPRA\u015e, tek rafineridir. Rekabet ancak ithalat ile sa\u011flanabilir. \u0130thalat da en az 20-25 g\u00fcnl\u00fck bir s\u00fcrede ger\u00e7ekle\u015febilece\u011fi i\u00e7in H\u00fck\u00fcmet \u00e7\u00f6z\u00fcms\u00fcz kalm\u0131\u015ft\u0131r. \u00c7\u00f6z\u00fcm, enerji piyasas\u0131na devletin ciddi \u015fekilde girerek fiyatlara m\u00fcdahil olmas\u0131d\u0131r&#8221; diye konu\u015ftu.<\/p>\n<p style=\"text-align: justify;\">H\u00fck\u00fcmetin bu konuda ba\u015far\u0131s\u0131z ve seyirci oldu\u011funu \u00f6ne s\u00fcren Hamza\u00e7ebi, &#8221;H\u00fck\u00fcmet olmak seyirci olmak de\u011fildir, \u00e7\u00f6z\u00fcm \u00fcretmektir. Yasal d\u00fczenleme gerekiyorsa H\u00fck\u00fcmet getirir biz de destekleriz&#8221; dedi.<\/p>\n<p style=\"text-align: justify;\"><strong>&#8220;EMLAK VERG\u0130S\u0130 S\u00d6Z\u00dcN\u00dcZ\u00dc TUTUN&#8221;<\/strong><\/p>\n<p style=\"text-align: justify;\">CHP Grup Ba\u015fkanvekili Hamza\u00e7ebi, Maliye Bakan\u0131 Mehmet \u015eim\u015fek&#8217;in Anadolu Ajans\u0131na verdi\u011fi deme\u00e7te, 2011 y\u0131l\u0131nda emlak vergisinin artmayaca\u011f\u0131n\u0131 s\u00f6yledi\u011fini an\u0131msatt\u0131. Ancak, emlak vergisinin her y\u0131l yeniden de\u011ferleme oran\u0131n\u0131n yar\u0131s\u0131 kadar art\u0131r\u0131lmas\u0131na ili\u015fkin h\u00fck\u00fcm bulundu\u011funu hat\u0131rlatan Hamza\u00e7ebi, bunu s\u0131f\u0131ra indirmenin Bakanlar Kurulu&#8217;nun yetkisinde oldu\u011funu vurgulad\u0131. Hamza\u00e7ebi, &#8221;Say\u0131n Maliye Bakan\u0131 bunun mesaj\u0131n\u0131 vermi\u015ftir. Bu d\u00fczenlemenin \u015eubat ay\u0131 sonuna kadar yap\u0131lmas\u0131 gerekir. Say\u0131n Maliye Bakan\u0131na s\u00f6z konusu karar\u0131 Bakanlar Kuruluna g\u00f6ndermesini buradan ifade ediyorum&#8221; diye konu\u015ftu.<\/p>\n<p style=\"text-align: justify;\"><strong>&#8221;KILI\u00c7&#8217;I S\u00d6ZLER\u0130N\u0130 GER\u0130 ALMAYA \u00c7A\u011eIRIYORUM&#8221;<\/strong><\/p>\n<p style=\"text-align: justify;\">Anayasa Mahkemesi Ba\u015fkan\u0131 Ha\u015fim K\u0131l\u0131\u00e7&#8217;\u0131n y\u00fcksek yarg\u0131n\u0131n yeniden yap\u0131land\u0131r\u0131lmas\u0131na ili\u015fkin tasar\u0131lar konusundaki g\u00f6r\u00fc\u015flerini de de\u011ferlendiren Hamza\u00e7ebi, K\u0131l\u0131\u00e7&#8217;\u0131n g\u00f6r\u00fc\u015f bildirmenin \u00f6tesine ta\u015farak, s\u00fcre\u00e7te CHP&#8217;nin de yapt\u0131\u011f\u0131 de\u011ferlendirmeleri &#8221;sayg\u0131s\u0131zl\u0131k&#8221; olarak nitelendirdi\u011fini, &#8221;bunun millete yap\u0131lan bir sayg\u0131s\u0131zl\u0131k&#8221; oldu\u011funu s\u00f6yledi.<\/p>\n<p style=\"text-align: justify;\">Hamza\u00e7ebi, &#8221;Say\u0131n Ba\u015fkan \u015f\u00fcphesiz siyasi parti ismi vermiyor ama y\u00fcksek yarg\u0131 organlar\u0131na y\u00f6nelik olarak H\u00fck\u00fcmetin yapm\u0131\u015f oldu\u011fu d\u00fczenlemeyi y\u00fcksek yarg\u0131 organlar\u0131n\u0131 AKP&#8217;nin ele ge\u00e7irmesi olarak nitelendirmeyi sayg\u0131s\u0131zl\u0131k olarak nitelendiriyor. Anayasa Mahkemesi kararlar\u0131n\u0131 millet ad\u0131na al\u0131r. Yarg\u0131 organlar\u0131n\u0131n ba\u015f\u0131ndakiler millet ad\u0131na orada oturmaktad\u0131r. Milletvekilleri de millet ad\u0131na g\u00f6rev yap\u0131yor. Yarg\u0131 koltu\u011funda oturanlar\u0131n millet ad\u0131na g\u00f6r\u00fc\u015f ifade eden parlamentodaki milletvekillerini, siyasi partileri bu \u015fekilde sayg\u0131s\u0131z bir \u00fcslupla nitelemesi millete yap\u0131lan bir sayg\u0131s\u0131zl\u0131kt\u0131r. Say\u0131n Ba\u015fkan\u0131 s\u00f6z\u00fcn\u00fc d\u00fczeltmeye ve geri almaya \u00e7a\u011f\u0131r\u0131yorum&#8221; dedi.<\/p>\n<p style=\"text-align: justify;\"><a href=\"http:\/\/www.gazeteport.com.tr\/SIYASET\/NEWS\/GP_847326\" target=\"_blank\"><span style=\"color: #888888;\">Kaynak : GAZETEPORT<\/span><\/a><\/p>\n","protected":false},"excerpt":{"rendered":"<p style=\"text-align: center;\">\n<p style=\"text-align: justify;\">Ankara bug\u00fcn binlerce emek\u00e7inin torba tasar\u0131 protestosuyla \u00e7alkalan\u0131rken, CHP Grup Ba\u015fkanvekili Hamza\u00e7ebi, tasar\u0131n\u0131n g\u00f6r\u00fc\u015fmesine ara verelim \u00f6nerinde bulunarak, &#8220;Soka\u011fa kulak verin&#8221; dedi.<\/p>\n<p style=\"text-align: justify;\">TBMM- CHP Grup Ba\u015fkanvekili Akif Hamza\u00e7ebi, Ba\u015fbakan Erdo\u011fan&#8217;a &#8221;Torba Tasar\u0131&#8221;n\u0131n TBMM Genel Kurulu&#8217;ndaki g\u00f6r\u00fc\u015fmelerine ara verme \u00e7a\u011fr\u0131s\u0131 yapt\u0131. Hamza\u00e7ebi, tasar\u0131da yer alan \u00e7al\u0131\u015fma ya\u015fam\u0131na ili\u015fkin d\u00fczenlemelerin, <\/p>\n","protected":false},"author":1,"featured_media":0,"comment_status":"open","ping_status":"closed","sticky":false,"template":"","format":"standard","meta":{"footnotes":""},"categories":[105],"tags":[],"class_list":["post-27598","post","type-post","status-publish","format-standard","hentry","category-gundem","odd"],"_links":{"self":[{"href":"http:\/\/www.korhanyilmaz.com\/index.php?rest_route=\/wp\/v2\/posts\/27598","targetHints":{"allow":["GET"]}}],"collection":[{"href":"http:\/\/www.korhanyilmaz.com\/index.php?rest_route=\/wp\/v2\/posts"}],"about":[{"href":"http:\/\/www.korhanyilmaz.com\/index.php?rest_route=\/wp\/v2\/types\/post"}],"author":[{"embeddable":true,"href":"http:\/\/www.korhanyilmaz.com\/index.php?rest_route=\/wp\/v2\/users\/1"}],"replies":[{"embeddable":true,"href":"http:\/\/www.korhanyilmaz.com\/index.php?rest_route=%2Fwp%2Fv2%2Fcomments&post=27598"}],"version-history":[{"count":0,"href":"http:\/\/www.korhanyilmaz.com\/index.php?rest_route=\/wp\/v2\/posts\/27598\/revisions"}],"wp:attachment":[{"href":"http:\/\/www.korhanyilmaz.com\/index.php?rest_route=%2Fwp%2Fv2%2Fmedia&parent=27598"}],"wp:term":[{"taxonomy":"category","embeddable":true,"href":"http:\/\/www.korhanyilmaz.com\/index.php?rest_route=%2Fwp%2Fv2%2Fcategories&post=27598"},{"taxonomy":"post_tag","embeddable":true,"href":"http:\/\/www.korhanyilmaz.com\/index.php?rest_route=%2Fwp%2Fv2%2Ftags&post=27598"}],"curies":[{"name":"wp","href":"https:\/\/api.w.org\/{rel}","templated":true}]}}