{"id":27594,"date":"2011-02-03T12:54:15","date_gmt":"2011-02-03T10:54:15","guid":{"rendered":"http:\/\/www.korhanyilmaz.com\/?p=27594"},"modified":"2011-02-03T12:54:15","modified_gmt":"2011-02-03T10:54:15","slug":"isci-eylemine-milletvekili-siperi","status":"publish","type":"post","link":"http:\/\/www.korhanyilmaz.com\/?p=27594","title":{"rendered":"\u0130\u015f\u00e7i eylemine milletvekili siperi"},"content":{"rendered":"<p style=\"text-align: center;\"><a href=\"http:\/\/www.korhanyilmaz.com\/wp-content\/uploads\/2011\/02\/069.jpg\"  class=\"lightview\"><img loading=\"lazy\" decoding=\"async\" class=\"aligncenter size-full wp-image-27603\" src=\"http:\/\/www.korhanyilmaz.com\/wp-content\/uploads\/2011\/02\/069.jpg\" alt=\"\" width=\"413\" height=\"220\" \/><\/a><\/p>\n<p style=\"text-align: justify;\">Torba yasa tasar\u0131s\u0131n\u0131 protesto etmek i\u00e7in Ankara\u2019ya gelen g\u00f6stericiler, 57 CHP milletvekilinin siper oldu\u011fu bir kortej ile eylem yap\u0131yor. TEKEL eyleminde g\u00f6z\u00fcne biber gaz\u0131 s\u0131k\u0131lan CHP milletvekili \u00c7etin Soysal\u2019a yine gaz s\u0131k\u0131ld\u0131.<\/p>\n<p style=\"text-align: justify;\">ANKARA- TBMM&#8217;de g\u00f6r\u00fc\u015f\u00fclmekte olan torba yasa tasar\u0131s\u0131n\u0131 protesto etmek i\u00e7in \u00e7e\u015fitli illerden Ankara\u2019ya gelen KESK, D\u0130SK, TMMOB ve TTB \u00fcyeleri, 57 CHP milletvekilinin \u2018\u2019Siper oldu\u011fu\u2019\u2019 bir kortej ile eylem yapt\u0131. Ge\u00e7en y\u0131lk\u0131 TEKEL eyleminde polis taraf\u0131ndan g\u00f6z\u00fcne biber gaz\u0131 s\u0131k\u0131lan CHP milletvekili \u00c7etin Soysal yine s\u0131k\u0131lan gazdan etkilendi. CHP Grup Ba\u015fkanvekili Muharrem \u0130nce de yolu kapatan polislerle tart\u0131\u015ft\u0131 ve \u2018\u2019Ben senin vekilinim, nas\u0131l yol kapat\u0131r beni engellersin\u2019\u2019 diye ba\u011f\u0131rd\u0131.<!--more--><\/p>\n<p style=\"text-align: justify;\">Meclis&#8217;in etraf\u0131nda insan zinciri olu\u015fturmak i\u00e7in y\u00fcr\u00fcyen binlerce eylemciye CHP&#8217;li 57 vekil e\u015flik ederken, CHP milletvekilleri kortejin \u00f6n\u00fcne ge\u00e7erek kol kola tutu\u015ftu. K\u0131z\u0131lay meydan\u0131nda barikat kuran polis engelini a\u015fmak isteyen bir grup sendikal\u0131ya polis g\u00f6z ya\u015fart\u0131c\u0131 gaz s\u0131kt\u0131.<\/p>\n<p style=\"text-align: justify;\">KESK, D\u0130SK, TTB ve TMMOB taraf\u0131ndan Torba Yasa Tasar\u0131s\u0131\u2019n\u0131 protesto etmek amac\u0131yla organize edilen eyleme kat\u0131lanlar 160 otob\u00fcsle Ankara&#8217;ya geldi.. 80 otob\u00fcs Ankara&#8217;ya ula\u015ft\u0131. 80 otob\u00fcsle gelen eylemciler ise geldikleri kentte polis engeli ile kar\u015f\u0131la\u015ft\u0131\u011f\u0131 i\u00e7in hen\u00fcz Ba\u015fkent&#8217;e ula\u015famad\u0131. Ankara Valili\u011fi eylemi \u201cyasad\u0131\u015f\u0131\u201d ilan ederek, Meclis \u00e7evresinde herhangi bir g\u00f6steriye izin verilmeyece\u011fini a\u00e7\u0131klam\u0131\u015ft\u0131.<\/p>\n<p style=\"text-align: center;\"><a href=\"http:\/\/www.korhanyilmaz.com\/wp-content\/uploads\/2011\/02\/067.jpg\"  class=\"lightview\"><img loading=\"lazy\" decoding=\"async\" class=\"aligncenter size-full wp-image-27596\" src=\"http:\/\/www.korhanyilmaz.com\/wp-content\/uploads\/2011\/02\/067.jpg\" alt=\"\" width=\"449\" height=\"231\" \/><\/a><\/p>\n<p style=\"text-align: justify;\"><strong>\u2018\u2019TAYY\u0130P, SONUN M\u00dcBAREK OLSUN\u2019\u2019<\/strong><\/p>\n<p style=\"text-align: justify;\">Polis, Ziya G\u00f6kalp Caddesi&#8217;nde toplanan kalabal\u0131\u011f\u0131 &#8221;Ana arteri kapatt\u0131n\u0131z. Yapt\u0131\u011f\u0131n\u0131z yasal de\u011fil, bas\u0131n a\u00e7\u0131klamas\u0131 yap\u0131n ve da\u011f\u0131l\u0131n&#8221; diyerek uyard\u0131. Eyleme kat\u0131lan binlerce ki\u015fi polisin &#8216;da\u011f\u0131l\u0131n&#8217; anonsuna ra\u011fmen Ziya G\u00f6kalp Caddesi&#8217;nden K\u0131z\u0131lay&#8217;a kadar y\u00fcr\u00fcd\u00fc. Korteje 57&#8217;li CHP&#8217;li siper oldu. CHP&#8217;li vekiller kortejin \u00f6n\u00fcnde kol kola girdi, polis barikat\u0131n\u0131n kuruldu\u011fu K\u0131z\u0131lay&#8217;a kadar y\u00fcr\u00fcd\u00fc.<\/p>\n<p style=\"text-align: justify;\">K\u0131z\u0131lay giri\u015finde da\u011f\u0131lmalar\u0131 y\u00f6n\u00fcnde &#8216;uyar\u0131&#8217; yap\u0131lan eylemciler &#8221;Tayyip sonun M\u00fcbarek olsun&#8221; \u015feklinde slogan att\u0131. Grup, \u201cTorba\u201d tasar\u0131n\u0131n geri \u00e7ekilmesini isteyen pankartlar ta\u015f\u0131rken, eylem alan\u0131na \u00fczerinde torba bulunan bir maket de getirdi. Sendikal\u0131lar, polis barikat\u0131n\u0131 a\u015f\u0131p Meclis&#8217;e y\u00fcr\u00fcmek istiyor.<\/p>\n<p style=\"text-align: justify;\">D\u0130SK Ba\u015fkan\u0131 S\u00fcleyman \u00c7elebi, &#8221;Say\u0131n Ba\u015fbakan di\u011fer \u00fclkelerde yap\u0131lan eylemler i\u00e7in &#8216;halk\u0131n sesine kulak verin&#8217; derken \u00fclkemizde halk\u0131n kula\u011f\u0131 t\u0131kan\u0131yor&#8221; dedi, KESK Ba\u015fkan\u0131 D\u00f6nd\u00fc Taka \u00c7\u0131nar ise,  &#8221;Tunus ve M\u0131s\u0131r&#8217;daki geli\u015fmeler onlar\u0131 korkutmu\u015f olabilir&#8221; diye konu\u015ftu. Yasa\u011f\u0131 &#8216;s\u0131k\u0131y\u00f6netim mant\u0131\u011f\u0131&#8217; olarak de\u011ferlendiren TTB Ba\u015fkan\u0131 Eri\u015f Bilalo\u011flu da, &#8221;\u0130\u015f\u00e7iler, emek\u00e7iler haklar\u0131n\u0131 aray\u0131nca yasaklar hat\u0131rlan\u0131yor&#8221; dedi.<\/p>\n<p style=\"text-align: justify;\"><a href=\"http:\/\/www.gazeteport.com.tr\/EKONOMI\/NEWS\/GP_847256\" target=\"_blank\"><span style=\"color: #888888;\">Kaynak : GAZETEPORT<\/span><\/a><\/p>\n","protected":false},"excerpt":{"rendered":"<p style=\"text-align: center;\">\n<p style=\"text-align: justify;\">Torba yasa tasar\u0131s\u0131n\u0131 protesto etmek i\u00e7in Ankara\u2019ya gelen g\u00f6stericiler, 57 CHP milletvekilinin siper oldu\u011fu bir kortej ile eylem yap\u0131yor. TEKEL eyleminde g\u00f6z\u00fcne biber gaz\u0131 s\u0131k\u0131lan CHP milletvekili \u00c7etin Soysal\u2019a yine gaz s\u0131k\u0131ld\u0131.<\/p>\n<p style=\"text-align: justify;\">ANKARA- TBMM&#8217;de g\u00f6r\u00fc\u015f\u00fclmekte olan torba yasa tasar\u0131s\u0131n\u0131 protesto etmek i\u00e7in \u00e7e\u015fitli illerden Ankara\u2019ya gelen KESK, D\u0130SK, <\/p>\n","protected":false},"author":1,"featured_media":0,"comment_status":"open","ping_status":"closed","sticky":false,"template":"","format":"standard","meta":{"footnotes":""},"categories":[105],"tags":[],"class_list":["post-27594","post","type-post","status-publish","format-standard","hentry","category-gundem","odd"],"_links":{"self":[{"href":"http:\/\/www.korhanyilmaz.com\/index.php?rest_route=\/wp\/v2\/posts\/27594","targetHints":{"allow":["GET"]}}],"collection":[{"href":"http:\/\/www.korhanyilmaz.com\/index.php?rest_route=\/wp\/v2\/posts"}],"about":[{"href":"http:\/\/www.korhanyilmaz.com\/index.php?rest_route=\/wp\/v2\/types\/post"}],"author":[{"embeddable":true,"href":"http:\/\/www.korhanyilmaz.com\/index.php?rest_route=\/wp\/v2\/users\/1"}],"replies":[{"embeddable":true,"href":"http:\/\/www.korhanyilmaz.com\/index.php?rest_route=%2Fwp%2Fv2%2Fcomments&post=27594"}],"version-history":[{"count":0,"href":"http:\/\/www.korhanyilmaz.com\/index.php?rest_route=\/wp\/v2\/posts\/27594\/revisions"}],"wp:attachment":[{"href":"http:\/\/www.korhanyilmaz.com\/index.php?rest_route=%2Fwp%2Fv2%2Fmedia&parent=27594"}],"wp:term":[{"taxonomy":"category","embeddable":true,"href":"http:\/\/www.korhanyilmaz.com\/index.php?rest_route=%2Fwp%2Fv2%2Fcategories&post=27594"},{"taxonomy":"post_tag","embeddable":true,"href":"http:\/\/www.korhanyilmaz.com\/index.php?rest_route=%2Fwp%2Fv2%2Ftags&post=27594"}],"curies":[{"name":"wp","href":"https:\/\/api.w.org\/{rel}","templated":true}]}}