{"id":27590,"date":"2011-02-03T07:45:01","date_gmt":"2011-02-03T05:45:01","guid":{"rendered":"http:\/\/www.korhanyilmaz.com\/?p=27590"},"modified":"2011-02-03T07:45:01","modified_gmt":"2011-02-03T05:45:01","slug":"o-gece-defne-ile-yakinlastik","status":"publish","type":"post","link":"http:\/\/www.korhanyilmaz.com\/?p=27590","title":{"rendered":"&#8220;O gece Defne ile yak\u0131nla\u015ft\u0131k&#8221;"},"content":{"rendered":"<p style=\"text-align: justify;\"><a href=\"http:\/\/www.korhanyilmaz.com\/wp-content\/uploads\/2011\/02\/0651.jpg\"  class=\"lightview\"><img loading=\"lazy\" decoding=\"async\" class=\"aligncenter size-full wp-image-27591\" src=\"http:\/\/www.korhanyilmaz.com\/wp-content\/uploads\/2011\/02\/0651.jpg\" alt=\"\" width=\"385\" height=\"198\" \/><\/a><\/p>\n<p style=\"text-align: justify;\">Defne Joy Foster\u2019in evinde ya\u015fam\u0131n\u0131 yitirdi\u011fi Halit Kerem Altan, polise verdi\u011fi ifadesinde &#8220;Defne ile gece tan\u0131\u015ft\u0131k. G\u00f6ztepe Mahallesi\u2019nde bulunan evime saat 04.00 s\u0131ralar\u0131nda gittik. Bir m\u00fcddet oturduk. Duygusal anlamda aram\u0131zda yak\u0131nla\u015fma oldu. Ancak cinsel ili\u015fki ya\u015fanmad\u0131. Otururken Defne\u2019nin bo\u011faz\u0131ndan h\u0131r\u0131lt\u0131 \u015feklinde sesler gelmeye ba\u015flad\u0131. Benden yiyecek istedi.&#8221; dedi.<!--more--><\/p>\n<p style=\"text-align: justify;\">Defne Joy Foster\u2019in evinde ya\u015fam\u0131n\u0131 yitirdi\u011fi Halit Kerem Altan, G\u00f6ztepe Polis Merkezi\u2019ne g\u00f6t\u00fcr\u00fclerek ifadesi al\u0131nd\u0131. Altan\u2019\u0131n ifadesinde geceyi \u015f\u00f6yle anlatt\u0131\u011f\u0131 \u00f6\u011frenildi:<\/p>\n<p style=\"text-align: justify;\">\u201dArkada\u015flar\u0131mla gitti\u011fimiz mekanda, bir m\u00fcddet sonra Defne ile konu\u015fmaya ba\u015flad\u0131k. Bir s\u00fcre sonra Defne ile dans etmeye ba\u015flad\u0131m. Bu \u015fekilde tan\u0131\u015ft\u0131k. Defne \u00e7ok fazla alkol almad\u0131. Ben de iki adet vokta i\u00e7tim.<\/p>\n<p style=\"text-align: justify;\">Yakla\u015f\u0131k 20-30 dakika e\u011flendikten sonra bardan ben, Defne ve iki arkada\u015f beraber \u00e7\u0131kt\u0131k. Bir ticari taksiye bindik. Yol \u00fczerinde iki arkada\u015f\u0131 evlerine b\u0131rakt\u0131k. Defne ile G\u00f6ztepe Mahallesi\u2019nde bulunan evime saat 04.00 s\u0131ralar\u0131nda gittik. Bir m\u00fcddet oturduk.<\/p>\n<p style=\"text-align: justify;\">Duygusal anlamda aram\u0131zda yak\u0131nla\u015fma oldu. Ancak cinsel ili\u015fki ya\u015fanmad\u0131. Otururken Defne\u2019nin bo\u011faz\u0131ndan h\u0131r\u0131lt\u0131 \u015feklinde sesler gelmeye ba\u015flad\u0131. Benden yiyecek istedi. Dolab\u0131 a\u00e7\u0131p zeytin ezmesi ve krem peynirden biraz yedikten sonra votka istedi. Kola ile kar\u0131\u015ft\u0131r\u0131lm\u0131\u015f bir bardak votka verdim. Votkas\u0131ndan bir ya da iki yudum ald\u0131ktan sonra masaya b\u0131rakt\u0131. Yatak odas\u0131na gittik. Aram\u0131zda duygusal anlamda yak\u0131nla\u015fma burada da oldu. Ancak yine cinsel ili\u015fki ya\u015fanmad\u0131. Tan\u0131\u015ft\u0131\u011f\u0131m\u0131z andan itibaren Defne\u2019nin alkol d\u0131\u015f\u0131nda herhangi bir madde ald\u0131\u011f\u0131n g\u00f6rmedim. Hasta olup olmad\u0131\u011f\u0131n\u0131 da bilmiyordum. Sonra Defne\u2019nin bo\u011faz\u0131ndan yine ayn\u0131 ses geldi.<\/p>\n<p style=\"text-align: justify;\">\u00c7ok bitkin g\u00f6r\u00fcyordu. So\u011fuk su ile y\u0131karsam kendine gelece\u011fini d\u00fc\u015f\u00fcnd\u00fcm. Banyoya g\u00f6t\u00fcr\u00fcp biraz so\u011fuk su ile y\u0131kad\u0131m. Ancak gittik\u00e7e k\u00f6t\u00fcle\u015fiyordu. Eve yak\u0131n olan Ba\u011fdat Caddesi\u2019ndeki Ac\u0131badem Klini\u011fi\u2019ne gittim.\u2008G\u00fcvenlik g\u00f6revlisi kimsenin olmad\u0131\u011f\u0131n\u0131 s\u00f6yleyerek \u0130stek Vakf\u0131\u2019na ait klini\u011fe y\u00f6nlendirdi. Ancak burada da kimse yoktu. Sonras\u0131nda eve d\u00f6nd\u00fcm. Yatakta bayg\u0131n halde yat\u0131yordu.<\/p>\n<p style=\"text-align: justify;\">Ben biraz da alkoll\u00fc oldu\u011funu d\u00fc\u015f\u00fcn\u00fcyordum. Durumu d\u00fczelmeyince 06.30 s\u0131ralar\u0131nda Back-up\u2019\u0131 arad\u0131m. Hangi doktorla g\u00f6r\u00fc\u015ft\u00fcm bilmiyorum. Hat\u0131rlad\u0131\u011f\u0131m tek \u015fey acil bir ambulans istedi\u011fimdi. Yakla\u015f\u0131k 10-15 dakika i\u00e7inde ambulans geldi ve doktor hemen ilk m\u00fcdahaleyi yapt\u0131. Defne\u2019nin ex oldu\u011funu s\u00f6yledi. Sonra da polise bilgi verdik.\u201d<\/p>\n<p style=\"text-align: justify;\"><strong>\u0130K\u0130 HAYAL\u0130 GER\u00c7EK OLDU<\/strong><\/p>\n<p style=\"text-align: justify;\">1975\u2019te T\u00fcrkiye\u2019ye gelen Amerikal\u0131 bir asker, \u0130zmirli g\u00fczeller g\u00fczeli Hatice\u2019ye g\u00f6r\u00fcr g\u00f6rmez a\u015f\u0131k oldu. \u0130lk evlili\u011fini cemiyet hayat\u0131n\u0131n \u00fcnl\u00fc isimlerinden Siren Ertan\u2019\u0131n babas\u0131 Bar\u0131\u015f Ertan\u2019la yapan Hatice de Amerikal\u0131 bu askere kar\u015f\u0131 kay\u0131ts\u0131z kalamad\u0131. Ailesinin t\u00fcm kar\u015f\u0131 gelmelerine ra\u011fmen zenci sevgilisinden gelen evlenme teklifine \u2018evet\u2019 dedi ve ikinci kez nikah masas\u0131na oturdu.<\/p>\n<p style=\"text-align: justify;\">Bu evlilikten 2 May\u0131s 1979\u2019da Defne d\u00fcnyaya geldi. Adana \u0130ncirlik do\u011fumlu olan Defne ilk ve ortaokulu \u0130zmir Alsancak\u2019ta okudu. En b\u00fcy\u00fck hayali sunuculuktu. Bunun i\u00e7in de ilk ad\u0131m\u0131 1996\u2019da Kral TV\u2019de att\u0131. Sempatik tav\u0131rlar\u0131 ve \u00e7al\u0131\u015fkanl\u0131\u011f\u0131yla dikkat \u00e7eken \u00fcnl\u00fc sunucuya arkada\u015flar\u0131 \u2018atom kar\u0131nca\u2019 lakab\u0131n\u0131 takt\u0131.<\/p>\n<p style=\"text-align: justify;\">Enerjisiyle kab\u0131na s\u0131\u011fm\u0131yordu. K\u0131sa s\u00fcrede dizi yap\u0131mc\u0131lar\u0131n\u0131n da dikkatini \u00e7ekti. S\u0131ras\u0131yla Ruhsar (1997) Beyaz Yalanlar (2000) Sihirli Annem (2003-2006) Selena (2008) Hayal ve Ger\u00e7ek (2007) dizilerinde rol ald\u0131. Sunuculuktan da vazge\u00e7medi. \u00c7eyiz Show, \u00c7at Kap\u0131, Bir \u0130\u015f \u0130\u00e7in Laz\u0131m, NTV Ye\u015fil Ekran, Uzman Av\u0131, Zula gibi programlar\u0131 sundu. Polemiklerden uzak duran sadece yapt\u0131\u011f\u0131 i\u015fle g\u00fcndeme gelen Defne \u00f6zel hayat\u0131n\u0131 da g\u00f6zlerden uzak ya\u015fad\u0131. G\u00f6r\u00fcnt\u00fc y\u00f6netmeni sevgilisi \u0130lker Yasin Solmaz ile 2 Haziran 2008\u2019de yapt\u0131\u011f\u0131 evlili\u011fi bile aylar sonra yapt\u0131\u011f\u0131 bir r\u00f6portajda a\u00e7\u0131klayarak \u015fa\u015f\u0131rtt\u0131. E\u015fiyle birlikte Assos\u2019ta Inn Butik Hotel\u2019i a\u00e7t\u0131. \u0130kinci b\u00fcy\u00fck bir hayali olan anneli\u011fi tatt\u0131 ve 13 Haziran 2009\u2019da \u2018in\u015fallah babas\u0131na benzer\u2019 dedi\u011fi o\u011flu Can K\u0131l\u0131\u00e7\u2019\u0131 d\u00fcnyaya getirdi.<\/p>\n<p style=\"text-align: justify;\">Evlili\u011fiyle birlikte kabu\u011funa \u00e7ekildi\u011fi d\u00fc\u015f\u00fcn\u00fclen \u00fcnl\u00fc sunucu televizyon kariyerinde ger\u00e7ek patlamay\u0131 Acun Il\u0131cal\u0131\u2019n\u0131n \u201cYok B\u00f6yle Dans\u201d yar\u0131\u015fmas\u0131na kat\u0131larak ya\u015fad\u0131.<\/p>\n<p style=\"text-align: justify;\">Yar\u0131\u015fmada dobra konu\u015fmalar\u0131 ve sempatik tav\u0131rlar\u0131yla dikkat \u00e7ekti. Partneri Rick Rose ile birlikte di\u011fer finalistlere kar\u015f\u0131 k\u0131ran k\u0131ran bir m\u00fccadele verdi. Son 4 \u00e7ift aras\u0131na girmeyi ba\u015fard\u0131 her hafta \u2018bug\u00fcn elenece\u011fim, hissediyorum\u2019 dedi\u011fi yar\u0131\u015fmaya ge\u00e7en hafta veda etti. Foster Acun Il\u0131cal\u0131\u2019n\u0131n Survivor yar\u0131\u015fmas\u0131na da kat\u0131lacakt\u0131.<\/p>\n<p style=\"text-align: justify;\"><strong>&#8220;HAYAT HESAP YAPACAK KADAR UZUN DE\u011e\u0130L&#8221;<\/strong><\/p>\n<p style=\"text-align: justify;\">Defne 14 g\u00fcn \u00f6nce Twitter\u2019da \u201cHay\u0131r bisey diil trafikte \u00f6lecez, ya kalpten ya stresten\u201d demi\u015fti. Foster, ge\u00e7en hafta son r\u00f6portaj\u0131nda da \u2018Deli misiniz?\u2019 sorusuna, \u201cHesaps\u0131z\u0131m, hayat hesap yapacak kadar uzun de\u011fil\u201d diye cevaplam\u0131\u015ft\u0131.<\/p>\n<p style=\"text-align: justify;\"><strong>\u0130\u015eTE DEFNE JOY FOSTER&#8217;IN TW\u0130TTER&#8217;DAK\u0130 SON MESAJLARI<\/strong><\/p>\n<p style=\"text-align: justify;\">A\u015eK&#8230;kimsenin yaninda uzun sure kalmayan bi .rospu gibi&#8230;<\/p>\n<p style=\"text-align: justify;\">Hayir bisey diil trafikte \u00f6lecez ya kalpten ya sitiiresten<\/p>\n<p style=\"text-align: justify;\">Tek bildigim ma\u00e7 kalbimle beynimin oynadi\u011fi&#8230;goller diil galiba pozizyonlar onemli<\/p>\n<p style=\"text-align: justify;\">Uyumayan sehrin uyuyan akillarina ask ufleyesim var.. Belki kalbe ulasir diye yine \u00fcmidim hep \u00fcmidim&#8230;.<\/p>\n<p style=\"text-align: justify;\">Calisiyorum calisiyorum ve fakat yinede dans edemiyorum.nasii olcak bilmiyorum :)<\/p>\n<p style=\"text-align: justify;\">K\u0131s\u0131n geldigini zanederken a\u00e7an g\u00fcne\u015ften daha g\u00fczel pek \u00e7ok \u015fey var Amaa bug\u00fcn\u00fcn birincisi g\u00fcne\u015fti<\/p>\n<p style=\"text-align: justify;\">Tatilde hicbiseyi takip etmiyor ya insan \u00e7ok keyifli oluyo.\u0130stanbul lisan\u0131n\u0131 yakalayamamakda \u00f6yle. Ram\u0131z day\u0131 ezel k\u0131van\u00e7 noluyo yahu<\/p>\n<p style=\"text-align: justify;\">Fethiye&#8217;de tekne sefas\u0131 yapanlar aksamda sallaniyolar. D\u00fcnya don\u00fcyor ben don\u00fcyorum :)<\/p>\n<p style=\"text-align: justify;\">K\u00f6pr\u00fcde hep trafiik hep trafiiiik.bu ne can\u0131m.bence art\u0131k herkes kendi yakas\u0131nda kals\u0131n.\u00e7\u00f6zelim bu \u0131s\u0131.<\/p>\n<p style=\"text-align: justify;\">Do\u011fdu\u011fu g\u00fcn \u00f6len insanlar muhtemel s\u0131k\u0131nt\u0131dan \u00f6l\u00fcyolar :)<\/p>\n<p style=\"text-align: justify;\">Bug\u00fcn benim dogumgunum.hem yasliyim hem \u015fa\u015fk\u0131n\u0131m.gen\u00e7limi heyecanlar\u0131m\u0131 hayallerimi hediye paketiyle bana geri verirlerse \u00e7ok k\u0131yak olur<\/p>\n<p style=\"text-align: justify;\">Yar\u0131n dogumgunum :( sonbaharda dogunca hayat ayr\u0131 bir melankoli<\/p>\n<p style=\"text-align: justify;\">Bu havalar\u0131n katil ruhunu ozlemisim.ya kendime kiyicam ya kiyamadigima&#8230;<\/p>\n<p style=\"text-align: justify;\">hadi gel kurtar beni.<\/p>\n<p style=\"text-align: justify;\"><strong>SEVENLER\u0130 DEFNE JOY FOSTER \u0130\u00c7\u0130N YAZDI<\/strong><\/p>\n<p style=\"text-align: justify;\">Defne Joy Foster&#8217;\u0131n ani \u00f6l\u00fcm\u00fc \u015fov d\u00fcnyas\u0131nda \u015fok etkisi yaratt\u0131..\u0130\u015fte Defne Joy&#8217;un ard\u0131ndan yaz\u0131lan Twitter yorumlar\u0131&#8230;<\/p>\n<p style=\"text-align: justify;\">ARMA\u011eAN \u00c7A\u011eLAYAN: Birisi \u015faka desin l\u00fctfen!!!!<\/p>\n<p style=\"text-align: justify;\">BET\u00dcL DEM\u0130R: \u0130nanmak istemiyor insan, allah sevenlerine sab\u0131r, Defne&#8217;ye de rahmet eylesin<\/p>\n<p style=\"text-align: justify;\">EBRU \u015eALLI: Kalbi y\u00fcre\u011fi \u00e7ok g\u00fczeldi.Topra\u011f\u0131 bol olsun, hala inanam\u0131yorum \u015fa\u015fk\u0131n\u0131m :(<\/p>\n<p style=\"text-align: justify;\">ECE ERKEN:Ne kadar ac\u0131&#8230;bu gen\u00e7 ya\u015fta \u00f6l\u00fcmler&#8230;Allah ailesine sab\u0131r versin&#8230;hayat ne kadar basit asl\u0131nda&#8230;ya\u015f\u0131yorsun ans\u0131z\u0131n gidiyorsun..<\/p>\n<p style=\"text-align: justify;\">EL\u0130F G\u00dcVEND\u0130K: Offffff t\u00fcylerim diken diken moralim s\u0131f\u0131r d\u00fcnya tatl\u0131s\u0131 bir o\u011ful,e\u015fi ,ailesi&#8230; Allah sab\u0131rlar versin \u00e7ok zor \u00e7okkk..<\/p>\n<p style=\"text-align: justify;\">G\u0130ZEM \u00d6ZD\u0130LL\u0130: \u00c7ok \u00fcz\u00fcld\u00fcm \u00e7ok.. bu nas\u0131l bir kader gen\u00e7 anne&#8230;<\/p>\n<p style=\"text-align: justify;\">LEVENT \u00dcZ\u00dcMC\u00dc: San\u0131r\u0131m beyaz camdakiler ger\u00e7ekten hi\u00e7 \u00f6lmeyecekmi\u015f gibi geliyor insana. O enerjiyi toprak nas\u0131l hazmedecek bilemiyorum&#8230;<\/p>\n<p style=\"text-align: justify;\">MESUT YAR: G\u00fcnayd\u0131n(!) Defne Joy \u00f6lm\u00fc\u015f. Hakikaten \u00fcz\u00fcld\u00fcm. S\u0131k\u0131 bir dost, zarars\u0131z bir insand\u0131. Nur i\u00e7inde yats\u0131n&#8230;<\/p>\n<p style=\"text-align: justify;\">NED\u0130M SABAN: Hani sabahlar ne\u015feli ba\u015flayacakt\u0131? Bu bir \u015faka olmal\u0131!<\/p>\n<p style=\"text-align: justify;\">PETEK D\u0130N\u00c7\u00d6Z: 33 ya\u015f\u0131nda etraf\u0131na ne\u015fe sa\u00e7an Defne&#8217;nin \u00f6l\u00fcm haberine inanam\u0131yorum. \u00c7ok \u00fcz\u00fcld\u00fcm&#8230;<\/p>\n<p style=\"text-align: justify;\">RAH\u015eAN G\u00dcL\u015eAN: Acun&#8217;un da en k\u00fc\u00e7\u00fck bir bilgisi yok neden oldu\u011funa dair. O s\u00fcrekli &#8220;bebe\u011fi bir ya\u015f\u0131ndayd\u0131&#8221; deyip duruyor kontrols\u00fczce&#8230;<\/p>\n<p style=\"text-align: justify;\">REYHAN KARACA: Bebeci\u011fi vard\u0131,d\u00fcnya g\u00fczeli bir annesi vard\u0131.Allah anac\u0131\u011f\u0131na sab\u0131r versin.\u00e7ok severdim \u00e7ok \u00f6zeldi benim i\u00e7in \u00e7ok.<\/p>\n<p style=\"text-align: justify;\">YUNUS G\u00dcNCE: Defne Joy depremi. \u00d6lm\u00fc\u015f . \u00c7ok&#8230;.ne diyim&#8230;sars\u0131ld\u0131m. Bo\u015f bak\u0131yorum \u015fu an.Bom bo\u015f!<\/p>\n<p style=\"text-align: justify;\">DERYA BAYKAL: Ayyy Defne yakt\u0131n bizi Defne. \u00c7ok \u00fcz\u00fcld\u00fcm \u00e7okkkk. \u015eaka olsun l\u00fctfen&#8230;<\/p>\n<p style=\"text-align: justify;\">ECE VAHAPO\u011eLU: Defne Joy Foster&#8217;in \u00f6l\u00fcm haberini \u015fimdi okudum; \u015fa\u015fk\u0131nl\u0131k i\u00e7indeyim&#8230; Allah rahmet eylesin; topra\u011f\u0131 bol olsun.. kelimeler de yetersiz&#8230;<\/p>\n<p><a href=\"http:\/\/www.gazeteport.com.tr\/GUNCEL\/NEWS\/GP_846998\" target=\"_blank\"><span style=\"color: #888888;\">Kaynak : GAZETEPORT<\/span><\/a><\/p>\n","protected":false},"excerpt":{"rendered":"<p style=\"text-align: justify;\">\n<p style=\"text-align: justify;\">Defne Joy Foster\u2019in evinde ya\u015fam\u0131n\u0131 yitirdi\u011fi Halit Kerem Altan, polise verdi\u011fi ifadesinde &#8220;Defne ile gece tan\u0131\u015ft\u0131k. G\u00f6ztepe Mahallesi\u2019nde bulunan evime saat 04.00 s\u0131ralar\u0131nda gittik. Bir m\u00fcddet oturduk. Duygusal anlamda aram\u0131zda yak\u0131nla\u015fma oldu. Ancak cinsel ili\u015fki ya\u015fanmad\u0131. Otururken Defne\u2019nin bo\u011faz\u0131ndan h\u0131r\u0131lt\u0131 \u015feklinde sesler gelmeye ba\u015flad\u0131. Benden yiyecek istedi.&#8221; dedi.<\/p>\n","protected":false},"author":1,"featured_media":0,"comment_status":"open","ping_status":"closed","sticky":false,"template":"","format":"standard","meta":{"footnotes":""},"categories":[105],"tags":[],"class_list":["post-27590","post","type-post","status-publish","format-standard","hentry","category-gundem","odd"],"_links":{"self":[{"href":"http:\/\/www.korhanyilmaz.com\/index.php?rest_route=\/wp\/v2\/posts\/27590","targetHints":{"allow":["GET"]}}],"collection":[{"href":"http:\/\/www.korhanyilmaz.com\/index.php?rest_route=\/wp\/v2\/posts"}],"about":[{"href":"http:\/\/www.korhanyilmaz.com\/index.php?rest_route=\/wp\/v2\/types\/post"}],"author":[{"embeddable":true,"href":"http:\/\/www.korhanyilmaz.com\/index.php?rest_route=\/wp\/v2\/users\/1"}],"replies":[{"embeddable":true,"href":"http:\/\/www.korhanyilmaz.com\/index.php?rest_route=%2Fwp%2Fv2%2Fcomments&post=27590"}],"version-history":[{"count":0,"href":"http:\/\/www.korhanyilmaz.com\/index.php?rest_route=\/wp\/v2\/posts\/27590\/revisions"}],"wp:attachment":[{"href":"http:\/\/www.korhanyilmaz.com\/index.php?rest_route=%2Fwp%2Fv2%2Fmedia&parent=27590"}],"wp:term":[{"taxonomy":"category","embeddable":true,"href":"http:\/\/www.korhanyilmaz.com\/index.php?rest_route=%2Fwp%2Fv2%2Fcategories&post=27590"},{"taxonomy":"post_tag","embeddable":true,"href":"http:\/\/www.korhanyilmaz.com\/index.php?rest_route=%2Fwp%2Fv2%2Ftags&post=27590"}],"curies":[{"name":"wp","href":"https:\/\/api.w.org\/{rel}","templated":true}]}}