{"id":27583,"date":"2011-02-02T08:44:49","date_gmt":"2011-02-02T06:44:49","guid":{"rendered":"http:\/\/www.korhanyilmaz.com\/?p=27583"},"modified":"2011-02-02T08:44:49","modified_gmt":"2011-02-02T06:44:49","slug":"defne-joy-foster-hayatini-kaybetti","status":"publish","type":"post","link":"http:\/\/www.korhanyilmaz.com\/?p=27583","title":{"rendered":"Defne Joy Foster hayat\u0131n\u0131 kaybetti"},"content":{"rendered":"<p style=\"text-align: justify;\"><a href=\"http:\/\/www.korhanyilmaz.com\/wp-content\/uploads\/2011\/02\/066.jpg\"  class=\"lightview\"><img loading=\"lazy\" decoding=\"async\" class=\"aligncenter size-full wp-image-27584\" src=\"http:\/\/www.korhanyilmaz.com\/wp-content\/uploads\/2011\/02\/066.jpg\" alt=\"\" width=\"320\" height=\"214\" \/><\/a><\/p>\n<p style=\"text-align: justify;\">Foster, gece e\u011flendikten sonra arkada\u015f\u0131n\u0131n evinde \u00f6l\u00fc bulundu. Foster&#8217;\u0131n ast\u0131m krizi nedeniyle hayat\u0131n\u0131 kaybetti\u011fi san\u0131l\u0131yor. Foster&#8217;\u0131n cenazesi ailesinin iste\u011fi \u00fczerine Fethiye&#8217;ye g\u00f6t\u00fcr\u00fclecek.<\/p>\n<p style=\"text-align: justify;\"><strong><span style=\"text-decoration: underline;\">\u0130STANBUL<\/span><\/strong> &#8211; &#8216;Yok B\u00f6yle Bir Dans&#8217; adl\u0131 programda yar\u0131\u015fmac\u0131 olan \u00fcnl\u00fc sunucu ve DJ Defne Joy Foster, \u0130stanbul Caddebostan&#8217;daki bir arkada\u015f\u0131n\u0131n evinde \u00f6l\u00fc bulundu.  Defne Joy Foster&#8217;\u0131n ani \u00f6l\u00fcm sebebinin ast\u0131m krizi oldu\u011fu iddia ediliyor. Foster, \u00f6nceki gece Yok B\u00f6yle Dans ekibinden arkada\u015flar\u0131yla Beyo\u011flu&#8217;nda E\u011flence adl\u0131 gece kulub\u00fcnden \u00e7\u0131kt\u0131ktan sonra Ahmet Altan&#8217;\u0131n o\u011flu Kerem Altan&#8217;\u0131n Caddebostan&#8217;daki evine gitti. Kap\u0131dan girer girmez &#8220;Benim ast\u0131m\u0131m tuttu, nefes alam\u0131yorum&#8221; dedi\u011fi, Altan&#8217;\u0131n 112 Acil&#8217;i arad\u0131\u011f\u0131 fakat ambulans geldi\u011finde Foster&#8217;\u0131n hayat\u0131n\u0131 kaybetmi\u015f oldu\u011fu belirtildi. <!--more--><\/p>\n<p style=\"text-align: justify;\"><strong>E\u015e\u0130 EVE GELD\u0130 <\/strong><\/p>\n<p style=\"text-align: justify;\">\u00d6l\u00fcm \u00fczerine durum savc\u0131l\u0131\u011fa bildirildi. Tanzimat Sokak\u2019ta bulunan eve gelen Cumhuriyet Savc\u0131s\u0131 ve Adli T\u0131p ekipleri, ilk incelemelerinde Foster\u2019\u0131n \u00fczerinde darp izi ve ba\u015fka bulguya rastlamad\u0131. Olay yerine Defne Joy Foster\u2019\u0131n e\u015fi \u0130lker Yasin Solmaz da \u00e7a\u011f\u0131r\u0131ld\u0131. Eve gelen Solmaz&#8217;\u0131 arkada\u015flar\u0131 teselli etmeye \u00e7al\u0131\u015ft\u0131. Solmaz eve \u00e7\u0131karak bir s\u00fcre i\u00e7eride kald\u0131. Solmaz&#8217;\u0131n olduk\u00e7a bitkin oldu\u011fu g\u00f6r\u00fcld\u00fc. Defne Joy Foster&#8217;in cenazesi incelemenin ard\u0131ndan G\u00f6ztepe Egitim ve Arast\u0131rma Hastanesi morguna kald\u0131r\u0131ld\u0131. Bu arada ev sahibi Altan ifadesine ba\u015fvurulmak \u00fczere polis merkezine g\u00f6t\u00fcr\u00fcld\u00fc.<\/p>\n<p style=\"text-align: justify;\"><strong>FETH\u0130YE&#8217;DE TOPRA\u011eA VER\u0130LECEK <\/strong><\/p>\n<p style=\"text-align: justify;\">Defne Joy Foster&#8217;\u0131n cenazesi Adli T\u0131p&#8217;a g\u00f6t\u00fcr\u00fclmek \u00fczere Caddebostan&#8217;daki evden al\u0131nd\u0131. Cenaze t\u00f6reninin ailesinin iste\u011fi \u00fczerine Fethiye&#8217;ye g\u00f6t\u00fcr\u00fclece\u011fi belirtildi. Emniyet&#8217;in raporuna g\u00f6re Foster&#8217;\u0131n \u00f6l\u00fcm sebebi kalp krizi. Ast\u0131m hastas\u0131 oldu\u011fu bilinen Defne Joy Foster\u2019\u0131n &#8220;solunum yetmezli\u011fi&#8221;, &#8220;kalp krizi&#8221; veya &#8220;ast\u0131m krizi&#8221; y\u00fcz\u00fcnden hayat\u0131n\u0131 kaybetti\u011fi san\u0131l\u0131yor. Foster\u2019\u0131n, kesin \u00f6l\u00fcm sebebi yap\u0131lacak otopsiden sonra anla\u015f\u0131lacak. Bu arada Foster&#8217;in \u00e7antas\u0131ndan ast\u0131m ila\u00e7lar\u0131 \u00e7\u0131kt\u0131\u011f\u0131 kaydedildi.<\/p>\n<p style=\"text-align: justify;\"><strong>DEFNE JOY FOSTER K\u0130MD\u0130R? <\/strong><\/p>\n<p style=\"text-align: justify;\">Annesi T\u00fcrk, babas\u0131 Amerikal\u0131 olan Defne Joy Foster, ortaokulu \u0130zmir Alsancak Ortaokulu&#8217;nda okudu. 2008&#8217;de \u0130lker Yasin Solmaz ile evlendi ve bu evlilikten 13 Haziran 2009&#8217;da Can K\u0131l\u0131\u00e7 ad\u0131nda bir o\u011flu oldu.<\/p>\n<p style=\"text-align: justify;\">\u0130lk olarak Kral TV&#8217;de ekran ba\u015f\u0131na ge\u00e7en Foster, daha sonra \u00e7e\u015fitli kanallarda m\u00fczik program\u0131 sunuculu\u011fu yapt\u0131. Ard\u0131ndan dizi oyunculu\u011funa ba\u015flad\u0131. Uzun bir s\u00fcre &#8220;Sihirli Annem&#8221; adl\u0131 dizide &#8220;Eda&#8221; karakterini canland\u0131rd\u0131.<\/p>\n<p style=\"text-align: justify;\">Oyunculu\u011fun d\u0131\u015f\u0131nda bir s\u00fcre tekrar program sundu. Tv8&#8217;de yay\u0131nlanan &#8220;Bir \u0130\u015f \u0130\u00e7in Laz\u0131m&#8221; adl\u0131 program\u0131 Cemil B\u00fcy\u00fckd\u00f6\u011ferli ile birlikte sundu. Bunun d\u0131\u015f\u0131nda bir TRT program\u0131 olan &#8220;\u00c7eyiz \u015eov&#8221;u sundu, NTV&#8217;de &#8220;Ye\u015fil Ekran&#8221; ku\u015fa\u011f\u0131nda da sunuculuk yapt\u0131.<\/p>\n<p style=\"text-align: justify;\">Son olarak Acun Il\u0131cal\u0131&#8217;n\u0131n sunup, yap\u0131m\u0131n\u0131 \u00fcstlendi\u011fi &#8220;Yok B\u00f6yle Dans&#8221; adl\u0131 programa yar\u0131\u015fmac\u0131 olarak kat\u0131lm\u0131\u015f ve ge\u00e7en hafta yap\u0131lan oylama sonras\u0131 programa veda etmi\u015fti.<\/p>\n<p style=\"text-align: justify;\"><a href=\"http:\/\/www.radikal.com.tr\/Radikal.aspx?aType=RadikalDetayV3&amp;ArticleID=1038730&amp;Date=02.02.2011&amp;CategoryID=79\" target=\"_blank\"><span style=\"color: #888888;\">Kaynak : Radikal<\/span><\/a><\/p>\n","protected":false},"excerpt":{"rendered":"<p style=\"text-align: justify;\">\n<p style=\"text-align: justify;\">Foster, gece e\u011flendikten sonra arkada\u015f\u0131n\u0131n evinde \u00f6l\u00fc bulundu. Foster&#8217;\u0131n ast\u0131m krizi nedeniyle hayat\u0131n\u0131 kaybetti\u011fi san\u0131l\u0131yor. Foster&#8217;\u0131n cenazesi ailesinin iste\u011fi \u00fczerine Fethiye&#8217;ye g\u00f6t\u00fcr\u00fclecek.<\/p>\n<p style=\"text-align: justify;\">\u0130STANBUL &#8211; &#8216;Yok B\u00f6yle Bir Dans&#8217; adl\u0131 programda yar\u0131\u015fmac\u0131 olan \u00fcnl\u00fc sunucu ve DJ Defne Joy Foster, \u0130stanbul Caddebostan&#8217;daki bir arkada\u015f\u0131n\u0131n evinde \u00f6l\u00fc bulundu. Defne Joy <\/p>\n","protected":false},"author":1,"featured_media":0,"comment_status":"open","ping_status":"closed","sticky":false,"template":"","format":"standard","meta":{"footnotes":""},"categories":[105],"tags":[],"class_list":["post-27583","post","type-post","status-publish","format-standard","hentry","category-gundem","odd"],"_links":{"self":[{"href":"http:\/\/www.korhanyilmaz.com\/index.php?rest_route=\/wp\/v2\/posts\/27583","targetHints":{"allow":["GET"]}}],"collection":[{"href":"http:\/\/www.korhanyilmaz.com\/index.php?rest_route=\/wp\/v2\/posts"}],"about":[{"href":"http:\/\/www.korhanyilmaz.com\/index.php?rest_route=\/wp\/v2\/types\/post"}],"author":[{"embeddable":true,"href":"http:\/\/www.korhanyilmaz.com\/index.php?rest_route=\/wp\/v2\/users\/1"}],"replies":[{"embeddable":true,"href":"http:\/\/www.korhanyilmaz.com\/index.php?rest_route=%2Fwp%2Fv2%2Fcomments&post=27583"}],"version-history":[{"count":0,"href":"http:\/\/www.korhanyilmaz.com\/index.php?rest_route=\/wp\/v2\/posts\/27583\/revisions"}],"wp:attachment":[{"href":"http:\/\/www.korhanyilmaz.com\/index.php?rest_route=%2Fwp%2Fv2%2Fmedia&parent=27583"}],"wp:term":[{"taxonomy":"category","embeddable":true,"href":"http:\/\/www.korhanyilmaz.com\/index.php?rest_route=%2Fwp%2Fv2%2Fcategories&post=27583"},{"taxonomy":"post_tag","embeddable":true,"href":"http:\/\/www.korhanyilmaz.com\/index.php?rest_route=%2Fwp%2Fv2%2Ftags&post=27583"}],"curies":[{"name":"wp","href":"https:\/\/api.w.org\/{rel}","templated":true}]}}