{"id":27579,"date":"2011-02-02T07:26:46","date_gmt":"2011-02-02T05:26:46","guid":{"rendered":"http:\/\/www.korhanyilmaz.com\/?p=27579"},"modified":"2011-02-02T07:26:46","modified_gmt":"2011-02-02T05:26:46","slug":"mit-yazisindaki-suikast-hayal-mahsulu-cikti","status":"publish","type":"post","link":"http:\/\/www.korhanyilmaz.com\/?p=27579","title":{"rendered":"M\u0130T yaz\u0131s\u0131ndaki suikast hayal mahsul\u00fc \u00e7\u0131kt\u0131"},"content":{"rendered":"<p style=\"text-align: justify;\"><a href=\"http:\/\/www.korhanyilmaz.com\/wp-content\/uploads\/2011\/02\/065.jpg\"  class=\"lightview\"><img loading=\"lazy\" decoding=\"async\" class=\"aligncenter size-full wp-image-27580\" src=\"http:\/\/www.korhanyilmaz.com\/wp-content\/uploads\/2011\/02\/065.jpg\" alt=\"\" width=\"414\" height=\"219\" \/><\/a><\/p>\n<p style=\"text-align: justify;\">M\u0130T&#8217;in yaz\u0131s\u0131yla g\u00fcndeme gelen Ba\u015fbakan&#8217;a suikast iddialar\u0131n\u0131n tamam\u0131 hayali \u00e7\u0131kt\u0131. Belgedeki gibi ne suikast i\u00e7in tutulmu\u015f bir ev ne de ekip var.<\/p>\n<p style=\"text-align: justify;\">Ba\u015fbakan Tayyip Erdo\u011fan\u2019a suikast haz\u0131rl\u0131\u011f\u0131 ile ilgili M\u0130T\u2019in haz\u0131rlad\u0131\u011f\u0131 ve Ba\u015fbakanl\u0131\u011fa g\u00f6nderdi\u011fi \u2018bilgi notu\u2019nda ge\u00e7en hemen her \u015fey hayali \u00e7\u0131kt\u0131. Ne \u0130stanbul K\u0131s\u0131kl\u0131\u2019da kiralanm\u0131\u015f bir ev var, ne Bulgaristan\u2019da ya\u015fayan emekli bir albay, ne de eylemin finans\u00f6r\u00fc oldu\u011fu s\u00f6ylenen ve \u0130stanbul Maslak\u2019ta i\u015fyeri bulunan 40-45 ya\u015flar\u0131nda Selahattin Beyaz\u0131t diye bir \u015fah\u0131s! Yar\u0131m bodrum \u015feklindeki evin caddeye bakan k\u0131sm\u0131ndan da iki tu\u011fla \u00e7\u0131kmam\u0131\u015f. \u0130ddia da ger\u00e7ek olan ise sadece ihbar notu. <!--more--><\/p>\n<p style=\"text-align: justify;\">M\u0130T\u2019nin raporunda 2007 Temmuz ay\u0131nda Erdo\u011fan\u2019a suikast yap\u0131laca\u011f\u0131 ve Dan\u0131\u015ftay cinayeti nedeniyle g\u00f6zalt\u0131na al\u0131nan ve sonra serbest b\u0131rak\u0131lan Zeki Yurdakul \u00c7a\u011fman ile emekli Y\u00fczba\u015f\u0131 Zekeriya \u00d6zt\u00fcrk\u2019\u00fcn suikast i\u00e7in \u0130stanbul\u2019da bir daire kiralad\u0131klar\u0131 belirtiliyordu. General \u0130brahim lakapl\u0131 \u00c7e\u00e7en S.D de eylemin tetik\u00e7isi olarak an\u0131l\u0131yordu. Sadece duyuma dayand\u0131r\u0131lan rapor, yakla\u015f\u0131k \u00fc\u00e7 g\u00fcnd\u00fcr bas\u0131nda tart\u0131\u015f\u0131l\u0131yor.<\/p>\n<p style=\"text-align: justify;\">Birinci Ergenekon davas\u0131na M\u0130T\u2019ten gelen belge den anla\u015f\u0131ld\u0131\u011f\u0131na g\u00f6re M\u0130T bu ihbar\u0131 dikkate almam\u0131\u015f ve takibatta bulunmam\u0131\u015f. M\u0130T \u2018Teyit ya da tekzip edilemeyen duyum ve ihbar\u2019 \u015feklinde nitelendirdi\u011fi e-posta ile ilgili hi\u00e7bir giri\u015fimde bulunmam\u0131\u015f. Ancak iddialarla ilgili \u0130stanbul Emniyeti geni\u015f \u00e7apl\u0131 bir soru\u015fturma yapm\u0131\u015f. \u0130\u00e7i\u015fleri Bakanl\u0131\u011f\u0131\u2019ndan kendilerine gelen 28.07.2007 tarihli yaz\u0131 \u00fczerine harekete ge\u00e7en polis, K\u0131s\u0131kl\u0131\u2019da ad\u0131 zikredilen sar\u0131 renkli evlerin hepsi incelenmi\u015f ve iddialar\u0131n hayal mahsul\u00fc oldu\u011fu ortaya \u00e7\u0131km\u0131\u015f. Ad\u0131 ge\u00e7en \u015fah\u0131slar g\u00f6zalt\u0131na al\u0131nm\u0131\u015f ve mahkemece serbest b\u0131rak\u0131lm\u0131\u015f.<\/p>\n<p style=\"text-align: justify;\"><strong>Hayali albay kim? <\/strong><\/p>\n<p style=\"text-align: justify;\">M\u0130T\u2019in yaz\u0131s\u0131nda ad\u0131 ge\u00e7en ve Bulgaristan\u2019da ya\u015fad\u0131\u011f\u0131 \u00f6ne s\u00fcr\u00fclen emekli albay\u0131n ad\u0131n\u0131 ilk kez Do\u011fu Perin\u00e7ek ortaya atm\u0131\u015ft\u0131. Perin\u00e7ek, Dan\u0131\u015ftay sald\u0131r\u0131s\u0131n\u0131n faili Alparslan Arslan\u2019\u0131n bu albayca e\u011fitildi\u011fini iddia etmi\u015fti. Ancak Arslan\u2019\u0131n Bulgaristan\u2019a hi\u00e7 giri\u015f yapmad\u0131\u011f\u0131 tespit edilmi\u015fti.<\/p>\n<p style=\"text-align: justify;\"><strong>M\u0130T neden ara\u015ft\u0131rmad\u0131?<\/strong><\/p>\n<p style=\"text-align: justify;\">M\u0130T\u2019in Ba\u015fbakan\u2019a suikast yap\u0131laca\u011f\u0131 y\u00f6n\u00fcndeki ihbarla ilgili yaz\u0131s\u0131 konusunda ak\u0131llarda pek \u00e7ok soru kald\u0131.<\/p>\n<p style=\"text-align: justify;\">* M\u0130T, b\u00f6yle duyumu neden sadece Ba\u015fbakanl\u0131k ve \u0130\u00e7i\u015fleri Bakanl\u0131\u011f\u0131 ile payla\u015fmakla yetinip eylemcilerle ilgili herhangi bir takibat yapmad\u0131?<\/p>\n<p style=\"text-align: justify;\">* 1 Temmuz 2007\u2019de kendilerine intikal eden Ba\u015fbakan\u2019a y\u00f6nelik bu duyumu neden 24 Temmuz 2007\u2019ye kadar ilgili makamlara g\u00f6ndermek i\u00e7in bekledi?<\/p>\n<p style=\"text-align: justify;\">* \u0130stanbul Maslak\u2019ta i\u015fyeri bulunan ve eylemin finans\u00f6r\u00fc olarak adland\u0131r\u0131lan ki\u015finin ger\u00e7ek kimli\u011fini hi\u00e7 ara\u015ft\u0131rd\u0131 m\u0131?<\/p>\n<p style=\"text-align: justify;\">* Bulgaristan\u2019da ya\u015fad\u0131\u011f\u0131 belirtilen emekli albay\u0131n kim oldu\u011fu, nerede ya\u015fad\u0131\u011f\u0131 ve eylemcilerle nas\u0131l g\u00f6r\u00fc\u015ft\u00fc\u011f\u00fc ile ilgili M\u0130T\u2019in somut bir bilgisi var m\u0131?<\/p>\n<p style=\"text-align: justify;\"><a href=\"http:\/\/www.radikal.com.tr\/Radikal.aspx?aType=RadikalDetayV3&amp;ArticleID=1038724&amp;Date=02.02.2011&amp;CategoryID=77\" target=\"_blank\">Kaynak : Radikal<\/a><\/p>\n","protected":false},"excerpt":{"rendered":"<p style=\"text-align: justify;\">\n<p style=\"text-align: justify;\">M\u0130T&#8217;in yaz\u0131s\u0131yla g\u00fcndeme gelen Ba\u015fbakan&#8217;a suikast iddialar\u0131n\u0131n tamam\u0131 hayali \u00e7\u0131kt\u0131. Belgedeki gibi ne suikast i\u00e7in tutulmu\u015f bir ev ne de ekip var.<\/p>\n<p style=\"text-align: justify;\">Ba\u015fbakan Tayyip Erdo\u011fan\u2019a suikast haz\u0131rl\u0131\u011f\u0131 ile ilgili M\u0130T\u2019in haz\u0131rlad\u0131\u011f\u0131 ve Ba\u015fbakanl\u0131\u011fa g\u00f6nderdi\u011fi \u2018bilgi notu\u2019nda ge\u00e7en hemen her \u015fey hayali \u00e7\u0131kt\u0131. Ne \u0130stanbul K\u0131s\u0131kl\u0131\u2019da kiralanm\u0131\u015f bir ev <\/p>\n","protected":false},"author":1,"featured_media":0,"comment_status":"open","ping_status":"closed","sticky":false,"template":"","format":"standard","meta":{"footnotes":""},"categories":[105],"tags":[],"class_list":["post-27579","post","type-post","status-publish","format-standard","hentry","category-gundem","odd"],"_links":{"self":[{"href":"http:\/\/www.korhanyilmaz.com\/index.php?rest_route=\/wp\/v2\/posts\/27579","targetHints":{"allow":["GET"]}}],"collection":[{"href":"http:\/\/www.korhanyilmaz.com\/index.php?rest_route=\/wp\/v2\/posts"}],"about":[{"href":"http:\/\/www.korhanyilmaz.com\/index.php?rest_route=\/wp\/v2\/types\/post"}],"author":[{"embeddable":true,"href":"http:\/\/www.korhanyilmaz.com\/index.php?rest_route=\/wp\/v2\/users\/1"}],"replies":[{"embeddable":true,"href":"http:\/\/www.korhanyilmaz.com\/index.php?rest_route=%2Fwp%2Fv2%2Fcomments&post=27579"}],"version-history":[{"count":0,"href":"http:\/\/www.korhanyilmaz.com\/index.php?rest_route=\/wp\/v2\/posts\/27579\/revisions"}],"wp:attachment":[{"href":"http:\/\/www.korhanyilmaz.com\/index.php?rest_route=%2Fwp%2Fv2%2Fmedia&parent=27579"}],"wp:term":[{"taxonomy":"category","embeddable":true,"href":"http:\/\/www.korhanyilmaz.com\/index.php?rest_route=%2Fwp%2Fv2%2Fcategories&post=27579"},{"taxonomy":"post_tag","embeddable":true,"href":"http:\/\/www.korhanyilmaz.com\/index.php?rest_route=%2Fwp%2Fv2%2Ftags&post=27579"}],"curies":[{"name":"wp","href":"https:\/\/api.w.org\/{rel}","templated":true}]}}