{"id":27575,"date":"2011-02-02T08:03:32","date_gmt":"2011-02-02T06:03:32","guid":{"rendered":"http:\/\/www.korhanyilmaz.com\/?p=27575"},"modified":"2011-02-02T08:03:32","modified_gmt":"2011-02-02T06:03:32","slug":"erdogan-baskanlik-sistemi-daha-faydali","status":"publish","type":"post","link":"http:\/\/www.korhanyilmaz.com\/?p=27575","title":{"rendered":"Erdo\u011fan: Ba\u015fkanl\u0131k sistemi daha faydal\u0131"},"content":{"rendered":"<p style=\"text-align: center;\"><a href=\"http:\/\/www.korhanyilmaz.com\/wp-content\/uploads\/2011\/02\/064.jpg\"  class=\"lightview\"><img loading=\"lazy\" decoding=\"async\" class=\"aligncenter size-full wp-image-27576\" src=\"http:\/\/www.korhanyilmaz.com\/wp-content\/uploads\/2011\/02\/064.jpg\" alt=\"\" width=\"362\" height=\"230\" \/><\/a><\/p>\n<p style=\"text-align: justify;\">Erdo\u011fan, K\u0131rg\u0131zistan\u2019a giderken bir kez daha ba\u015fkanl\u0131k sistemi tart\u0131\u015fmas\u0131na girdi. \u201cD\u00fcnyada uygulanmayan bir \u015feyi s\u00f6ylemiyorum ki&#8230; Ba\u015fkanl\u0131k sisteminin daha faydal\u0131 neticeler do\u011furaca\u011f\u0131na inan\u0131yorum\u201d dedi.<!--more--><\/p>\n<p style=\"text-align: justify;\">Ba\u015fbakan Recep Tayyip Erdo\u011fan, Cumhurba\u015fkan\u0131 Abdullah G\u00fcl\u2019\u00fcn de mesafeli yakla\u015ft\u0131\u011f\u0131 Ba\u015fkanl\u0131k sistemini a\u00e7\u0131k\u00e7a savundu. Erdo\u011fan, K\u0131rg\u0131s\u0131ztan gezisi \u00f6ncesi konuya ili\u015fkin sorulara \u015fu yan\u0131t\u0131 verdi:<\/p>\n<p style=\"text-align: justify;\"><strong>BEN\u0130M D\u00dc\u015e\u00dcNCEME SAYGI<\/strong><\/p>\n<p style=\"text-align: justify;\">\u201cLiderler tektir zaten, bunun yan\u0131nda liderli\u011fi payla\u015ft\u0131\u011f\u0131 ikinci bir ki\u015fi olmaz. Ama \u2018tak\u0131m ruhu\u2019 denilen bir olay vard\u0131r, \u2018tak\u0131m oyunu\u2019 denilen bir olay vard\u0131r, \u2018kolektif akl\u0131 olu\u015fturmak\u2019 denilen bir olay vard\u0131r. Ben, Ba\u015fkanl\u0131k sistemiyle alakal\u0131, \u00fclkemde halk bu kavramlar\u0131 tart\u0131\u015fmal\u0131d\u0131r, bilmelidir ve \u015fahsen Ba\u015fkanl\u0131k sisteminin daha faydal\u0131 neticeler do\u011furaca\u011f\u0131na inan\u0131yorum. Bu benim kanaatim. Say\u0131n Bah\u00e7eli ba\u015fka t\u00fcrl\u00fc d\u00fc\u015f\u00fcnebilir, bir ba\u015fkas\u0131 ba\u015fka t\u00fcrl\u00fc d\u00fc\u015f\u00fcnebilir. Onlar\u0131n d\u00fc\u015f\u00fcncesine de benim sayg\u0131m var, ama l\u00fctfen benim d\u00fc\u015f\u00fcncemdir, benim d\u00fc\u015f\u00fcnceme de sayg\u0131lar\u0131 olsun\u201d<\/p>\n<p style=\"text-align: justify;\"><strong>B\u00dcT\u00dcN D\u00dcNYADA VAR<\/strong><\/p>\n<p style=\"text-align: justify;\">Erdo\u011fan, \u201cd\u00fcnyada uygulanmayan bir \u015feyi\u201d  ortaya koymad\u0131\u011f\u0131n\u0131 ifade ederken \u015f\u00f6yle devam etti:<\/p>\n<p style=\"text-align: justify;\">\u201cBa\u015fkanl\u0131k sistemi var, yar\u0131 Ba\u015fkanl\u0131k sistemi var. Niye rahats\u0131z oluyoruz bunlardan? ABD\u2019si, Fransa\u2019s\u0131 ortada&#8230; Almanya\u2019da da bak\u0131yorsunuz \u015fans\u00f6lye var, bu t\u00fcr sistemler var, cumhurba\u015fkanl\u0131\u011f\u0131 makamlar\u0131 var, g\u00fc\u00e7lendirilmi\u015f&#8230; Ama baz\u0131 yerlerde bak\u0131yorsunuz sadece temsili&#8230; Bunlar da var. Bunlar\u0131n tart\u0131\u015f\u0131lmas\u0131ndan kimsenin g\u00fccenmeye bence hakk\u0131 yok. B\u0131rakal\u0131m tart\u0131\u015f\u0131ls\u0131n, kimse de bundan da rahats\u0131z olmas\u0131n.\u201d<\/p>\n<p style=\"text-align: justify;\">Erdo\u011fan, \u201cBa\u015fkanl\u0131k sistemiyle ilgili bir takvim var m\u0131\u201d sorusuna ise, \u201cHay\u0131r b\u00f6yle bir \u015feyi ben s\u00f6ylemedim. Benden bug\u00fcne kadar b\u00f6yle bir \u015fey duydunuz mu?\u201d diye yan\u0131t verdi. Erdo\u011fan, ayn\u0131 gazetecinin, \u201cHalk isterse\u201d s\u00f6zleri \u00fczerine de \u201cHalk istedi\u011fi zaman zaten egemenlik kay\u0131ts\u0131z \u015farts\u0131z milletindir\u2019 diyeceksin ve o yola gireceksin\u201d dedi.<\/p>\n<p style=\"text-align: justify;\"><strong>BA\u015eKANLIK \u0130\u00c7\u0130N NE DEM\u0130\u015eT\u0130<\/strong><\/p>\n<p style=\"text-align: justify;\">21 Nisan 2003: Siyasetteki tek arzum ba\u015fkanl\u0131k ya da yar\u0131 ba\u015fkanl\u0131k modeli. Bunun ideali de Amerika\u2019da uygulanan sistem.<\/p>\n<p style=\"text-align: justify;\">5 Ocak 2005: Ba\u015fkanl\u0131k sisteminin tart\u0131\u015f\u0131lmas\u0131 T\u00fcrkiye i\u00e7in yararl\u0131 olabilir ama bu bizim \u015fu anda g\u00fcndemimizde yok.<\/p>\n<p style=\"text-align: justify;\">15 \u015eubat 2006: Ba\u015fkanl\u0131k sistemini ben de istiyorum ama \u015fartlar \u015fu anda m\u00fcsait de\u011fil.<\/p>\n<p style=\"text-align: justify;\">18 Nisan 2010: Sistemin rahat \u00e7al\u0131\u015fmas\u0131 konusunda bu olaya (ba\u015fkanl\u0131k sistemi) s\u0131cak bak\u0131yorum. \u00c7ok daha seri neticeler almas\u0131 noktas\u0131nda&#8230;<\/p>\n<p style=\"text-align: justify;\">10 Eyl\u00fcl 2010:  Bir \u00f6nyarg\u0131m\u0131z yok. Nihayetinde bununla ilgili gerekirse halk oylamas\u0131na gidilir, ama \u015fu anda illa bu olmazsa olmaz\u0131m\u0131z de\u011fil.<\/p>\n<p style=\"text-align: justify;\">25 Eyl\u00fcl 2010: Ben bu konuyu tart\u0131\u015f\u0131ls\u0131n diye a\u00e7t\u0131m. Bunun tart\u0131\u015f\u0131lmas\u0131n\u0131n siyasilere de, halk\u0131m\u0131za da kataca\u011f\u0131 \u00e7ok \u015fey var.<\/p>\n<p style=\"text-align: justify;\">27 Ocak 2011: Bence demokratik parlamenter sistem i\u00e7inde halk tart\u0131\u015fmal\u0131, tart\u0131\u015f\u0131lmal\u0131. Milletin tart\u0131\u015fmas\u0131ndan ka\u00e7mak, \u00e7ekinmek demokratl\u0131\u011fa terstir.<\/p>\n<p style=\"text-align: justify;\"><strong>GEN\u00c7L\u0130\u011e\u0130 ALKOL\u0130K YAPMAK \u0130ST\u0130YORLAR<\/strong><\/p>\n<p style=\"text-align: justify;\">Bir heykel tart\u0131\u015fmas\u0131n\u0131, alkolle ilgili bir d\u00fczenlemeyi dahi rejim meselesine ta\u015f\u0131yanlar\u0131n, sokak sokak direni\u015f \u00e7a\u011fr\u0131s\u0131 kar\u015f\u0131s\u0131nda derin bir suskunlu\u011fa g\u00f6m\u00fclmelerini milletimin hakemli\u011fine b\u0131rak\u0131yorum. Umar\u0131m CHP bir an \u00f6nce hukuka ve demokrasiye sayg\u0131 g\u00f6stermesini \u00f6\u011frenir. Bak\u0131n\u0131z \u015fimdi ne s\u00f6yleniyor: \u2018Alkoll\u00fc hareket engellenemez\u2019. Bir siyaset\u00e7i buna \u00f6nderlik eder mi, buna sahip \u00e7\u0131kar m\u0131? \u0130\u015fte gen\u00e7leri soka\u011fa d\u00f6kerek, ne yap\u0131yorlar \u015fimdi? \u2018Taksim\u2019den meydana alkoll\u00fc hareket engellenemez\u2019. Biz bu \u00fclkeyi bu t\u00fcr anlay\u0131\u015flara teslim edemeyiz.<\/p>\n<p style=\"text-align: justify;\"><a href=\"http:\/\/www.gazeteport.com.tr\/GUNCEL\/NEWS\/GP_846323\" target=\"_blank\"><span style=\"color: #888888;\">Kaynak : GAZETEPORT<\/span><\/a><\/p>\n","protected":false},"excerpt":{"rendered":"<p style=\"text-align: center;\">\n<p style=\"text-align: justify;\">Erdo\u011fan, K\u0131rg\u0131zistan\u2019a giderken bir kez daha ba\u015fkanl\u0131k sistemi tart\u0131\u015fmas\u0131na girdi. \u201cD\u00fcnyada uygulanmayan bir \u015feyi s\u00f6ylemiyorum ki&#8230; Ba\u015fkanl\u0131k sisteminin daha faydal\u0131 neticeler do\u011furaca\u011f\u0131na inan\u0131yorum\u201d dedi.<\/p>\n","protected":false},"author":1,"featured_media":0,"comment_status":"open","ping_status":"closed","sticky":false,"template":"","format":"standard","meta":{"footnotes":""},"categories":[105],"tags":[],"class_list":["post-27575","post","type-post","status-publish","format-standard","hentry","category-gundem","odd"],"_links":{"self":[{"href":"http:\/\/www.korhanyilmaz.com\/index.php?rest_route=\/wp\/v2\/posts\/27575","targetHints":{"allow":["GET"]}}],"collection":[{"href":"http:\/\/www.korhanyilmaz.com\/index.php?rest_route=\/wp\/v2\/posts"}],"about":[{"href":"http:\/\/www.korhanyilmaz.com\/index.php?rest_route=\/wp\/v2\/types\/post"}],"author":[{"embeddable":true,"href":"http:\/\/www.korhanyilmaz.com\/index.php?rest_route=\/wp\/v2\/users\/1"}],"replies":[{"embeddable":true,"href":"http:\/\/www.korhanyilmaz.com\/index.php?rest_route=%2Fwp%2Fv2%2Fcomments&post=27575"}],"version-history":[{"count":0,"href":"http:\/\/www.korhanyilmaz.com\/index.php?rest_route=\/wp\/v2\/posts\/27575\/revisions"}],"wp:attachment":[{"href":"http:\/\/www.korhanyilmaz.com\/index.php?rest_route=%2Fwp%2Fv2%2Fmedia&parent=27575"}],"wp:term":[{"taxonomy":"category","embeddable":true,"href":"http:\/\/www.korhanyilmaz.com\/index.php?rest_route=%2Fwp%2Fv2%2Fcategories&post=27575"},{"taxonomy":"post_tag","embeddable":true,"href":"http:\/\/www.korhanyilmaz.com\/index.php?rest_route=%2Fwp%2Fv2%2Ftags&post=27575"}],"curies":[{"name":"wp","href":"https:\/\/api.w.org\/{rel}","templated":true}]}}