{"id":27567,"date":"2011-02-01T12:10:42","date_gmt":"2011-02-01T10:10:42","guid":{"rendered":"http:\/\/www.korhanyilmaz.com\/?p=27567"},"modified":"2011-02-01T12:10:42","modified_gmt":"2011-02-01T10:10:42","slug":"durusumuzu-entelektueller-belirleyemez","status":"publish","type":"post","link":"http:\/\/www.korhanyilmaz.com\/?p=27567","title":{"rendered":"&#8220;Duru\u015fumuzu entelekt\u00fceller belirleyemez&#8221;"},"content":{"rendered":"<p style=\"text-align: justify;\"><a href=\"http:\/\/www.korhanyilmaz.com\/wp-content\/uploads\/2011\/02\/062.jpg\"  class=\"lightview\"><img loading=\"lazy\" decoding=\"async\" class=\"aligncenter size-full wp-image-27568\" src=\"http:\/\/www.korhanyilmaz.com\/wp-content\/uploads\/2011\/02\/062.jpg\" alt=\"\" width=\"343\" height=\"257\" \/><\/a><\/p>\n<p style=\"text-align: justify;\">AK Parti Genel Ba\u015fkan\u0131 ve Ba\u015fbakan Recep Tayyip Erdo\u011fan, kendi aras\u0131nda uzla\u015f\u0131 sa\u011flayamayan \u00fclkelerin ayd\u0131nl\u0131k bir gelece\u011fe de ula\u015famayaca\u011f\u0131n\u0131 ifade ederek, M\u0131s\u0131r y\u00f6netimine, &#8221;M\u0131s\u0131r&#8217;\u0131n huzuru, g\u00fcvenli\u011fi, istikrar\u0131 ad\u0131na \u00f6nce siz ad\u0131m at\u0131n. Halk\u0131 tatmin edecek ad\u0131mlar at\u0131n&#8221; diye seslendi.<\/p>\n<p style=\"text-align: justify;\">Erdo\u011fan&#8217;\u0131n konu\u015fmas\u0131n\u0131 El Cezire televizyonu, Arap\u00e7a sim\u00fcltane ile canl\u0131 olarak verdi.<!--more--><\/p>\n<p style=\"text-align: justify;\">Erdo\u011fan, partisinin grup toplant\u0131s\u0131nda yapt\u0131\u011f\u0131 konu\u015fman\u0131n ba\u015f\u0131nda yurt i\u00e7inde ve yurt d\u0131\u015f\u0131nda yapt\u0131\u011f\u0131 ziyaretlere de\u011finerek, de\u011ferlendirmelerde bulundu.<\/p>\n<p style=\"text-align: justify;\">Son g\u00fcnlerde baz\u0131 \u00fclkelerde ya\u015fanan olaylara de\u011finen Erdo\u011fan, AK Parti&#8217;nin her zaman hak ve \u00f6zg\u00fcrl\u00fcklerden yana oldu\u011funu, d\u00fcnyan\u0131n hi\u00e7bir yerinde zulme kar\u015f\u0131 sessiz kalmalar\u0131n\u0131n m\u00fcmk\u00fcn olmad\u0131\u011f\u0131n\u0131 s\u00f6yledi. Her zaman ileri demokrasiden yana olduklar\u0131n\u0131 anlatan Erdo\u011fan, &#8221;AK Parti&#8217;nin rotas\u0131n\u0131 her zaman millet \u00e7izmi\u015ftir. Bundan sonra da millet \u00e7izecektir&#8221; diye konu\u015ftu.<\/p>\n<p style=\"text-align: justify;\">Erdo\u011fan&#8217;\u0131n, M\u0131s\u0131r ve b\u00f6lgedeki baz\u0131 \u00fclkelerde ya\u015fanan olaylarla ilgili s\u00f6zlerinden baz\u0131 ba\u015fl\u0131klar \u015f\u00f6yle:<\/p>\n<p style=\"text-align: justify;\">&#8221;-T\u00fcrkiye b\u00f6lgesinde, bar\u0131\u015f\u0131n istikrar\u0131n oldu\u011fu kadar demokrasinin, evrensel hukukun hak ve \u00f6zg\u00fcrl\u00fcklerin hakim olabilmesi i\u00e7in g\u00fc\u00e7l\u00fc bir irade ortaya koymaktad\u0131r.<\/p>\n<p style=\"text-align: justify;\">-Biz, kendimiz i\u00e7in istedi\u011fimizi di\u011fer karde\u015flerimiz i\u00e7in de isteyen bir anlay\u0131\u015f\u0131n temsilcisiyiz.<\/p>\n<p style=\"text-align: justify;\">-Biz, karde\u015f halklar\u0131n, kom\u015fu \u00fclkelerin istikrars\u0131zl\u0131k ya\u015famamas\u0131 i\u00e7in, karde\u015f kavgas\u0131na s\u00fcr\u00fcklenmemesi i\u00e7in bug\u00fcne kadar elimizden gelen \u00e7abay\u0131 sarf ettik.<\/p>\n<p style=\"text-align: justify;\">-\u0130\u00e7indeki sorunlar\u0131 \u00e7\u00f6zemeyen, i\u00e7 kar\u0131\u015f\u0131kl\u0131klardan kurtulamayan, kendi aras\u0131nda uzla\u015f\u0131 sa\u011flayamayan \u00fclkeler ayd\u0131nl\u0131k bir gelece\u011fe de ula\u015famazlar.<\/p>\n<p style=\"text-align: justify;\">-Halk\u0131n hayk\u0131r\u0131\u015f\u0131na, son derece insani taleplerine kulak verin. Halktan gelen de\u011fi\u015fim arzusunu hi\u00e7 teredd\u00fct etmeden kar\u015f\u0131lay\u0131n.<\/p>\n<p style=\"text-align: justify;\">-A\u00e7\u0131k s\u00f6yl\u00fcyorum; istismarc\u0131lar\u0131n, kirli odaklar\u0131n, M\u0131s\u0131r \u00fczerine karanl\u0131k senaryolar\u0131 olan kesimlerin inisiyatif almas\u0131na f\u0131rsat vermeden; M\u0131s\u0131r&#8217;\u0131n huzuru, g\u00fcvenli\u011fi, istikrar\u0131 ad\u0131na \u00f6nce siz ad\u0131m at\u0131n. Halk\u0131 tatmin edecek ad\u0131mlar at\u0131n.<\/p>\n<p style=\"text-align: justify;\">-Bug\u00fcn\u00fcn d\u00fcnyas\u0131nda \u00f6zg\u00fcrl\u00fckler art\u0131k ertelenemez, g\u00f6z ard\u0131 edilemez. Aylarca s\u00fcren se\u00e7imlerin ad\u0131 demokrasi olmaz. 24 saatte biz se\u00e7im bitiriyoruz, 24 saat&#8230;&#8221;<\/p>\n<p style=\"text-align: justify;\">Erdo\u011fan, partisinin TBMM grubunda yapt\u0131\u011f\u0131 konu\u015fmada, ge\u00e7en ay ger\u00e7ekle\u015ftirdi\u011fi yurt i\u00e7i ve yurt d\u0131\u015f\u0131 temaslar\u0131 hakk\u0131nda bilgi verdi.<\/p>\n<p style=\"text-align: justify;\">Kuveyt ve Katar&#8217;a resmi ziyarette bulundu\u011funu, i\u015f konseylerinde i\u015f adamlar\u0131yla bir araya geldiklerini anlatan Erdo\u011fan, Kuveyt&#8217;te \u0130slam D\u00fcnyas\u0131 M\u00fcmtaz \u015eahsiyet \u00d6d\u00fcl\u00fcn\u00fc de \u00fclke ve millet ad\u0131na b\u00fcy\u00fck bir gururla teslim ald\u0131\u011f\u0131n\u0131 belirtti.<\/p>\n<p style=\"text-align: justify;\">Mu\u011fla, Kars, \u0130stanbul, Erzurum, \u0130stanbul, Ardahan, Batman, A\u011fr\u0131, Burdur ve Denizli&#8217;de ger\u00e7ekle\u015ftirdi\u011fi a\u00e7\u0131l\u0131\u015flara ili\u015fkin bilgi veren Ba\u015fbakan Erdo\u011fan, Ukrayna&#8217;ya yapt\u0131\u011f\u0131 ziyarete de de\u011findi.<\/p>\n<p style=\"text-align: justify;\">Erzurum&#8217;da 25. D\u00fcnya \u00dcniversiteler K\u0131\u015f Oyunlar\u0131 i\u00e7in yap\u0131lan 650 milyon lira bedelli tesislerin a\u00e7\u0131l\u0131\u015f\u0131n\u0131 da yapt\u0131\u011f\u0131n\u0131 hat\u0131rlatan Erdo\u011fan, \u015fehir stad\u0131nda \u00fcniversite oyunlar\u0131n\u0131n resmi a\u00e7\u0131l\u0131\u015f\u0131n\u0131 ger\u00e7ekle\u015ftirdiklerini anlatt\u0131.<\/p>\n<p style=\"text-align: justify;\">A\u00e7\u0131l\u0131\u015f\u0131, &#8221;ger\u00e7ekten muhte\u015fem bir manzarayd\u0131&#8221; diye ifade eden Erdo\u011fan, &#8221;Erzurum i\u00e7in oldu\u011fu kadar \u00fclkemiz i\u00e7in milletimiz i\u00e7in de ger\u00e7ekten b\u00fcy\u00fck bir gurur tablosuydu. Lapa lapa ya\u011fan kar\u0131n alt\u0131nda statta, tam bir karde\u015flik tablosu \u00e7izildi. Bir dayan\u0131\u015fma co\u015fkusu ya\u015fand\u0131. Hele hele 80 ya\u015f\u0131ndaki cirit ustas\u0131 dedemiz ile 10 ya\u015f\u0131ndaki torunun belkide torunun at \u00fczerinde stad\u0131 selamlarken olu\u015fturduklar\u0131 tablo, dada\u015flar\u0131n co\u015fkusu, ata bar\u0131n\u0131n ezgisi 80 \u00fclkenin televizyonlar\u0131ndan canl\u0131 olarak yay\u0131nland\u0131&#8221; diye konu\u015ftu.<\/p>\n<p style=\"text-align: justify;\">O manzara kar\u015f\u0131s\u0131nda gururlanmaman\u0131n, g\u00f6zya\u015flar\u0131na hakim olman\u0131n m\u00fcmk\u00fcn olmad\u0131\u011f\u0131n\u0131 anlatan Erdo\u011fan, 1. D\u00fcnya Sava\u015f\u0131&#8217;nda \u00e7ok a\u011f\u0131r bir mezalime maruz kalm\u0131\u015f, Kurtulu\u015f Sava\u015f\u0131&#8217;nda kilit rol oynam\u0131\u015f, Do\u011fu&#8217;nun en b\u00fcy\u00fck, en canl\u0131 \u015fehirlerinden olan Erzurum&#8217;un kendi d\u00f6nemlerine kadar ihmal edilmi\u015f bir \u015fehir g\u00f6r\u00fcnt\u00fcs\u00fc arz etti\u011fini belirtti.<\/p>\n<p style=\"text-align: justify;\">Erdo\u011fan, 8 y\u0131l boyunca Erzurum&#8217;a yapt\u0131klar\u0131 her t\u00fcrl\u00fc yat\u0131r\u0131m\u0131, \u00fcniversiat yat\u0131r\u0131mlar\u0131yla farkl\u0131 bir boyuta ta\u015f\u0131d\u0131klar\u0131n\u0131 ifade ederek, k\u0131\u015f oyunlar\u0131 sonras\u0131nda da gen\u00e7li\u011fe hizmet edecek tesisler yapt\u0131klar\u0131n\u0131 s\u00f6yledi. Erdo\u011fan, Erzurum&#8217;un uluslararas\u0131 marka kent olma yolunda \u00f6nemli bir s\u0131nav\u0131 ba\u015far\u0131yla ge\u00e7ti\u011fini bildirdi.<\/p>\n<p style=\"text-align: justify;\">Ba\u015fbakan Erdo\u011fan, bug\u00fcn K\u0131rg\u0131zistan&#8217;a yapaca\u011f\u0131 resmi gezi hakk\u0131nda da bilgi verdi.<\/p>\n<p style=\"text-align: justify;\"><strong>E\u011e\u0130T\u0130M<\/strong><\/p>\n<p style=\"text-align: justify;\">Konu\u015fmas\u0131nda e\u011fitim konusuna da de\u011finen Ba\u015fbakan Erdo\u011fan, d\u00fcn TRT&#8217;nin 14. kanal\u0131 TRT Okul&#8217;un a\u00e7\u0131l\u0131\u015f\u0131n\u0131 ger\u00e7ekle\u015ftirdiklerini hat\u0131rlatt\u0131. TRT Okul&#8217;un Anadolu \u00dcniversitesi ile birlikte 24 saat e\u011fitim yay\u0131n\u0131 yaparak, hem gen\u00e7lerin e\u011fitimi hem de ya\u015fam boyu \u00f6\u011frenmeye \u00f6nemli bir katk\u0131 sa\u011flayaca\u011f\u0131n\u0131 ifade eden Erdo\u011fan, ger\u00e7ekle\u015ftirilen yasal de\u011fi\u015fikliklerle art\u0131k yurt d\u0131\u015f\u0131nda okuyan \u00f6\u011frencilere de burs ve kredi verilece\u011fini, yurt d\u0131\u015f\u0131nda yurt yap\u0131laca\u011f\u0131n\u0131 hat\u0131rlatt\u0131.<\/p>\n<p style=\"text-align: justify;\">Milli E\u011fitim Bakanl\u0131\u011f\u0131n\u0131n ba\u015far\u0131l\u0131 ve ihtiya\u00e7 sahibi ilk\u00f6\u011fretim \u00f6\u011frencilerine e\u011fitimlerine katk\u0131 olmak \u00fczere sa\u011flad\u0131\u011f\u0131 burs deste\u011finin 212 bin \u00f6\u011frenciye ula\u015ft\u0131\u011f\u0131n\u0131, bu \u00f6\u011frencilere 107 lira burs verildi\u011fini bildirdi.<\/p>\n<p style=\"text-align: justify;\">Bursun 2002 y\u0131l\u0131nda 12 lira 60 kuru\u015f oldu\u011funu hat\u0131rlatan Erdo\u011fan, burslar\u0131n 2002 y\u0131l\u0131na g\u00f6re y\u00fczde 750 oran\u0131nda art\u0131r\u0131ld\u0131\u011f\u0131na dikkati \u00e7ekti.<\/p>\n<p style=\"text-align: justify;\"><strong>M\u00dcBAREK&#8217;E MESAJ <\/strong><\/p>\n<p style=\"text-align: justify;\">Erdo\u011fan, Tunus ve M\u0131s\u0131r&#8217;daki geli\u015fmelere de\u011findi.<\/p>\n<p style=\"text-align: justify;\">AK Parti&#8217;nin her zaman hak ve \u00f6zg\u00fcrl\u00fcklerden yana oldu\u011funu ifade eden Erdo\u011fan, sadece T\u00fcrkiye&#8217;de de\u011fil, d\u00fcnyan\u0131n neresinde olursa olsun hi\u00e7bir zulme sessiz kalmalar\u0131n\u0131n m\u00fcmk\u00fcn olmad\u0131\u011f\u0131n\u0131 kaydetti. Bu konudaki g\u00f6r\u00fc\u015flerini sesli ya da \u00f6zl\u00fc olarak mutlaka dile getirdiklerini, gerekli yerlerle gerekli ilgileri de zaman\u0131nda kurduklar\u0131n\u0131 anlatan Erdo\u011fan, AK Parti&#8217;nin her zaman ileri demokrasiye taraf oldu\u011funu, kuruldu\u011fu g\u00fcnden itibaren halk\u0131n tercihlerinin ve taleplerinin her \u015feyin \u00fczerinde oldu\u011funa inand\u0131\u011f\u0131n\u0131, her zeminde en g\u00fc\u00e7l\u00fc \u015fekilde bunu savunduklar\u0131n\u0131 s\u00f6yledi.<\/p>\n<p style=\"text-align: justify;\">AK Parti&#8217;nin yola \u00e7\u0131karken &#8221;Yeter s\u00f6z de karar da milletin&#8221; diyerek, sadece millete inanarak, g\u00fcvenerek iktidara, i\u015fba\u015f\u0131na geldi\u011fini, emanet y\u00fcklenmi\u015f bir parti oldu\u011funu belirten Erdo\u011fan, \u015f\u00f6yle konu\u015ftu:<\/p>\n<p style=\"text-align: justify;\">&#8221;AK Parti&#8217;nin rotas\u0131n\u0131 millet \u00e7izmi\u015ftir, bundan sonra da millet \u00e7izecek. AK Parti&#8217;nin kuma\u015f\u0131n\u0131 millet dokumu\u015ftur, bundan sonra da millet dokuyacakt\u0131r. AK Parti iktidar\u0131, milletin demokratik yollarla y\u00f6netime el koymas\u0131d\u0131r, milletin demokrasi \u00f6n\u00fcnde ortaya koydu\u011fu g\u00fc\u00e7l\u00fc bir hayk\u0131r\u0131\u015ft\u0131r. Stat\u00fckoya kar\u015f\u0131 sergilenen b\u00fcy\u00fck bir duru\u015ftur. AK Parti&#8217;nin varl\u0131k sebebi milli iradeye ve demokrasiye g\u00fc\u00e7 vermektir, hukukun \u00fcst\u00fcnl\u00fc\u011f\u00fcn\u00fc hakim k\u0131lmakt\u0131r, hak ve \u00f6zg\u00fcrl\u00fckleri en geni\u015f anlamda hayata ge\u00e7irmektir. AK Parti&#8217;yi sadece T\u00fcrkiye&#8217;de de\u011fil, d\u00fcnyan\u0131n her yerinde hi\u00e7 \u00e7ekinmeden, korkmadan asla ve asla teredd\u00fct etmeden mazlumun yan\u0131nda, ma\u011fdurun yan\u0131nda olmu\u015f, her zaman stat\u00fckonun, bask\u0131 ve zulm\u00fcn kar\u015f\u0131s\u0131nda cephe alm\u0131\u015ft\u0131r.&#8221;<\/p>\n<p style=\"text-align: justify;\">Erdo\u011fan, kendilerinin &#8221;bug\u00fcne kadar hep dik durdu\u011funu ama dikle\u015fmediklerini, bundan sonra da dik durmaya devam edeceklerini&#8221; ifade ederek, &#8221;Bizim bu dik duru\u015fumuzu birka\u00e7 entelekt\u00fcel veya birka\u00e7 k\u00f6\u015fe yazar\u0131 \u015fekillendiremez. Bunun da b\u00f6yle bilinmesi laz\u0131m. Biz hi\u00e7bir yerden icazet alarak bu yolda y\u00fcr\u00fcm\u00fcyoruz. Bizim icazetimizin temelinde halk vard\u0131r, hak vard\u0131r&#8221; diye konu\u015ftu.<\/p>\n<p style=\"text-align: justify;\"><strong>&#8221;\u015eAHS\u0130YETL\u0130 DI\u015e POL\u0130T\u0130KA&#8221; <\/strong><\/p>\n<p style=\"text-align: justify;\">T\u00fcrkiye&#8217;nin b\u00f6lgede b\u00fct\u00fcn ta\u015flar\u0131 yerinden oynatacak, tarihin ak\u0131\u015f\u0131n\u0131 de\u011fi\u015ftirecek roller oynad\u0131\u011f\u0131n\u0131, &#8221;\u015fahsiyetli bir d\u0131\u015f politika&#8221; izlediklerini anlatan Erdo\u011fan, s\u00f6zlerini \u015f\u00f6yle s\u00fcrd\u00fcrd\u00fc:<\/p>\n<p style=\"text-align: justify;\">&#8221;Zalime &#8216;dur&#8217; diyen T\u00fcrkiye ezberleri bozmaktad\u0131r. Katile &#8216;katil&#8217; diyen T\u00fcrkiye tabular\u0131 y\u0131kmaktad\u0131r. \u0130nsanlar\u0131 yoklu\u011fa, ablukaya mahkum edenlere &#8216;dur bakal\u0131m&#8217; diyen T\u00fcrkiye, her f\u0131rsatta akl\u0131 ve hakikati aramaktad\u0131r. T\u00fcrkiye, b\u00f6lgesinde bar\u0131\u015f\u0131n, istikrar\u0131n, huzurun oldu\u011fu kadar demokrasinin, evrensel hukukun, hak ve \u00f6zg\u00fcrl\u00fcklerin hakim olabilmesi i\u00e7in g\u00fc\u00e7l\u00fc bir irade ortaya koymaktad\u0131r. Biz, kendimiz i\u00e7in istedi\u011fimizi di\u011fer karde\u015flerimiz i\u00e7in de isteyen bir anlay\u0131\u015f\u0131n temsilcisiyiz. Biz, karde\u015f halklar\u0131n, kom\u015fu \u00fclkelerin istikrars\u0131zl\u0131k ya\u015famamas\u0131, karde\u015f kavgas\u0131na s\u00fcr\u00fcklenmemesi i\u00e7ini bug\u00fcne kadar ilimizden gelen \u00e7abay\u0131 sarf ettik. Bundan sonra da sarf edece\u011fiz.<\/p>\n<p style=\"text-align: justify;\">\u0130\u00e7indeki sorunlar\u0131 \u00e7\u00f6zemeyen, i\u00e7 kar\u0131\u015f\u0131kl\u0131klardan kurtulamayan, kendi aras\u0131nda uzla\u015f\u0131 sa\u011flayamayan \u00fclkeler ayd\u0131nl\u0131k bir gelece\u011fe de ula\u015famazlar, d\u0131\u015far\u0131daki menfaatlerini de koruyamazlar. Bunun i\u00e7in Filistin&#8217;de ulusal uzla\u015f\u0131 \u00e7a\u011fr\u0131s\u0131 yapt\u0131k; bunun i\u00e7in L\u00fcbnan&#8217;da siyasi uzla\u015f\u0131y\u0131 sa\u011flamaya \u00e7al\u0131\u015ft\u0131k; bunun i\u00e7in Irak&#8217;ta demokratik mutabakat\u0131n sa\u011flanmas\u0131 i\u00e7in gayret g\u00f6sterdik. Biz her zaman b\u00f6lgemizdeki \u00fclkelerin i\u00e7 bar\u0131\u015flar\u0131n\u0131, ulusal uzla\u015f\u0131lar\u0131n\u0131, birlik ve b\u00fct\u00fcnl\u00fcklerini, demokratik geli\u015fimlerini destekledik. Bunu \u00f6nemli vurgulad\u0131k. &#8221;<\/p>\n<p style=\"text-align: justify;\">Erdo\u011fan, AK Parti Grubu&#8217;nun T\u00fcrkiye i\u00e7inde oldu\u011fu kadar, b\u00f6lge olmak \u00fczere t\u00fcm d\u00fcnyada &#8221;mazlumlar\u0131n sesi olarak tarihe ismini yazd\u0131rd\u0131\u011f\u0131n\u0131&#8221; kaydetti.<\/p>\n<p style=\"text-align: justify;\"><strong>&#8221;BASKIYLA AYAKTA KALAN Y\u00d6NET\u0130M YOK&#8221; <\/strong><\/p>\n<p style=\"text-align: justify;\">Ba\u015fbakan Erdo\u011fan, tarihte bask\u0131yla, sindirmeyle, korkutmayla ayakta kalmay\u0131 ba\u015faran hi\u00e7bir y\u00f6netimin olmad\u0131\u011f\u0131na i\u015faret ederek, tarihin her d\u00f6neminde er ya da ge\u00e7 insanl\u0131k onuru ve haysiyetinin b\u00fct\u00fcn zincirleri k\u0131rd\u0131\u011f\u0131n\u0131, b\u00fct\u00fcn duvarlar\u0131 y\u0131kt\u0131\u011f\u0131n\u0131, mazlumlar\u0131n ah\u0131n\u0131n aheste de olsa \u00e7\u0131kt\u0131\u011f\u0131n\u0131 s\u00f6yledi. Bu nedenle hak ve \u00f6zg\u00fcrl\u00fcklere hi\u00e7bir y\u00f6netimin kay\u0131ts\u0131z kalamayaca\u011f\u0131n\u0131 belirten Erdo\u011fan, \u015f\u00f6yle konu\u015ftu:<\/p>\n<p style=\"text-align: justify;\">&#8221;Halk\u0131n demokratik taleplerine hi\u00e7bir iktidar duyars\u0131z yakla\u015famaz. T\u00fcrkiye&#8217;de de demokrasi \u00f6zlemi milletin h\u00fcr sedas\u0131yla dile gelmi\u015f, 1950&#8217;de &#8216;Yeter s\u00f6z milletindir&#8217; hayk\u0131r\u0131\u015f\u0131yla yank\u0131lanm\u0131\u015ft\u0131r. T\u00fcrkiye Cumhuriyeti demokratik sistemi, halk\u0131n b\u00fcy\u00fck \u00f6zlemiyle hayata ge\u00e7irilmi\u015ftir ve Cumhuriyetimiz her ge\u00e7en g\u00fcn daha ileri demokrasiye do\u011fru yol almaktad\u0131r. Demokratik y\u00f6netimin hakim olmas\u0131, de\u011fi\u015fime ve geli\u015fime dayanan uzun soluklu bir s\u00fcre\u00e7 ister. Demokrasi, halk\u0131n sesine, g\u00f6nl\u00fcne, iradesine, taleplerine sahip \u00e7\u0131kmay\u0131, bunlar\u0131 y\u00f6netime yans\u0131tmay\u0131 gerektirir. Halka g\u00f6z\u00fcn\u00fc, g\u00f6nl\u00fcn\u00fc, kula\u011f\u0131n\u0131 kapatan y\u00f6netimler bilesiniz ki uzun \u00f6m\u00fcrl\u00fc olamaz. Halk\u0131n hi\u00e7bir \u00f6zlemi, hayk\u0131r\u0131\u015f\u0131, \u00e7a\u011fr\u0131s\u0131 kar\u015f\u0131l\u0131ks\u0131z kalmaz. Halka ra\u011fmen hi\u00e7bir iktidar ayakta duramaz. Devlet halk i\u00e7indir, halk\u0131n varl\u0131\u011f\u0131yla, iradesiyle, deste\u011fiyle ayaktad\u0131r. Bizim temel felsefemiz; &#8216;\u0130nsan\u0131 ya\u015fat ki devlet ya\u015fas\u0131n&#8217; anlay\u0131\u015f\u0131na dayan\u0131r.<\/p>\n<p style=\"text-align: justify;\">Biz kendimiz i\u00e7in ne istiyorsak, dostlar\u0131m\u0131z, karde\u015flerimiz i\u00e7in de ayn\u0131 \u015feyi istiyoruz. Biz kendimiz i\u00e7in demokrasi, refah, adalet, \u00f6zg\u00fcrl\u00fck istiyorsak karde\u015f halklar i\u00e7in de ayn\u0131s\u0131n\u0131 istiyoruz. Biz kendimiz i\u00e7in nas\u0131l huzur, g\u00fcvenlik, istikrar, kalk\u0131nma, birlik, b\u00fct\u00fcnl\u00fck istiyorsak karde\u015f \u00fclkeler i\u00e7in de ayn\u0131s\u0131n\u0131 istiyoruz.&#8221;<\/p>\n<p style=\"text-align: justify;\"><strong>&#8221;SEN\u0130NLE BERABER GELEN SADECE KEFEN OLACAK&#8221;<\/strong><\/p>\n<p style=\"text-align: justify;\">Erdo\u011fan, M\u0131s\u0131r Devlet Ba\u015fkan\u0131 H\u00fcsn\u00fc M\u00fcbarek&#8217;e &#8221;\u00e7ok samimi tavsiye, \u00e7ok i\u00e7ten bir uyar\u0131da bulunmak&#8221; istedi\u011fini belirterek, \u015funlar\u0131 kaydetti:<\/p>\n<p style=\"text-align: justify;\">&#8221;Bizler faniyiz, kal\u0131c\u0131 de\u011filiz. Her birimiz \u00f6lecek ve geride b\u0131rakt\u0131klar\u0131m\u0131zdan dolay\u0131 sorgulanaca\u011f\u0131z. M\u00fcsl\u00fcmanlar olarak hepimizin gidece\u011fi yer, 2 metrek\u00fcp \u00e7ukurdur. Hepimiz gelip ge\u00e7iciyiz. Baki olan g\u00f6kkube alt\u0131nda ho\u015f bir sada b\u0131rakmakt\u0131r, sayg\u0131yla an\u0131lmakt\u0131r, rahmetle yad edilmektir. Bizler halk i\u00e7in var\u0131z, halk\u0131m\u0131z i\u00e7in bu g\u00f6revleri yap\u0131yoruz.  Onun i\u00e7in diyorum ki yar\u0131n \u00f6ld\u00fc\u011f\u00fcm\u00fczde Hoca Efendi gelip \u015funu s\u00f6ylemeyecek; &#8216;Cumhurba\u015fkan\u0131, Devlet Ba\u015fkan\u0131, Ba\u015fbakan, bakan niyetine demeyecek. Trilyarderlere sesleniyorum; trilyarderler niyetine demeyecek. Ya? &#8216;Er ki\u015fi niyetine&#8217;, &#8216;hatun ki\u015fi niyetine&#8217; diyecek. Seninle beraber gelen sadece kefen olacak, ba\u015fka bir \u015fey gelmeyecek. O kefenin kadri k\u0131ymetini bilelim. Hem vicdan\u0131m\u0131z\u0131n sesine, hem de halk\u0131m\u0131z\u0131n sesine, onlar\u0131n ya hay\u0131r duas\u0131na veya bedduas\u0131na haz\u0131r olal\u0131m.<\/p>\n<p style=\"text-align: justify;\">Onun i\u00e7in diyorum; halk\u0131n hayk\u0131r\u0131\u015f\u0131na son verecek insani taleplerine kulak verin, kulak verelim. Halktan gelen de\u011fi\u015fim anlay\u0131\u015f\u0131n\u0131 hi\u00e7 teredd\u00fct etmeden kar\u015f\u0131lay\u0131n. A\u00e7\u0131k\u00e7a s\u00f6yl\u00fcyorum; istismarc\u0131lar\u0131n, kirli odaklar\u0131n, M\u0131s\u0131r \u00fczerine karanl\u0131k senaryolar\u0131 olan kesimlerin inisiyatif olmas\u0131na f\u0131rsat vermeden, M\u0131s\u0131r&#8217;\u0131n huzuru, g\u00fcvenli\u011fi, istikrar\u0131 ad\u0131na \u00f6nce siz ad\u0131m at\u0131n. Halk\u0131 tatmin edecek ad\u0131mlar at\u0131n.&#8221;<\/p>\n<p style=\"text-align: justify;\">G\u00fcn\u00fcm\u00fcz d\u00fcnyas\u0131nda \u00f6zg\u00fcrl\u00fcklerin ertelenemeyece\u011fini, g\u00f6zard\u0131 edilemeyece\u011fini ifade eden Erdo\u011fan, &#8221;Aylar s\u00fcren se\u00e7imlerin ad\u0131 demokrasi olamaz. 24 saatte biz se\u00e7im bitiriyoruz, 24 saatte&#8230; Temennimiz bu olaylar\u0131n b\u00fcy\u00fck ac\u0131lara sebep olmadan bir an \u00f6nce son bulmas\u0131, halk\u0131n me\u015fru ve makul taleplerinin kar\u015f\u0131lanmas\u0131d\u0131r. Onun i\u00e7in diyorum ki; M\u0131s\u0131r bir medeniyet \u00fclkesi, tarih, k\u00fclt\u00fcr zenginli\u011fiyle dolu \u00fclke&#8230; Onun i\u00e7in M\u0131s\u0131rl\u0131 karde\u015flerimize de sesleniyorum: T\u00fcm bu direni\u015f s\u00fcrecinde silahtan uzak ama tarihinize, k\u00fclt\u00fcr\u00fcn\u00fcze de sahip \u00e7\u0131k\u0131n. Buna, bu arada yara ald\u0131rmay\u0131n. Sadece \u00f6zg\u00fcrl\u00fcklere sahip olman\u0131n haysiyetli m\u00fccadelesini verin. Bu sizin en demokratik hakk\u0131n\u0131zd\u0131r. Demokrasi ve \u00f6zg\u00fcrl\u00fck bir ulufe de\u011fil, insani bir hakt\u0131r&#8221; diye konu\u015ftu.<\/p>\n<p style=\"text-align: justify;\"><strong>&#8221;T\u00dcRK\u0130YE BU KR\u0130T\u0130K S\u00dcRE\u00c7TE TUNUS VE MISIR HALKININ YANINDA&#8221; <\/strong><\/p>\n<p style=\"text-align: justify;\">Erdo\u011fan, M\u0131s\u0131rda ister asker, ister polis isterse sivil olsun bir tek can\u0131n yitip gitmesinin T\u00fcrk milletinin can\u0131ndan can kopmas\u0131 oldu\u011funu belirterek, \u00fclkede bir tek ki\u015finin bile burnu kanas\u0131n istemediklerini s\u00f6yledi.  Erdo\u011fan, halk\u0131n da iktidar\u0131n da b\u00f6yle bir sorumluluk anlay\u0131\u015f\u0131 i\u00e7inde, b\u00f6lge halklar\u0131na yara\u015f\u0131r bir vakar ve a\u011f\u0131rba\u015fl\u0131l\u0131k i\u00e7inde M\u0131s\u0131r&#8217;da her kesimi tatmin edecek, \u00f6zg\u00fcrl\u00fckleri, demokrasiyi en ileri standartlara ta\u015f\u0131yacak bir de\u011fi\u015fimi omuzlamas\u0131n\u0131n en b\u00fcy\u00fck arzular\u0131 oldu\u011funu kaydetti.<\/p>\n<p style=\"text-align: justify;\">T\u00fcrkiye olarak, karde\u015f M\u0131s\u0131r ve Tunus halk\u0131n\u0131n yan\u0131nda olmaya, her iki halkla h\u00fcz\u00fcnleri oldu\u011fu kadar sevin\u00e7leri ve umutlar\u0131 payla\u015fmaya devam edeceklerini ifade eden Erdo\u011fan, M\u0131s\u0131r ve Tunus&#8217;ta reformlar\u0131n hayata ge\u00e7mesi, s\u00fckunetin bir an \u00f6nce sa\u011flanmas\u0131, birlik ve b\u00fct\u00fcnl\u00fc\u011f\u00fcn kesinlikle bozulmamas\u0131n\u0131n en b\u00fcy\u00fck arzular\u0131 oldu\u011funa s\u00f6yledi.<\/p>\n<p style=\"text-align: justify;\">Erdo\u011fan, Tunus&#8217;ta da yeni h\u00fck\u00fcmetin halk\u0131n talepleri do\u011frultusunda demokratik reformlar\u0131 hayata ge\u00e7irece\u011fini, en geni\u015f siyasi kat\u0131l\u0131m ve temsil sa\u011flayaca\u011f\u0131n\u0131, etkili bir kalk\u0131nma plan\u0131n\u0131 hayata ge\u00e7irece\u011fini \u00fcmit ettiklerini, T\u00fcrkiye&#8217;nin bu kritik s\u00fcre\u00e7te Tunus ve Tunus halk\u0131n\u0131n yan\u0131nda olaca\u011f\u0131n\u0131 bildirdi.<\/p>\n<p style=\"text-align: justify;\"><strong>CHP&#8217;YE ELE\u015eT\u0130R\u0130 <\/strong><\/p>\n<p style=\"text-align: justify;\">CHP Genel Ba\u015fkan\u0131ndan bir siyaset ortaya koymas\u0131n\u0131, ciddi bir siyasi proje \u00fcretmesini art\u0131k beklemediklerini ifade eden Erdo\u011fan, &#8221;Bundan \u00fcmidimiz kalmad\u0131, ama bari ciddi bir \u00fcslup, seviyeli bir siyaset tarz\u0131 ortaya koysun. E\u011fer ba\u015farabilirse&#8230;&#8221; diye konu\u015ftu.<\/p>\n<p style=\"text-align: justify;\">Partisinin TBMM Grup Toplant\u0131s\u0131nda konu\u015fan Erdo\u011fan, &#8221;CHP Genel Ba\u015fkan\u0131n\u0131n \u00fcslubunu bug\u00fcne kadar g\u00fcl\u00fcmseyerek kar\u015f\u0131lad\u0131klar\u0131n\u0131, ciddiye almad\u0131klar\u0131n\u0131&#8221;, bu \u00fcslubu her zaman millete \u015fikayet ettiklerini s\u00f6yledi.<\/p>\n<p style=\"text-align: justify;\">Zaman zaman son derece hassas konularda yap\u0131lan a\u00e7\u0131klamalara, namuslu ve \u015ferefli insanlara at\u0131lan iftiralara bilgisiz, belgesiz, mesnetsiz iddialara sert cevaplar vermeleri gerekti\u011fini kaydeden Erdo\u011fan, &#8221;\u00d6rne\u011fin AK Parti&#8217;yi bir ter\u00f6r \u00f6rg\u00fct\u00fcyle i\u015fbirli\u011fi halinde g\u00f6sterme gayretlerine, a\u00e7\u0131k s\u00f6yl\u00fcyorum b\u00f6yle bir densizli\u011fe gereken dil ve \u00fcslupla cevap verdik. Sessiz mi kalacakt\u0131k?&#8221; dedi.<\/p>\n<p style=\"text-align: justify;\">Bu \u00fclkedeki her siyasi parti gibi yasal, me\u015fru her dernekle, vak\u0131f, sivil toplum kurulu\u015fuyla oturup konu\u015fup, onlar\u0131 ziyaret edip kabul ettiklerini anlatan Erdo\u011fan, \u015funlar\u0131 kaydetti:<\/p>\n<p style=\"text-align: justify;\">&#8221;E\u011fer burada bir su\u00e7 varsa, yasa ihlali varsa, bunu de\u011ferlendirecek, bununla ilgili karar verecek merci CHP Genel Ba\u015fkan\u0131 de\u011fil, yarg\u0131d\u0131r, savc\u0131d\u0131r, hakimlerdir. Biz b\u00fct\u00fcn siyasi partiler gibi me\u015fru ve yasal zeminde herkesle g\u00f6r\u00fc\u015f\u00fcr\u00fcz. Bunu bir ittifak, i\u015fbirli\u011fi gibi lanse etmek, bunu doland\u0131rarak ba\u015fka yerlere \u00e7ekmek, bize de\u011fil, bu iftiralar\u0131 atanlara zarar verir.&#8221;<\/p>\n<p style=\"text-align: justify;\">Erdo\u011fan, CHP Genel Ba\u015fkan\u0131 Kemal K\u0131l\u0131\u00e7daro\u011flu&#8217;nun SSK Genel M\u00fcd\u00fcrl\u00fc\u011f\u00fc yapt\u0131\u011f\u0131 d\u00f6neme ili\u015fkin \u015funlar\u0131 s\u00f6yledi:<\/p>\n<p style=\"text-align: justify;\">&#8221;\u015eimdiki CHP Genel Ba\u015fkan\u0131n\u0131n SSK Genel M\u00fcd\u00fcrl\u00fc\u011f\u00fc d\u00f6neminde ter\u00f6r \u00f6rg\u00fct\u00fc mensuplar\u0131na nas\u0131l sahip \u00e7\u0131kt\u0131\u011f\u0131n\u0131, nerelere, nas\u0131l tayinler yapt\u0131\u011f\u0131n\u0131 biz parlamentoda defaetle a\u00e7\u0131klad\u0131k, belgelerle a\u00e7\u0131klad\u0131k. Biz belgelerle konu\u015fuyoruz. Ama bunu hi\u00e7bir zaman bir ter\u00f6r \u00f6rg\u00fct\u00fc-CHP ili\u015fkisi olarak lanse etmedik ve etmeyiz. Biz b\u00f6yle bir \u00fcslubu kendi siyasi ilkelerimize, duru\u015fumuza asla uygun g\u00f6remeyiz. Son derece nezaketsiz bir dil kullan\u0131p ard\u0131ndan da \u00e7\u0131k\u0131p \u00fcslup dersi vermek pi\u015fkinlik de\u011fil de nedir? &#8216;Ben SSK&#8217;y\u0131 7 y\u0131l y\u00f6nettim.&#8217; G\u00fczel, tamam da 7 y\u0131ll\u0131k y\u00f6netiminde SSK ne yapt\u0131? SSK 7 y\u0131l hep ne yaz\u0131k ki kay\u0131ptayd\u0131, s\u00fcrekli kay\u0131ptayd\u0131. \u00dcstelik bir y\u0131l \u00f6nce SSK ba\u015far\u0131l\u0131 bir performans ortaya koyarken, art\u0131dayken, 7 y\u0131ll\u0131k s\u00fcre\u00e7te s\u00fcrekli artarak ekside devam etmi\u015ftir. Bunu b\u00fct\u00e7e g\u00f6r\u00fc\u015fmelerinde y\u0131l y\u0131l a\u00e7\u0131klad\u0131m, arkada\u015flar\u0131m a\u00e7\u0131klad\u0131, hepsi s\u00f6ylediler. Buna ra\u011fmen hangi y\u00fczle \u00e7\u0131k\u0131yorsun da hala &#8216;Ben SSK&#8217;y\u0131 ba\u015far\u0131yla y\u00f6nettim&#8217; diyorsun? Halep oradaysa, ar\u015f\u0131n belgelerde, evraklarda, burada.<\/p>\n<p style=\"text-align: justify;\">Ortaya att\u0131\u011f\u0131 iddialar tek tek \u00e7\u00fcr\u00fct\u00fcld\u00fc\u011f\u00fcnde, y\u00fcz\u00fc k\u0131zarmak varken, mahcup olmak varken pi\u015fkinlikle seviyeyi a\u015fa\u011f\u0131lara \u00e7ekmek, bir siyasi y\u00f6ntem olabilir. Bu \u00fcsluptan rahats\u0131z olan sadece biz de\u011filiz. Vatanda\u015f da bu \u00fcsluptan rahats\u0131z. Bizzat CHP kitlesi, CHP&#8217;ye g\u00f6n\u00fcl veren vatanda\u015flar\u0131m, karde\u015flerim de bu \u00fcsluptan rahats\u0131z. Aylard\u0131r bu \u00fcslubu gizlemeye, \u00f6rtmeye \u00e7al\u0131\u015fan i\u015fte \u015fimdi canda\u015f medya bile bu \u00fcsluptan rahats\u0131z, zorla \u00f6rtemeye \u00e7al\u0131\u015f\u0131yorlar.<\/p>\n<p style=\"text-align: justify;\">Ben buradan a\u00e7\u0131k a\u00e7\u0131k s\u00f6yl\u00fcyorum: E\u011fer CHP Genel Ba\u015fkan\u0131 bu \u00fcslupla, bu s\u00f6ylemle devam ederse, ge\u00e7mi\u015fte yapt\u0131\u011f\u0131m\u0131z gibi kendisini ademe mahkum eder, istihza i\u00e7in bile olsa kendisini muhatap almay\u0131z. Bir Anamuhalefet Partisi Genel Ba\u015fkan\u0131n\u0131 muhatap almamak, onu ciddiye almamak istemeyiz. Ama s\u00f6z\u00fcn\u00fcn a\u011f\u0131rl\u0131\u011f\u0131 kalmayan, \u00fcslubunun seviyesi d\u00fc\u015ft\u00fck\u00e7e d\u00fc\u015fen bir ki\u015fiyi muhatap almak, onun ciddiyetsiz yakla\u015f\u0131mlar\u0131na cevap vermek de bizim i\u00e7in bir zule d\u00f6n\u00fc\u015f\u00fcyor. Biz CHP Genel Ba\u015fkan\u0131ndan bir siyaset ortaya koymas\u0131n\u0131, ciddi bir siyasi proje \u00fcretmesini art\u0131k beklemiyoruz. Bundan \u00fcmidimiz kalmad\u0131, ama bari ciddi bir \u00fcslup, seviyeli bir siyaset tarz\u0131 ortaya koysun. E\u011fer ba\u015farabilirse&#8230;&#8221;<\/p>\n<p style=\"text-align: justify;\">Erdo\u011fan, herkesin s\u00f6z\u00fcn\u00fc \u00f6l\u00e7erek ve tartarak edep ve nezaket i\u00e7inde ifade etmesi gere\u011fine i\u015faret ederek, yolsuzluk ne kadar b\u00fcy\u00fck bir su\u00e7sa, ayn\u0131 \u015fekilde namuslu, \u015ferefli insanlara hi\u00e7bir belge olmadan mesnetsiz \u015fekilde yolsuzluk itham\u0131nda bulunman\u0131n da o kadar b\u00fcy\u00fck su\u00e7 oldu\u011funun alt\u0131n\u0131 \u00e7izdi.<\/p>\n<p style=\"text-align: justify;\">Erdo\u011fan, &#8221;Sen yolsuzluk itham\u0131nda bulunacaks\u0131n, iftira atacaks\u0131n, insanlar i\u015fi g\u00fcc\u00fc b\u0131rak\u0131p bu iftiray\u0131 yalanlamakla u\u011fra\u015facak. \u0130ftira yalanland\u0131\u011f\u0131nda da senin y\u00fcz\u00fcn k\u0131zarmayacak, i\u015fi pi\u015fkinli\u011fe vurup devam edeceksin. Siyaset bu de\u011fil. Siyasette \u00fcslup bu olamaz. \u0130ftira atman\u0131n bedeli, pi\u015fkinlik olamaz&#8221; dedi.<\/p>\n<p style=\"text-align: justify;\"><strong>&#8221;GEN\u00c7L\u0130\u011e\u0130N KORUNMASINI DE\u011e\u0130L, ALKOL\u0130K OLMASINI ARZU ED\u0130YORLAR&#8221; <\/strong><\/p>\n<p style=\"text-align: justify;\">Erdo\u011fan, heykel ve alkol tart\u0131\u015fmas\u0131na de\u011finerek s\u00f6zlerini \u015f\u00f6yle tamamlad\u0131:<\/p>\n<p style=\"text-align: justify;\">&#8221;Bir heykel tart\u0131\u015fmas\u0131n\u0131, alkolle ilgili bir d\u00fczenlemeyi dahi rejim meselesine ta\u015f\u0131yanlar\u0131n, sokak sokak direni\u015f \u00e7a\u011fr\u0131s\u0131 kar\u015f\u0131s\u0131nda derin bir suskunlu\u011fa g\u00f6m\u00fclmelerini milletimin hakemli\u011fine b\u0131rak\u0131yorum. Umar\u0131m CHP bir an \u00f6nce hukuka ve demokrasiye sayg\u0131 g\u00f6stermesini \u00f6\u011frenir.<\/p>\n<p style=\"text-align: justify;\">Bak\u0131n\u0131z \u015fimdi ne s\u00f6yleniyor: &#8216;Alkoll\u00fc hareket engellenemez.&#8217; Bir siyaset\u00e7i buna \u00f6nderlik eder mi, buna sahip \u00e7\u0131kar m\u0131? \u0130\u015fte gen\u00e7leri soka\u011fa d\u00f6kerek, ne yap\u0131yorlar \u015fimdi? &#8216;Taksim&#8217;den meydana alkoll\u00fc hareket engellenemez.&#8217; Biz bu \u00fclkeyi bu t\u00fcr anlay\u0131\u015flara teslim edemeyiz. Benim milletim bunu yapmaz, yapmad\u0131 zaten. Kendisini idare edemeyenin milleti idare etmesi, \u00fclkeyi idare etmesi m\u00fcmk\u00fcn m\u00fc? Anayasam\u0131zda i\u015fte 58. madde \u00e7ok a\u00e7\u0131k net ortada. Kimse onu g\u00f6rm\u00fcyor. Anayasan\u0131n gere\u011fini yerine getirdi\u011fimiz i\u00e7in &#8216;Anayasan\u0131n gere\u011fini yap\u0131yor bu h\u00fck\u00fcmet&#8217; demiyor kimse, farkl\u0131 yerlere \u00e7ekiyor. Bak orada gen\u00e7li\u011fin korunmas\u0131 var. Ama tam tersi bunlar gen\u00e7li\u011fin korunmas\u0131n\u0131 de\u011fil, gen\u00e7li\u011fin alkolik olmas\u0131n\u0131 arzu ediyorlar. Aram\u0131zdaki fark bu. Biz anayasam\u0131z\u0131n amir h\u00fckm\u00fc neyse, bunun gere\u011fini yine yapar\u0131z, yapaca\u011f\u0131z. Amerika&#8217;s\u0131nda, AB&#8217;de orada neyse, ayn\u0131s\u0131n\u0131 yap\u0131yoruz, yapaca\u011f\u0131z. Kald\u0131 ki bu bir ba\u011f\u0131ms\u0131z kurulun \u015fu anda haz\u0131rlam\u0131\u015f oldu\u011fu genelgedir. Umar\u0131m CHP, erken uyanan\u0131n bildiri yay\u0131mlad\u0131\u011f\u0131, a\u00e7\u0131klama yapt\u0131\u011f\u0131 bir parti olmaktan, belli politikalar\u0131 olan ve bu politikalar do\u011frultusunda hareket eden bir parti haline gelir. Buna demokrasi ad\u0131na emin olun en \u00e7ok biz seviniriz.&#8221;<\/p>\n<p style=\"text-align: justify;\">AK Parti Genel Ba\u015fkan\u0131 ve Ba\u015fbakan Recep Tayyip Erdo\u011fan, muhalefet partilerinin Tunus ve M\u0131s\u0131r&#8217;daki olaylardan ders \u00e7\u0131karmak yerine halk\u0131 \u015fiddete davet etmelerinin, T\u00fcrk demokrasisi ad\u0131na &#8221;kara bir leke&#8221; oldu\u011funu kaydetti.<\/p>\n<p style=\"text-align: justify;\">Erdo\u011fan, partisinin TBMM Grup Toplant\u0131s\u0131nda yapt\u0131\u011f\u0131 konu\u015fmada, tarihin en k\u00f6kl\u00fc geleneklerinin, M\u0131s\u0131r co\u011frafyas\u0131nda ortaya \u00e7\u0131kt\u0131\u011f\u0131n\u0131 s\u00f6yledi.<\/p>\n<p style=\"text-align: justify;\">Bu medeniyetlerin d\u00fc\u015f\u00fcncede, sanatta insanl\u0131\u011f\u0131n ortak miras\u0131na \u00e7ok \u00f6nemli katk\u0131larda bulundu\u011funu belirten Erdo\u011fan, bu co\u011frafyada farkl\u0131 dinler ve k\u00fclt\u00fcrlerin oldu\u011funu, ancak son bir as\u0131rd\u0131r Ortado\u011funun bamba\u015fka bir \u00e7er\u00e7eveye oturtulmak istendi\u011fini kaydetti. Ba\u015fbakan Erdo\u011fan, Ortado\u011funun sava\u015flar, g\u00f6zya\u015f\u0131, yolsuzluk, cehalet ve insan haklar\u0131 ihlalleri ile an\u0131l\u0131r hale geldi\u011fini bildirdi.<\/p>\n<p style=\"text-align: justify;\">Erdo\u011fan, Ortado\u011fu ve Arap halklar\u0131n\u0131n bunu hak etmedi\u011fini belirterek, &#8221;Bu co\u011frafya ge\u00e7mi\u015fte nas\u0131l bir k\u00fclt\u00fcr ve medeniyet havzas\u0131 olmu\u015fsa, 21. y\u00fczy\u0131lda da ayn\u0131 evrensel bak\u0131\u015f a\u00e7\u0131s\u0131n\u0131 g\u00f6sterecek de\u011ferlere ve enerjiye sahiptir&#8221; dedi. De\u011fi\u015fimle istikrar, reformla g\u00fcvenlik, demokratik talepler ile sosyal bar\u0131\u015f aras\u0131ndaki dengenin muhafaza edilmesinin gerekti\u011fini ifade eden Erdo\u011fan, bu dengenin kurulmas\u0131yla Ortado\u011fu toplumlar\u0131n\u0131n daha ayd\u0131nl\u0131k, demokratik bir gelece\u011fe do\u011fru ad\u0131m atacaklar\u0131na inand\u0131\u011f\u0131n\u0131 s\u00f6yledi.<\/p>\n<p style=\"text-align: justify;\"><strong>&#8221;B\u0130DON KAFALI&#8217;, &#8216;G\u00d6BEK KA\u015eIYANLAR&#8217; \u0130FADELER\u0130&#8221; <\/strong><\/p>\n<p style=\"text-align: justify;\">&#8221;Demokrasiden kaos, radikalizm \u00e7\u0131kaca\u011f\u0131na hi\u00e7bir zaman inanmad\u0131k&#8221; diyen Ba\u015fbakan Erdo\u011fan, d\u00fczen ve istikran\u0131n ancak ileri demokrasi ile sa\u011flanabilece\u011fini; \u0131l\u0131ml\u0131l\u0131k, ho\u015fg\u00f6r\u00fc ve uzla\u015f\u0131n\u0131n ancak ileri demokrasi ile g\u00fc\u00e7lenece\u011fini bildirdi. Ba\u015fbakan Erdo\u011fan, demokratik se\u00e7imlerden, milletin iradesinden korkmamak gerekti\u011fini ifade ederek, \u015f\u00f6yle konu\u015ftu:<\/p>\n<p style=\"text-align: justify;\">&#8221;\u00c7\u00fcnk\u00fc milletin ortak akl\u0131 mah\u015feri vicdan\u0131 yanl\u0131\u015f yapmaz. Onun i\u00e7in millete &#8216;bidon kafal\u0131&#8217;, &#8216;g\u00f6bek ka\u015f\u0131yanlar&#8217; gibi s\u0131fat yak\u0131\u015ft\u0131rmak i\u015fte bir aczin, cehaletin, gafletin \u00fcr\u00fcn\u00fcd\u00fcr. Bunu diyenler de o bir k\u0131s\u0131m entelekt\u00fcel ge\u00e7inenlerin i\u00e7inden de\u011fil mi? Onlar\u0131n i\u00e7indendir. Bir k\u0131s\u0131m k\u00f6\u015fe yazarlar\u0131n\u0131n i\u00e7inden de\u011fil mi? Onlar\u0131n i\u00e7inden \u00e7\u0131kt\u0131. 22 Temmuz se\u00e7imlerinde AK Parti y\u00fczde 47&#8217;yle gelirken, neyle geldi? O cumhuriyet mitingleri ile geldi. Ordumuzu g\u00f6reve davet eden zihniyetlere, benim milletim, &#8216;dur bakal\u0131m&#8217; dedi. &#8216;Egemenlik kay\u0131ts\u0131z \u015farts\u0131z milletindir&#8217; dedi ve y\u00fczde 47 ile AK Parti&#8217;yi tekrar iktidara ta\u015f\u0131d\u0131. \u015eimdi bak\u0131yorum, birileri yine buna haz\u0131rlan\u0131yor. Sorun varsa \u00e7\u00f6z\u00fcm yeri sand\u0131kt\u0131r, millete gitmektir.<\/p>\n<p style=\"text-align: justify;\">Buradan bir kez daha karde\u015f halklara sesleniyorum: Karamsar olmak bize yak\u0131\u015fmaz. Bizler b\u00fcy\u00fck bir medeniyetin mensuplar\u0131z. Karde\u015flik ve dostluk i\u00e7inde \u00f6zg\u00fcvenle hareket etmek, \u00fcmitvar olmak durumunday\u0131z. Hak ve \u00f6zg\u00fcrl\u00fck m\u00fccadelesi vermek herkesin en do\u011fal hakk\u0131d\u0131r ama \u015fiddete ba\u015fvurmadan&#8230; \u015eiddetten kast\u0131m, ter\u00f6r a\u011f\u0131rl\u0131kl\u0131, bunu s\u00f6yl\u00fcyorum, bunu da birbirine kar\u0131\u015ft\u0131rmay\u0131n. Kar\u015f\u0131m\u0131zdakilerin de insan ve karde\u015fimiz oldu\u011funu unutmadan sa\u011fduyu ile hareket edelim, itidalden ve akl\u0131selimden ayr\u0131lmayal\u0131m. \u0130nan\u0131n a\u015f\u0131lamayacak hi\u00e7 bir sorun yoktur. Biz T\u00fcrkiye olarak her zaman karde\u015flerimizin hissiyat\u0131na ortak olaca\u011f\u0131z. Bize ne g\u00f6rev d\u00fc\u015f\u00fcyorsa, biz onu yapaca\u011f\u0131z ama hi\u00e7bir zaman durumdan vazife \u00e7\u0131karmayaca\u011f\u0131z.&#8221;<\/p>\n<p style=\"text-align: justify;\"><strong>&#8221;MISIR&#8217;DAN B\u0130N 500 VATANDA\u015e GELD\u0130&#8221; <\/strong><\/p>\n<p style=\"text-align: justify;\">Ba\u015fbakan Erdo\u011fan, Tunus ve M\u0131s\u0131r&#8217;daki olaylar\u0131 en ba\u015f\u0131ndan itibaren \u00e7ok b\u00fcy\u00fck dikkatle izlediklerini belirterek, oralardaki T\u00fcrk vatanda\u015flar\u0131n\u0131n g\u00fcvenli\u011fi ve T\u00fcrkiye&#8217;ye transferi konusunda \u00e7al\u0131\u015ft\u0131klar\u0131n\u0131 s\u00f6yledi. Erdo\u011fan, M\u0131s\u0131r&#8217;dan bin 500 vatanda\u015f\u0131n \u00fclkeye geldi\u011fini dile getirdi.<\/p>\n<p style=\"text-align: justify;\">ABD Ba\u015fkan\u0131 Barack Obama ile \u00f6nceki ak\u015fam telefonla g\u00f6r\u00fc\u015ft\u00fc\u011f\u00fcn\u00fc ve M\u0131s\u0131r&#8217;daki geli\u015fmeleri ele ald\u0131klar\u0131n\u0131 belirten Erdo\u011fan, Obama&#8217;n\u0131n, &#8221;T\u00fcrkiye&#8217;nin se\u00e7imle i\u015fba\u015f\u0131na gelmi\u015f, 2 kez \u00fcst \u00fcste se\u00e7im kazanm\u0131\u015f H\u00fck\u00fcmetinin M\u0131s\u0131r&#8217;daki geli\u015fmelere bak\u0131\u015f\u0131n\u0131 \u00f6nemsediklerini ifade etti\u011fini&#8221; bildirdi.<\/p>\n<p style=\"text-align: justify;\">Ba\u015fbakan Erdo\u011fan, i\u00e7eride ve d\u0131\u015far\u0131daki olaylar\u0131 istismara y\u00f6nelen muhalefetin, Tunus ve M\u0131s\u0131r&#8217;daki olaylar\u0131 tersinden okuma kabiliyetini ortaya koydu\u011funu s\u00f6yledi.<\/p>\n<p style=\"text-align: justify;\">&#8221;CHP ve di\u011fer muhalefet partilerinin Tunus ve M\u0131s\u0131r&#8217;daki olaylardan ders \u00e7\u0131karmak yerine, halk\u0131 \u015fiddete davet etmelerinin, T\u00fcrk demokrasisi ad\u0131na bu partiler \u00fczerinde kolay kolay silinmeyecek &#8216;kara bir leke&#8217; oldu\u011funu&#8221; anlatan Erdo\u011fan, 1950&#8217;de Adnan Menderes&#8217;in iktidara gelmesinin, halk\u0131n CHP iktidar\u0131na kar\u015f\u0131 demokratik bir ba\u015fkald\u0131r\u0131s\u0131 oldu\u011funu ifade etti. Erdo\u011fan, Turgut \u00d6zal&#8217;\u0131n 12 Eyl\u00fcl&#8217;\u00fcn ard\u0131ndan geldi\u011finin unutulmamas\u0131 gerekti\u011fini ifade ederek, milletin 3 Kas\u0131m se\u00e7imlerinde de koalisyonlara, &#8221;Yeter s\u00f6z de karar da milletindir&#8221; diyerek tepkisini ortaya koydu\u011funu bildirdi.<\/p>\n<p style=\"text-align: justify;\">Ba\u015fbakan Recep Tayyip Erdo\u011fan, 22 Temmuz se\u00e7imlerinin stat\u00fckoya, bask\u0131c\u0131 ve yasak\u00e7\u0131 anlay\u0131\u015fa bir tepki oldu\u011funu kaydetti. Muhalefetin kendisine, &#8221;Senin de ak\u0131betin Menderes gibi olacak&#8221; dedi\u011fini ve baz\u0131 k\u00f6\u015fe yazarlar\u0131n\u0131n bunu yazd\u0131\u011f\u0131n\u0131 dile getiren Erdo\u011fan, &#8221;Allah&#8217;\u0131n verdi\u011fi \u00f6mr\u00fc, Allah&#8217;tan ba\u015fka kimse noktalayamaz&#8221; dedi.<\/p>\n<p style=\"text-align: justify;\"><strong>&#8221;M\u0130LLET, 12 EYL\u00dcL&#8217;DE MESAJ VERD\u0130&#8221; <\/strong><\/p>\n<p style=\"text-align: justify;\">Milletin, 12 Eyl\u00fcl halkoylamas\u0131yla CHP, MHP ve BDP ba\u015fta olmak \u00fczere, stat\u00fckoyu korumaya \u00e7al\u0131\u015fan, de\u011fi\u015fime direnen, milletin talep ve arzular\u0131na kulak t\u0131kayan \u00e7evrelere kar\u015f\u0131 mesaj verdi\u011fini belirten Erdo\u011fan, milletin her zaman de\u011fi\u015fimden yana oldu\u011funu s\u00f6yledi. Erdo\u011fan, s\u00f6zlerini \u015f\u00f6yle s\u00fcrd\u00fcrd\u00fc:<\/p>\n<p style=\"text-align: justify;\">&#8221;Tunus ve M\u0131s\u0131r&#8217;daki olaylar \u00fczerinden AK Parti&#8217;ye mesaj g\u00f6nderen baz\u0131 k\u00f6\u015fe yazarlar\u0131 var. O mesaj\u0131 as\u0131l kendilerinin almas\u0131, okumas\u0131 gerekir. Bizim o mesaja ihtiyac\u0131m\u0131z yok, milletin mesaj\u0131na ihtiyac\u0131m\u0131z var. Benim milletim o mesaj\u0131, o siyasi partilere de defalarca vermi\u015ftir. 12 Eyl\u00fcl&#8217;de en g\u00fc\u00e7l\u00fc \u015fekilde vermi\u015ftir. Ne yaz\u0131k ki o siyasi partiler mesaj\u0131 do\u011fru okumak noktas\u0131nda hala direnmektedirler. Bu \u00fclkede kimin ileri demokrasiden, kimin de stat\u00fckocu anlay\u0131\u015ftan, bask\u0131c\u0131 ve yasaklardan yana oldu\u011fu g\u00fcn gibi a\u015fikard\u0131r. Bu \u00fclkede kimin hukukun \u00fcst\u00fcnl\u00fc\u011f\u00fcn\u00fc savundu\u011fu, kimin de \u00fcst\u00fcnlerin hukukunu muhafaza etmek i\u00e7in m\u00fccadele etti\u011fi ortadad\u0131r. Kimin \u00e7etelere kar\u015f\u0131 amans\u0131z bir m\u00fccadele i\u00e7inde oldu\u011fu, kimin \u00e7etelere avukatl\u0131k yapt\u0131\u011f\u0131 herkesin malumudur. Yar\u0131n yazacaklar\u0131n\u0131 biliyorum ama s\u00f6ylemek zorunday\u0131m. Baz\u0131 entelekt\u00fceller, k\u00f6\u015fe yazarlar\u0131 ikide bir yazarak, konu\u015farak \u015fu ifadeleri kullan\u0131yorlar. Zannediyorlar ki bizim gayretlerimizle bir\u00e7ok \u015fey oluyor. Sizin gayretleriniz belki bir i\u015faret fi\u015fe\u011fi olabilir ama bunlar\u0131 s\u00fcmen alt\u0131na iten -ge\u00e7mi\u015fte oldu\u011fu gibi- iktidarlar olursa, sadece s\u00f6ylediklerinizle, yazd\u0131klar\u0131n\u0131zla kal\u0131rs\u0131n\u0131z. Biz her \u015feyi kendi periyodu i\u00e7erisinde i\u015fleten ve bu \u015fekilde de neticeye milletiyle ula\u015fma gayreti i\u00e7inde olan iktidar\u0131z. Kimin milletle hareket etti\u011fi, kimin millete &#8216;bidon kafal\u0131, g\u00f6be\u011fini ka\u015f\u0131yan adam&#8217; diyerek hakaret etti\u011fi ortadad\u0131r.<\/p>\n<p style=\"text-align: justify;\">Halk\u0131n iradesini ba\u015ftac\u0131 yapan, milli iradeye g\u00f6lge d\u00fc\u015f\u00fcr\u00fclmesine eyvallah etmeyen AK Parti iktidar\u0131d\u0131r. Demokrasiden yana olan, Meclis&#8217;i, komisyonlar\u0131 terk edenler, halkoylamas\u0131nda halk\u0131 boykota \u00e7a\u011f\u0131ranlar, siyasi iktidara tuzak kuran, \u00e7etelere avukatl\u0131k yapanlar de\u011fil; can\u0131 pahas\u0131na gecesini g\u00fcnd\u00fcz\u00fcne katarak \u00e7al\u0131\u015fan, m\u00fccadele eden, dik duran AK Parti iktidar\u0131d\u0131r.&#8221;<\/p>\n<p style=\"text-align: justify;\"><strong>&#8221;MUHALEFET\u0130N SEV\u0130YES\u0130 \u0130Y\u0130CE D\u00dc\u015eEN \u00dcSLUBU&#8221; <\/strong><\/p>\n<p style=\"text-align: justify;\">Ba\u015fbakan Erdo\u011fan, ba\u015fta CHP olmak \u00fczere, muhalefetin art\u0131k seviyesi iyice d\u00fc\u015fen, izan ve insaf \u00f6l\u00e7\u00fclerini a\u015fan, nezaketi, sayg\u0131y\u0131 terk eden \u00fcslubu hakk\u0131nda da baz\u0131 de\u011ferlendirmelerde bulunmak istedi\u011fini s\u00f6yledi.<\/p>\n<p style=\"text-align: justify;\">MHP ve BDP&#8217;nin uzun s\u00fcredir devam eden siyasi nezaket ve terbiye d\u0131\u015f\u0131 usl\u00fcbunu uzun s\u00fcredir dikkate almad\u0131klar\u0131n\u0131 ve cevaplama gere\u011fini de duymad\u0131klar\u0131n\u0131 belirten Erdo\u011fan, &#8221;Ancak ayn\u0131 \u00fcslubun CHP&#8217;de topyek\u00fcn bir siyasi s\u00f6yleme, politikaya d\u00f6n\u00fc\u015fm\u00fc\u015f olmas\u0131ndan dolay\u0131 demokrasimiz ad\u0131na ciddi bir kayg\u0131 duymaktay\u0131m&#8221; dedi. Ba\u015fbakan Erdo\u011fan, CHP&#8217;nin yeni Genel Ba\u015fkan\u0131 Kemal K\u0131l\u0131\u00e7daro\u011flu&#8217;nun, genel ba\u015fkan oldu\u011fu kurultayda nas\u0131l bir s\u00f6ylem, \u00fcslup kullanaca\u011f\u0131n\u0131 a\u00e7\u0131k a\u00e7\u0131k ortaya koydu\u011funu ifade etti.<\/p>\n<p style=\"text-align: justify;\">Ba\u015fbakan Recep Tayyip Erdo\u011fan, 12 Eyl\u00fcl halkoylamas\u0131 \u00f6ncesinde bu \u00fcslubun dibe vurdu\u011funu ve bunun da CHP se\u00e7menince bile tepkiyle kar\u015f\u0131land\u0131\u011f\u0131n\u0131 kaydetti.<\/p>\n<p style=\"text-align: justify;\">Genel Ba\u015fkan\u0131n \u00fcslubunun, genel ba\u015fkan yard\u0131mc\u0131lar\u0131 ve milletvekilleri taraf\u0131ndan da benimsendi\u011fini ve CHP&#8217;ye bir \u00fcslupsuzlu\u011fun hakim oldu\u011funun g\u00f6r\u00fcld\u00fc\u011f\u00fcn\u00fc kaydeden Erdo\u011fan, &#8221;CHP, MHP ve BDP&#8217;ye g\u00f6n\u00fcl veren karde\u015flerime de sesleniyorum: Bir anamuhalefet partisi genel ba\u015fkan yard\u0131mc\u0131s\u0131 bu \u00fclkenin Ba\u015fbakan\u0131na, &#8216;bostanc\u0131ba\u015f\u0131&#8217; veya &#8216;harema\u011fas\u0131&#8217; ifadesini yak\u0131\u015ft\u0131rabilir mi? Bunu neyle acaba ifade edeceksiniz? Bunlar kar\u015f\u0131s\u0131nda, kalk\u0131p da ikide bir &#8216;Say\u0131n Ba\u015fbakan \u00e7ok gerilimli&#8217; deme nezaketini g\u00f6steren o k\u00f6\u015fe yazarlar\u0131na sesleniyorum: Acaba sizler bu a\u00e7\u0131klama kar\u015f\u0131s\u0131nda ne yazd\u0131n\u0131z, ne s\u00f6ylediniz? Biz bu ifadeler kar\u015f\u0131s\u0131nda, &#8216;eyvallah iyi s\u00f6yledin mi?&#8217; diyece\u011fiz. Kimin eli kimin cebinde belli de\u011fil. B\u00f6yle bir anamulafet partisi olur mu?&#8221; diye konu\u015ftu.<\/p>\n<p style=\"text-align: justify;\">AK Parti Grup toplant\u0131s\u0131n\u0131, Suriye-T\u00fcrkiye Parlamentolararas\u0131 Dostluk Grubu Ba\u015fkan\u0131 \u0130smet Mahli ve baz\u0131 \u00fcyeler de izledi. Mahli, konu\u015fmas\u0131n\u0131n ard\u0131ndan Ba\u015fbakan Erdo\u011fan&#8217;a hediye verdi ve bir s\u00fcre sohbet etti.<\/p>\n<p style=\"text-align: justify;\"><strong>EL CEZ\u0130RE CANLI VERD\u0130<\/strong><\/p>\n<p style=\"text-align: justify;\">Tunus ve M\u0131s\u0131r&#8217;daki protestolar\u0131 yak\u0131ndan izleyen ve Arap halklar\u0131n\u0131n yak\u0131ndan takip etti\u011fi El Cezire televizyonu Ba\u015fbakan Recep Tayyip Erdo\u011fan&#8217;\u0131n TBMM Ak Parti grubunda yapt\u0131\u011f\u0131 konu\u015fmay\u0131 canl\u0131 olarak yay\u0131nlad\u0131..<\/p>\n<p style=\"text-align: justify;\">Erdo\u011fan&#8217;\u0131n M\u0131s\u0131r&#8217;daki geli\u015fmeleri de de\u011ferlendirdi\u011fi ve Devlet Ba\u015fkan\u0131 H\u00fcsn\u00fc M\u00fcbarek&#8217;e reform \u00e7a\u011fr\u0131s\u0131nda bulundu\u011fu konu\u015fma, ba\u015f\u0131ndan itibaren Arap\u00e7a sim\u00fcltane \u00e7eviri ile ekrana ta\u015f\u0131nd\u0131.<\/p>\n<p style=\"text-align: justify;\"><a href=\"http:\/\/www.gazeteport.com.tr\/SIYASET\/NEWS\/GP_845910\" target=\"_blank\"><span style=\"color: #888888;\">Kaynak : GAZETEPORT<\/span><\/a><\/p>\n","protected":false},"excerpt":{"rendered":"<p style=\"text-align: justify;\">\n<p style=\"text-align: justify;\">AK Parti Genel Ba\u015fkan\u0131 ve Ba\u015fbakan Recep Tayyip Erdo\u011fan, kendi aras\u0131nda uzla\u015f\u0131 sa\u011flayamayan \u00fclkelerin ayd\u0131nl\u0131k bir gelece\u011fe de ula\u015famayaca\u011f\u0131n\u0131 ifade ederek, M\u0131s\u0131r y\u00f6netimine, &#8221;M\u0131s\u0131r&#8217;\u0131n huzuru, g\u00fcvenli\u011fi, istikrar\u0131 ad\u0131na \u00f6nce siz ad\u0131m at\u0131n. Halk\u0131 tatmin edecek ad\u0131mlar at\u0131n&#8221; diye seslendi.<\/p>\n<p style=\"text-align: justify;\">Erdo\u011fan&#8217;\u0131n konu\u015fmas\u0131n\u0131 El Cezire televizyonu, Arap\u00e7a sim\u00fcltane ile canl\u0131 <\/p>\n","protected":false},"author":1,"featured_media":0,"comment_status":"open","ping_status":"closed","sticky":false,"template":"","format":"standard","meta":{"footnotes":""},"categories":[105],"tags":[],"class_list":["post-27567","post","type-post","status-publish","format-standard","hentry","category-gundem","odd"],"_links":{"self":[{"href":"http:\/\/www.korhanyilmaz.com\/index.php?rest_route=\/wp\/v2\/posts\/27567","targetHints":{"allow":["GET"]}}],"collection":[{"href":"http:\/\/www.korhanyilmaz.com\/index.php?rest_route=\/wp\/v2\/posts"}],"about":[{"href":"http:\/\/www.korhanyilmaz.com\/index.php?rest_route=\/wp\/v2\/types\/post"}],"author":[{"embeddable":true,"href":"http:\/\/www.korhanyilmaz.com\/index.php?rest_route=\/wp\/v2\/users\/1"}],"replies":[{"embeddable":true,"href":"http:\/\/www.korhanyilmaz.com\/index.php?rest_route=%2Fwp%2Fv2%2Fcomments&post=27567"}],"version-history":[{"count":0,"href":"http:\/\/www.korhanyilmaz.com\/index.php?rest_route=\/wp\/v2\/posts\/27567\/revisions"}],"wp:attachment":[{"href":"http:\/\/www.korhanyilmaz.com\/index.php?rest_route=%2Fwp%2Fv2%2Fmedia&parent=27567"}],"wp:term":[{"taxonomy":"category","embeddable":true,"href":"http:\/\/www.korhanyilmaz.com\/index.php?rest_route=%2Fwp%2Fv2%2Fcategories&post=27567"},{"taxonomy":"post_tag","embeddable":true,"href":"http:\/\/www.korhanyilmaz.com\/index.php?rest_route=%2Fwp%2Fv2%2Ftags&post=27567"}],"curies":[{"name":"wp","href":"https:\/\/api.w.org\/{rel}","templated":true}]}}