{"id":27557,"date":"2011-02-01T23:49:48","date_gmt":"2011-02-01T21:49:48","guid":{"rendered":"http:\/\/www.korhanyilmaz.com\/?p=27557"},"modified":"2011-02-01T23:49:48","modified_gmt":"2011-02-01T21:49:48","slug":"mubarek-son-kararini-verdi","status":"publish","type":"post","link":"http:\/\/www.korhanyilmaz.com\/?p=27557","title":{"rendered":"M\u00fcbarek son karar\u0131n\u0131 verdi"},"content":{"rendered":"<p style=\"text-align: center;\"><a href=\"http:\/\/www.korhanyilmaz.com\/wp-content\/uploads\/2011\/02\/057.jpg\"  class=\"lightview\"><img loading=\"lazy\" decoding=\"async\" class=\"aligncenter size-full wp-image-27558\" src=\"http:\/\/www.korhanyilmaz.com\/wp-content\/uploads\/2011\/02\/057.jpg\" alt=\"\" width=\"307\" height=\"236\" \/><\/a><\/p>\n<p style=\"text-align: justify;\">M\u0131s\u0131r Cumhurba\u015fkan\u0131 H\u00fcsn\u00fc M\u00fcbarek, eyl\u00fcldeki cumhurba\u015fkanl\u0131\u011f\u0131 se\u00e7iminde yeniden aday olmaya niyetli olmad\u0131\u011f\u0131n\u0131 s\u00f6yledi. \u0130ktidar\u0131n\u0131n bundan sonraki birka\u00e7 ay\u0131n\u0131 bar\u0131\u015f\u00e7\u0131l bir iktidar de\u011fi\u015fikli\u011fine ay\u0131raca\u011f\u0131n\u0131 ifade eden M\u00fcbarek, &#8220;M\u0131s\u0131r&#8217;da \u00f6lmeyi tercih etti\u011fini&#8221; s\u00f6yledi. M\u00fcbarek&#8217;in konu\u015fmas\u0131n\u0131 dinleyen protestocular ise tatmin olmad\u0131, &#8220;cuma g\u00fcn\u00fc sarayda olaca\u011f\u0131z&#8221; sloganlar\u0131 att\u0131. <!--more--><\/p>\n<p style=\"text-align: justify;\">M\u0131s\u0131r Cumhurba\u015fkan\u0131 H\u00fcsn\u00fc M\u00fcbarek, isyan\u0131n sekizinci g\u00fcn\u00fcnde eyl\u00fcldeki cumhurba\u015fkanl\u0131\u011f\u0131 se\u00e7iminde yeniden aday olmaya niyetli olmad\u0131\u011f\u0131n\u0131 s\u00f6yledi.<\/p>\n<p style=\"text-align: justify;\">M\u00fcbarek, istifas\u0131 i\u00e7in d\u00fczenlenen protesto g\u00f6sterilerinin ard\u0131ndan televizyondan halka hitaben yapt\u0131\u011f\u0131 konu\u015fmada, anayasal de\u011fi\u015fiklikler i\u00e7in \u00e7aba g\u00f6sterece\u011fini belirtti.<\/p>\n<p style=\"text-align: justify;\">\u0130ktidar\u0131n\u0131n bundan sonraki birka\u00e7 ay\u0131n\u0131 bar\u0131\u015f\u00e7\u0131l bir iktidar de\u011fi\u015fikli\u011fine ay\u0131raca\u011f\u0131n\u0131 ifade eden M\u00fcbarek, &#8220;M\u0131s\u0131r&#8217;da \u00f6lmeyi tercih etti\u011fini&#8221; s\u00f6yledi.<\/p>\n<p style=\"text-align: justify;\">M\u00fcbarek, istifa etmesi y\u00f6n\u00fcndeki bask\u0131lara ra\u011fmen \u00fclkesini terk etmeyece\u011fini belirtti.<\/p>\n<p style=\"text-align: justify;\">H\u00fcsn\u00fc M\u00fcbarek, &#8220;Bug\u00fcnk\u00fc ko\u015fullar\u0131 dikkate almadan bir d\u00f6nem daha cumhurba\u015fkan\u0131 aday\u0131 olmaya asla niyetlenmedim. Bug\u00fcn sizinle konu\u015fan H\u00fcsn\u00fc M\u00fcbarek, M\u0131s\u0131r&#8217;a ve halk\u0131na y\u0131llarca hizmet ederken ba\u015far\u0131lar\u0131ndan gurur duyuyor. Buras\u0131 benim \u00fclkem, buras\u0131 ya\u015fad\u0131\u011f\u0131m yer, sava\u015ft\u0131m ve topra\u011f\u0131n\u0131, ba\u011f\u0131ms\u0131zl\u0131\u011f\u0131n\u0131, \u00e7\u0131karlar\u0131n\u0131 savundum ve topra\u011f\u0131nda \u00f6lece\u011fim&#8221; dedi.<\/p>\n<p style=\"text-align: justify;\">Anayasal de\u011fi\u015fiklikler i\u00e7in \u00e7aba g\u00f6sterece\u011fini belirten M\u00fcbarek, cumhurba\u015fkanl\u0131\u011f\u0131 se\u00e7iminde aday olmak i\u00e7in kat\u0131 se\u00e7ilme kurallar\u0131n\u0131 hafifletmek istedi\u011fini s\u00f6yledi.<\/p>\n<p style=\"text-align: justify;\">H\u00fcsn\u00fc M\u00fcbarek, iktidar\u0131n\u0131n bundan sonraki birka\u00e7 ay\u0131n\u0131 bar\u0131\u015f\u00e7\u0131l bir iktidar de\u011fi\u015fikli\u011fine ay\u0131raca\u011f\u0131n\u0131 ifade etti.<\/p>\n<p style=\"text-align: justify;\">M\u00fcbarek, protestolar\u0131n arkas\u0131ndaki gruplar\u0131n amac\u0131n\u0131n istikrars\u0131zl\u0131k yaratmak oldu\u011funu s\u00f6yledi.<\/p>\n<p style=\"text-align: justify;\">H\u00fcsn\u00fc M\u00fcbarek, &#8220;Bir kez daha \u00e7a\u011fr\u0131da bulunuyorum. K\u00f6yl\u00fcl\u00fcr, i\u015f\u00e7iler, gen\u00e7ler, yoksullar, erkekler, kad\u0131nlar, k\u0131rsaldaki-kentlerdeki vatanda\u015flar\u0131ma seslenmek istiyorum. Ben iktidar pe\u015finde ko\u015fmad\u0131m. Hep sava\u015f esnas\u0131nda bar\u0131\u015f esnas\u0131nda vatana hizmet etmek istedim. Ben ordunun nefereyim. Sorumluluktan ka\u00e7mam. Benim sorumlulu\u011fum anavatandaki istikrar\u0131 sa\u011flamakt\u0131r. Hi\u00e7bir zaman siyasi h\u0131rs i\u00e7inde olmad\u0131m&#8221; dedi.<\/p>\n<p style=\"text-align: justify;\">G\u00f6stericiler ise Cumhurba\u015fkan\u0131 H\u00fcsn\u00fc M\u00fcbarek&#8217;in a\u00e7\u0131klamalar\u0131ndan ikna olmad\u0131.<\/p>\n<p style=\"text-align: justify;\">H\u00fcsn\u00fc M\u00fcbarek&#8217;in eyl\u00fcl ay\u0131ndaki cumhurba\u015fkanl\u0131\u011f\u0131 se\u00e7imine kadar g\u00f6revde kalaca\u011f\u0131n\u0131 belirtti\u011fi televizyondaki konu\u015fmas\u0131ndan sonra ba\u015fkent Kahire&#8217;nin merkezinde toplanan g\u00f6stericiler, M\u00fcbarek&#8217;in acilen gitmesini istediklerini s\u00f6yledi.<\/p>\n<p style=\"text-align: justify;\"><strong>B\u00fcy\u00fck g\u00f6steri<\/strong><\/p>\n<p style=\"text-align: justify;\">Bu arada Kahire&#8217;de muhalefetin \u00e7a\u011fr\u0131s\u0131yla bu sabah saatlerinden itibaren kentin her yerinden g\u00f6stericiler Tahrir Meydan\u0131&#8217;n\u0131 doldurdu.<\/p>\n<p style=\"text-align: justify;\">T\u00fcm siyasi g\u00f6r\u00fc\u015flerden, sivil toplum \u00f6rg\u00fctlerinden, meslek kurulu\u015flar\u0131ndan, siyasi partilerin gen\u00e7lik \u00f6rg\u00fctlerinden g\u00f6stericiler, muhalefetin bir milyon ki\u015finin g\u00f6steri yapma \u00e7a\u011fr\u0131s\u0131na olumlu tepki vererek alan\u0131 doldurdular.<\/p>\n<p style=\"text-align: justify;\">Yerel saatle 16:00&#8217;da Tahrir Meydan\u0131 ve \u00e7evresindeki g\u00f6sterici say\u0131s\u0131n\u0131n 2 milyona ula\u015ft\u0131\u011f\u0131 belirtilirken, meydan\u0131 \u00e7evreleyen yollar\u0131n tamam\u0131, ordu birlikleri taraf\u0131ndan tanklar ve z\u0131rhl\u0131 ara\u00e7larla tutuldu, baz\u0131 yerlere askerlerin tel \u00f6rg\u00fc ve beton bariyerler koydu\u011fu g\u00f6r\u00fcld\u00fc.<\/p>\n<p style=\"text-align: justify;\">M\u0131s\u0131r televizyonu \u00f6n\u00fcnde g\u00f6steri yapmak isteyen gruplar\u0131n slogan atmas\u0131na izin veren asker, bu gruplar\u0131n b\u00f6lgede y\u0131\u011f\u0131lmas\u0131na ise m\u00fcsaade etmedi.<\/p>\n<p style=\"text-align: justify;\">Baz\u0131 partiler de, g\u00f6steriden \u00f6nce g\u00f6stericilere bas\u0131n bildirisi, afi\u015f ve pankart da\u011f\u0131tt\u0131.<\/p>\n<p style=\"text-align: justify;\">Da\u011f\u0131t\u0131lan bildirilerin bir k\u0131sm\u0131nda, &#8220;M\u00fcbarek rejimi sona erinceye kadar durmak yok, m\u00fccadeleye devam&#8221; ifadeleri kullan\u0131l\u0131rken, baz\u0131 gruplar ellerinde idam cezas\u0131n\u0131 sembolize eden iplerle alana girdiler.<\/p>\n<p style=\"text-align: justify;\">Tahrir Meydan\u0131&#8217;nda genel sloganlar &#8220;Gen\u00e7lik de\u011fi\u015fim istiyor&#8221;, &#8220;Kahrolsun M\u00fcbarek&#8221; ve &#8220;M\u00fcbarek d\u0131\u015far\u0131&#8221; olurken, alanda \u00e7ok \u00e7e\u015fitli partiler ve gruplar oldu\u011fundan, tablo olarak bir birliktelik olsa da slogan ve pankartlar a\u00e7\u0131s\u0131ndan farkl\u0131l\u0131klar g\u00f6ze \u00e7arpt\u0131.<\/p>\n<p style=\"text-align: justify;\">G\u00f6steri boyunca askeri bir helikopter, alan\u0131n \u00fczerinde u\u00e7u\u015f yaparken, baz\u0131 g\u00f6stericiler, birka\u00e7 ki\u015fiyi M\u0131s\u0131r gizli servisinden ya da polis istihbarat\u0131ndan oldu\u011fu gerek\u00e7esiyle lin\u00e7 etmek istedi, bu ki\u015fileri g\u00f6stericilerin elinden askerler kurtard\u0131.<\/p>\n<p style=\"text-align: justify;\">Bug\u00fcnk\u00fc g\u00f6steride, di\u011fer g\u00f6sterilerin aksine g\u00f6stericilerin M\u0131s\u0131r genelinde bir haftadan bu yana devam eden karga\u015fay\u0131 anlad\u0131klar\u0131 ve istikrar\u0131n az da olsa \u00f6n plana \u00e7\u0131kmaya ba\u015flad\u0131\u011f\u0131 g\u00f6zlenirken, g\u00f6stericilerin kararl\u0131l\u0131klar\u0131ndan hi\u00e7bir \u015fey kaybetmedikleri belirtiliyor.<\/p>\n<p style=\"text-align: justify;\"><strong>\u0130skenderiye&#8217;de de g\u00f6steri <\/strong><\/p>\n<p style=\"text-align: justify;\">M\u0131s\u0131r&#8217;\u0131n ikinci b\u00fcy\u00fck kenti \u0130skenderiye&#8217;de y\u00fczbinlerce protestocu, Cumhurba\u015fkan\u0131 H\u00fcsn\u00fc M\u00fcbarek&#8217;in \u00fclkeden ayr\u0131lmas\u0131 i\u00e7in y\u00fcr\u00fcd\u00fc.<\/p>\n<p style=\"text-align: justify;\">Kent merkezindeki cami \u00f6n\u00fcnde toplanan, y\u00fczleri g\u00fclen kalabal\u0131\u011f\u0131n olu\u015fturdu\u011fu kortejin 5 kilometreyi buldu\u011fu, ancak bir\u00e7ok g\u00f6stericinin paralel yollardan y\u00fcr\u00fcd\u00fc\u011f\u00fc i\u00e7in kesin say\u0131 vermenin m\u00fcmk\u00fcn olmad\u0131\u011f\u0131 belirtildi.<\/p>\n<p style=\"text-align: justify;\"><strong>Ordu karar\u0131n\u0131 verdi: G\u00fc\u00e7 kullanmayacak <\/strong><\/p>\n<p style=\"text-align: justify;\">M\u0131s\u0131r ordusu da protestoculara y\u00f6nelik g\u00fc\u00e7 kullanmayaca\u011f\u0131n\u0131 a\u00e7\u0131klad\u0131. Karar, Tahrir Meydan\u0131&#8217;nda sevin\u00e7le kar\u015f\u0131land\u0131.<\/p>\n<p style=\"text-align: justify;\">Ba\u015fkent Kahire&#8217;yi \u00e7evre kentlere ba\u011flayan karayollar\u0131 da ula\u015f\u0131ma kapat\u0131ld\u0131.<\/p>\n<p style=\"text-align: center;\"><a href=\"http:\/\/www.korhanyilmaz.com\/wp-content\/uploads\/2011\/02\/059.jpg\"  class=\"lightview\"><img loading=\"lazy\" decoding=\"async\" class=\"aligncenter size-full wp-image-27559\" src=\"http:\/\/www.korhanyilmaz.com\/wp-content\/uploads\/2011\/02\/059.jpg\" alt=\"\" width=\"464\" height=\"272\" \/><\/a><\/p>\n<p style=\"text-align: justify;\">Yabanc\u0131 bas\u0131n mensuplar\u0131n\u0131n akreditasyonundan sorumlu M\u0131s\u0131r Yabanc\u0131lar Bas\u0131n Merkezi de \u00e7al\u0131\u015fmalar\u0131n\u0131 durdurdu.<\/p>\n<p style=\"text-align: justify;\">M\u0131s\u0131r televizyonu, ba\u015fkent Kahire&#8217;nin baz\u0131 b\u00f6lgelerinde askeri \u00fcniforma satan iki ma\u011fazan\u0131n ya\u011fmaland\u0131\u011f\u0131n\u0131 duyurdu. Televizyon ayr\u0131ca, Giza b\u00f6lgesinde polisin \u00f6zel bir operasyonla ya\u011fmac\u0131l\u0131k yapt\u0131\u011f\u0131 iddia edilen 70 ki\u015fiyi tutuklad\u0131\u011f\u0131n\u0131 da bildirdi.<\/p>\n<p style=\"text-align: justify;\"><strong>Erdo\u011fan&#8217;\u0131n a\u00e7\u0131klamalar\u0131 geni\u015f yank\u0131 buldu <\/strong><\/p>\n<p style=\"text-align: justify;\">Bu arada Ba\u015fbakan Recep Tayyip Erdo\u011fan&#8217;\u0131n M\u0131s\u0131r y\u00f6netimine &#8220;M\u0131s\u0131r&#8217;\u0131n huzuru, g\u00fcvenli\u011fi, istikrar\u0131 ad\u0131na \u00f6nce siz ad\u0131m at\u0131n. Halk\u0131 tatmin edecek ad\u0131mlar at\u0131n&#8221; \u00e7a\u011fr\u0131s\u0131 yapmas\u0131, ba\u015fkent Kahire&#8217;deki Tahrir Meydan\u0131&#8217;nda yank\u0131 buldu.<\/p>\n<p style=\"text-align: justify;\">G\u00f6stericiler, ABD&#8217;den ve \u0130ngiltere&#8217;den de Ba\u015fbakan Erdo\u011fan&#8217;\u0131nki gibi, halk\u0131 \u00f6n plana \u00e7\u0131karan a\u00e7\u0131klamalar beklediklerini s\u00f6ylediler.<\/p>\n<p style=\"text-align: center;\"><a href=\"http:\/\/www.korhanyilmaz.com\/wp-content\/uploads\/2011\/02\/060.jpg\"  class=\"lightview\"><img loading=\"lazy\" decoding=\"async\" class=\"aligncenter size-full wp-image-27560\" src=\"http:\/\/www.korhanyilmaz.com\/wp-content\/uploads\/2011\/02\/060.jpg\" alt=\"\" width=\"464\" height=\"272\" \/><\/a><\/p>\n<p style=\"text-align: justify;\"><strong>Muhalif liderden M\u00fcbarek&#8217;e g\u00f6zda\u011f\u0131! <\/strong><\/p>\n<p style=\"text-align: justify;\">M\u0131s\u0131rl\u0131 muhalif lider Muhammed El Baradey de M\u00fcbarek&#8217;e g\u00f6zda\u011f\u0131 verdi.<\/p>\n<p style=\"text-align: justify;\">\u0130ngiliz Independent gazetesinin Ortado\u011fu muhabiri Robert Fisk&#8217;e konu\u015fan El Baradey,  &#8220;M\u0131s\u0131r Cumhurba\u015fkan\u0131 H\u00fcsn\u00fc M\u00fcbarek can\u0131n\u0131 kurtarmak istiyorsa, \u00fclkeyi terketmeli&#8221; dedi.<\/p>\n<p style=\"text-align: justify;\">&#8220;M\u00fcbarek&#8217;in gidece\u011fi konusunda ikna oldum&#8221; diyen El Baradey, &#8220;M\u0131s\u0131r ordusunun halk\u0131n yan\u0131nda yer alaca\u011f\u0131na inand\u0131\u011f\u0131n\u0131, ordunun kendi halk\u0131n\u0131 vuraca\u011f\u0131n\u0131 d\u00fc\u015f\u00fcnmedi\u011fini&#8221; ifade etti. El Baradei, ge\u00e7i\u015f s\u00fcrecinde cumhurba\u015fkanl\u0131\u011f\u0131 koltu\u011funu d\u00fc\u015f\u00fcn\u00fcp d\u00fc\u015f\u00fcnmedi\u011fi sorusuna da &#8220;T\u00fcm insanlar, onlar i\u00e7in yapabilece\u011fim bir\u015feyler oldu\u011fu konusunda mutab\u0131k kal\u0131rlarsa, bunu onlar i\u00e7in yapar\u0131m&#8221; yan\u0131t\u0131n\u0131 verdi.<\/p>\n<p style=\"text-align: justify;\"><strong>H\u00fck\u00fcmetten geri ad\u0131m <\/strong><\/p>\n<p style=\"text-align: justify;\">B\u00fcy\u00fck g\u00f6steriye saatler kala M\u0131s\u0131r h\u00fck\u00fcmetinden geri ad\u0131m sinyalleri geliyor. Cumhurba\u015fkan\u0131 Yard\u0131mc\u0131l\u0131\u011f\u0131&#8217;na atanan \u00d6mer S\u00fcleyman, muhalefetle acil diyalog ba\u015flatmakla g\u00f6revlendirildi.<\/p>\n<p style=\"text-align: justify;\">S\u00fcleyman, h\u00fck\u00fcmetin \u00f6ncelikle i\u015fsizlik, yolsuzluk ve yoksullu\u011fa kar\u015f\u0131 m\u00fccadele edece\u011fini s\u00f6yledi. \u00d6mer S\u00fcleyman, h\u00fck\u00fcmetin ayr\u0131ca, kamu sekt\u00f6r\u00fcndeki d\u00fc\u015f\u00fck \u00fccretlerle y\u00fcksek enflasyon aras\u0131nda bilan\u00e7o yapmak i\u00e7in \u00e7al\u0131\u015faca\u011f\u0131n\u0131 kaydetti.<\/p>\n<p style=\"text-align: justify;\">50 insan haklar\u0131 \u00f6rg\u00fct\u00fc ise yay\u0131nlad\u0131\u011f\u0131 ortak bildiriyle, en az 125 ki\u015finin \u00f6ld\u00fc\u011f\u00fc \u00fclkenin kan g\u00f6l\u00fcne d\u00f6nmemesi i\u00e7in M\u00fcbarek&#8217;i iktidardan \u00e7ekilmeye davet etti.<\/p>\n<p style=\"text-align: justify;\">M\u00fcsl\u00fcman Karde\u015fler de muhalif gruplar\u0131n olu\u015fturdu\u011fu koalisyonun M\u0131s\u0131r h\u00fck\u00fcmetine, demokrasiye ge\u00e7i\u015f konusundaki g\u00f6r\u00fc\u015fmelere sadece M\u00fcbarek&#8217;in \u00e7ekilmesi halinde ba\u015flayacaklar\u0131n\u0131 s\u00f6ylediklerini bildirdi.<\/p>\n<p style=\"text-align: justify;\"><strong>Son internet ba\u011flant\u0131s\u0131 da kesildi <\/strong><\/p>\n<p style=\"text-align: justify;\">M\u0131s\u0131r&#8217;daki son faal internet servis sa\u011flay\u0131c\u0131s\u0131n\u0131n da engellendi\u011fi, siyasi krizin ortas\u0131ndaki bu \u00fclkenin d\u00fcnya ile ili\u015fkisinin tamamen kesildi\u011fi de bildirildi.<\/p>\n<p style=\"text-align: justify;\"><strong>Google-Twitter i\u015fbirli\u011fi <\/strong><\/p>\n<p style=\"text-align: justify;\">\u00d6te yandan, Amerikan internet grubu Google, M\u0131s\u0131rl\u0131lar\u0131n \u00fclkedeki internet engellemesine tak\u0131lmadan cep telefonu arac\u0131l\u0131\u011f\u0131yla Twitter \u00fczerinden mesaj g\u00f6nderebilmelerini sa\u011flayacak bir sistem kurmak \u00fczere, hafta sonunda Twitter ile i\u015fbirli\u011fi yapt\u0131\u011f\u0131n\u0131 a\u00e7\u0131klad\u0131.<\/p>\n<p style=\"text-align: justify;\"><strong>UNESCO tarihi eserler i\u00e7in kayg\u0131l\u0131&#8230; <\/strong><\/p>\n<p style=\"text-align: justify;\">Birle\u015fmi\u015f Milletler Bilim E\u011fitim ve K\u00fclt\u00fcr \u00d6rg\u00fct\u00fc (UNESCO) Genel Direkt\u00f6r\u00fc Irina Bokova, M\u0131s\u0131r&#8217;daki olaylarla ilgili yapt\u0131\u011f\u0131 a\u00e7\u0131klamada, bu \u00fclkenin zengin tarihi ve k\u00fclt\u00fcrel miras\u0131na zarar verilmemesini istedi. Bokova, M\u0131s\u0131r&#8217;\u0131n tarihi ve k\u00fclt\u00fcrel miras\u0131n\u0131n en iyi \u015fekilde korunmas\u0131 \u00e7a\u011fr\u0131s\u0131 yapt\u0131.<\/p>\n<p style=\"text-align: justify;\">M\u0131s\u0131r&#8217;daki paha bi\u00e7ilmez, \u00e7ok de\u011ferli tarihi ve k\u00fclt\u00fcrel zenginliklerin varl\u0131\u011f\u0131na dikkat \u00e7ekilen a\u00e7\u0131klamada, bu eserlerin en iyi \u015fekilde korunmas\u0131n\u0131n \u00f6nemine de\u011finildi.<\/p>\n<p style=\"text-align: justify;\"><strong>M\u0131s\u0131r El\u00e7isi CNN T\u00dcRK&#8217;e konu\u015ftu <\/strong><\/p>\n<p style=\"text-align: justify;\">Bu arada, M\u0131s\u0131r&#8217;\u0131n Ankara B\u00fcy\u00fckel\u00e7isi Abderahman Salaheldin CNN T\u00dcRK&#8217;e konu\u015ftu.<\/p>\n<p style=\"text-align: justify;\">Salaheldin M\u0131s\u0131r&#8217;daki isyan\u0131n bar\u0131\u015f\u00e7\u0131l yollarla ve bir anla\u015fmayla durdurulaca\u011f\u0131na inan\u0131yor.<\/p>\n<p style=\"text-align: justify;\"><a href=\"http:\/\/www.cnnturk.com\/2011\/dunya\/02\/01\/mubarek.son.kararini.verdi\/605261.0\/index.html\" target=\"_blank\"><span style=\"color: #888888;\">CNN T\u00dcRK<\/span><\/a><\/p>\n","protected":false},"excerpt":{"rendered":"<p style=\"text-align: center;\">\n<p style=\"text-align: justify;\">M\u0131s\u0131r Cumhurba\u015fkan\u0131 H\u00fcsn\u00fc M\u00fcbarek, eyl\u00fcldeki cumhurba\u015fkanl\u0131\u011f\u0131 se\u00e7iminde yeniden aday olmaya niyetli olmad\u0131\u011f\u0131n\u0131 s\u00f6yledi. \u0130ktidar\u0131n\u0131n bundan sonraki birka\u00e7 ay\u0131n\u0131 bar\u0131\u015f\u00e7\u0131l bir iktidar de\u011fi\u015fikli\u011fine ay\u0131raca\u011f\u0131n\u0131 ifade eden M\u00fcbarek, &#8220;M\u0131s\u0131r&#8217;da \u00f6lmeyi tercih etti\u011fini&#8221; s\u00f6yledi. M\u00fcbarek&#8217;in konu\u015fmas\u0131n\u0131 dinleyen protestocular ise tatmin olmad\u0131, &#8220;cuma g\u00fcn\u00fc sarayda olaca\u011f\u0131z&#8221; sloganlar\u0131 att\u0131. <\/p>\n","protected":false},"author":1,"featured_media":0,"comment_status":"open","ping_status":"closed","sticky":false,"template":"","format":"standard","meta":{"footnotes":""},"categories":[105],"tags":[],"class_list":["post-27557","post","type-post","status-publish","format-standard","hentry","category-gundem","odd"],"_links":{"self":[{"href":"http:\/\/www.korhanyilmaz.com\/index.php?rest_route=\/wp\/v2\/posts\/27557","targetHints":{"allow":["GET"]}}],"collection":[{"href":"http:\/\/www.korhanyilmaz.com\/index.php?rest_route=\/wp\/v2\/posts"}],"about":[{"href":"http:\/\/www.korhanyilmaz.com\/index.php?rest_route=\/wp\/v2\/types\/post"}],"author":[{"embeddable":true,"href":"http:\/\/www.korhanyilmaz.com\/index.php?rest_route=\/wp\/v2\/users\/1"}],"replies":[{"embeddable":true,"href":"http:\/\/www.korhanyilmaz.com\/index.php?rest_route=%2Fwp%2Fv2%2Fcomments&post=27557"}],"version-history":[{"count":0,"href":"http:\/\/www.korhanyilmaz.com\/index.php?rest_route=\/wp\/v2\/posts\/27557\/revisions"}],"wp:attachment":[{"href":"http:\/\/www.korhanyilmaz.com\/index.php?rest_route=%2Fwp%2Fv2%2Fmedia&parent=27557"}],"wp:term":[{"taxonomy":"category","embeddable":true,"href":"http:\/\/www.korhanyilmaz.com\/index.php?rest_route=%2Fwp%2Fv2%2Fcategories&post=27557"},{"taxonomy":"post_tag","embeddable":true,"href":"http:\/\/www.korhanyilmaz.com\/index.php?rest_route=%2Fwp%2Fv2%2Ftags&post=27557"}],"curies":[{"name":"wp","href":"https:\/\/api.w.org\/{rel}","templated":true}]}}