{"id":27554,"date":"2011-02-01T19:33:43","date_gmt":"2011-02-01T17:33:43","guid":{"rendered":"http:\/\/www.korhanyilmaz.com\/?p=27554"},"modified":"2011-02-01T19:33:43","modified_gmt":"2011-02-01T17:33:43","slug":"abd-turk-sirketlerini-kara-listeye-aldi","status":"publish","type":"post","link":"http:\/\/www.korhanyilmaz.com\/?p=27554","title":{"rendered":"ABD T\u00fcrk \u015firketlerini kara listeye ald\u0131"},"content":{"rendered":"<p style=\"text-align: justify;\"><a href=\"http:\/\/www.korhanyilmaz.com\/wp-content\/uploads\/2011\/02\/056.jpg\"  class=\"lightview\"><img loading=\"lazy\" decoding=\"async\" class=\"aligncenter size-full wp-image-27555\" src=\"http:\/\/www.korhanyilmaz.com\/wp-content\/uploads\/2011\/02\/056.jpg\" alt=\"\" width=\"292\" height=\"219\" \/><\/a><\/p>\n<p style=\"text-align: justify;\">ABD Hazine Bakanl\u0131\u011f\u0131, \u0130ran&#8217;\u0131n balistik f\u00fcze geli\u015ftirme \u00e7abalar\u0131na malzeme ve destek sunduklar\u0131 gerek\u00e7esiyle \u0130ran ve T\u00fcrkiye&#8217;deki 6 ki\u015fi ve 5 ticari i\u015fletmeyi kara listeye ald\u0131.<\/p>\n<p style=\"text-align: justify;\">Bakanl\u0131ktan yap\u0131lan a\u00e7\u0131klamada, yapt\u0131r\u0131mlar\u0131n, \u0130ran&#8217;daki f\u00fcze sanayinin ba\u015f\u0131ndaki \u0130ran Havac\u0131l\u0131k ve Uzay Sanayi \u00d6rg\u00fct\u00fc&#8217;ne destek sa\u011flayan bir tedarik a\u011f\u0131n\u0131 hedef ald\u0131\u011f\u0131 belirtildi. <!--more--><\/p>\n<p style=\"text-align: justify;\">A\u00e7\u0131klamada, a\u011f\u0131n, 2007-2008 y\u0131llar\u0131nda \u00f6rg\u00fcte, 7 milyon dolardan fazla de\u011feri bulunan ticari i\u015flemlerde yard\u0131mc\u0131 oldu\u011fu ifade etti.<\/p>\n<p style=\"text-align: justify;\">\u0130ran vatanda\u015f\u0131 baba ile iki o\u011flunun i\u015fletti\u011fi ifade edilen a\u011f\u0131n, \u00f6rg\u00fct i\u00e7in \u00e7elik ve al\u00fcminyum ala\u015f\u0131m\u0131 da dahil olmak \u00fczere \u00e7e\u015fitli metal \u00fcr\u00fcnler temin etmek i\u00e7in \u0130ran ve T\u00fcrkiye&#8217;deki bir dizi \u015firketi kulland\u0131\u011f\u0131 belirtildi.<\/p>\n<p style=\"text-align: justify;\">ABD Hazine Bakanl\u0131\u011f\u0131&#8217;n\u0131n a\u00e7\u0131klad\u0131\u011f\u0131 yapt\u0131r\u0131mlara g\u00f6re, Amerikan \u015firketlerine, listede belirtilen \u015fah\u0131s ve firmalarla ticaret yapma yasa\u011f\u0131 getirirken, bu \u015fah\u0131s ve \u015firketlerin ABD&#8217;nin yetki alan\u0131 i\u00e7erisinde olabilecek t\u00fcm mal varl\u0131klar\u0131n\u0131n dondurulmas\u0131n\u0131 \u00f6ng\u00f6r\u00fcyor.<\/p>\n<p style=\"text-align: justify;\">A\u00e7\u0131klamaya g\u00f6re, Hazine Bakanl\u0131\u011f\u0131&#8217;n\u0131n Ter\u00f6rizm ve Mali \u0130stihbarattan Sorumlu M\u00fcste\u015far\u0131 Stuart Levey, Caferi a\u011f\u0131n\u0131n, Havac\u0131l\u0131k Sanayi Kurulu\u015funa gerekli malzeme ve destek sa\u011flad\u0131\u011f\u0131n\u0131 belirterek, &#8220;\u0130ran&#8217;\u0131n uluslararas\u0131 yapt\u0131r\u0131mlara meydan okumak i\u00e7in kulland\u0131\u011f\u0131 kanallar\u0131, nerede olurlarsa olsunlar tan\u0131mlamaya ve if\u015fa etmeye devam edece\u011fiz&#8221; dedi.<\/p>\n<p style=\"text-align: justify;\">Hazine Bakanl\u0131\u011f\u0131&#8217;n\u0131n a\u00e7\u0131klad\u0131\u011f\u0131 listede, iki T\u00fcrk vatanda\u015f\u0131 ve merkezi \u0130stanbul&#8217;da bulunan \u00fc\u00e7 ticari i\u015fletme de yer al\u0131yor.<\/p>\n<p style=\"text-align: justify;\"><a href=\"http:\/\/www.cnnturk.com\/2011\/dunya\/02\/01\/abd.turk.sirketlerini.kara.listeye.aldi\/605392.0\/index.html\" target=\"_blank\"><span style=\"color: #888888;\">CNN T\u00dcRK<\/span><\/a><\/p>\n","protected":false},"excerpt":{"rendered":"<p style=\"text-align: justify;\">\n<p style=\"text-align: justify;\">ABD Hazine Bakanl\u0131\u011f\u0131, \u0130ran&#8217;\u0131n balistik f\u00fcze geli\u015ftirme \u00e7abalar\u0131na malzeme ve destek sunduklar\u0131 gerek\u00e7esiyle \u0130ran ve T\u00fcrkiye&#8217;deki 6 ki\u015fi ve 5 ticari i\u015fletmeyi kara listeye ald\u0131.<\/p>\n<p style=\"text-align: justify;\">Bakanl\u0131ktan yap\u0131lan a\u00e7\u0131klamada, yapt\u0131r\u0131mlar\u0131n, \u0130ran&#8217;daki f\u00fcze sanayinin ba\u015f\u0131ndaki \u0130ran Havac\u0131l\u0131k ve Uzay Sanayi \u00d6rg\u00fct\u00fc&#8217;ne destek sa\u011flayan bir tedarik a\u011f\u0131n\u0131 hedef ald\u0131\u011f\u0131 belirtildi. <\/p>\n","protected":false},"author":1,"featured_media":0,"comment_status":"open","ping_status":"closed","sticky":false,"template":"","format":"standard","meta":{"footnotes":""},"categories":[105],"tags":[],"class_list":["post-27554","post","type-post","status-publish","format-standard","hentry","category-gundem","odd"],"_links":{"self":[{"href":"http:\/\/www.korhanyilmaz.com\/index.php?rest_route=\/wp\/v2\/posts\/27554","targetHints":{"allow":["GET"]}}],"collection":[{"href":"http:\/\/www.korhanyilmaz.com\/index.php?rest_route=\/wp\/v2\/posts"}],"about":[{"href":"http:\/\/www.korhanyilmaz.com\/index.php?rest_route=\/wp\/v2\/types\/post"}],"author":[{"embeddable":true,"href":"http:\/\/www.korhanyilmaz.com\/index.php?rest_route=\/wp\/v2\/users\/1"}],"replies":[{"embeddable":true,"href":"http:\/\/www.korhanyilmaz.com\/index.php?rest_route=%2Fwp%2Fv2%2Fcomments&post=27554"}],"version-history":[{"count":0,"href":"http:\/\/www.korhanyilmaz.com\/index.php?rest_route=\/wp\/v2\/posts\/27554\/revisions"}],"wp:attachment":[{"href":"http:\/\/www.korhanyilmaz.com\/index.php?rest_route=%2Fwp%2Fv2%2Fmedia&parent=27554"}],"wp:term":[{"taxonomy":"category","embeddable":true,"href":"http:\/\/www.korhanyilmaz.com\/index.php?rest_route=%2Fwp%2Fv2%2Fcategories&post=27554"},{"taxonomy":"post_tag","embeddable":true,"href":"http:\/\/www.korhanyilmaz.com\/index.php?rest_route=%2Fwp%2Fv2%2Ftags&post=27554"}],"curies":[{"name":"wp","href":"https:\/\/api.w.org\/{rel}","templated":true}]}}