{"id":27549,"date":"2011-01-31T12:52:45","date_gmt":"2011-01-31T10:52:45","guid":{"rendered":"http:\/\/www.korhanyilmaz.com\/?p=27549"},"modified":"2011-01-31T12:52:45","modified_gmt":"2011-01-31T10:52:45","slug":"eskiya-komisyondaydi","status":"publish","type":"post","link":"http:\/\/www.korhanyilmaz.com\/?p=27549","title":{"rendered":"&#8220;E\u015fk\u0131ya komisyondayd\u0131&#8221;"},"content":{"rendered":"<p style=\"text-align: center;\"><a href=\"http:\/\/www.korhanyilmaz.com\/wp-content\/uploads\/2011\/01\/0551.jpg\"  class=\"lightview\"><img loading=\"lazy\" decoding=\"async\" class=\"aligncenter size-full wp-image-27550\" src=\"http:\/\/www.korhanyilmaz.com\/wp-content\/uploads\/2011\/01\/0551.jpg\" alt=\"\" width=\"320\" height=\"254\" \/><\/a><\/p>\n<p style=\"text-align: justify;\">Adalet Komisyonu&#8217;ndan \u00e7ekilen CHP&#8217;liler gerekirse Anayasa Mahkemesi&#8217;ne gideceklerini a\u00e7\u0131klad\u0131.<\/p>\n<p style=\"text-align: justify;\">CHP&#8217;lilerin Adalet Komisyonu\u2019ndan istifa etmesinin yank\u0131lar\u0131 s\u00fcr\u00fcyor.<\/p>\n<p style=\"text-align: justify;\">TBMM Ba\u015fkan\u0131 Mehmet Ali \u015eahin, CHP\u2019li milletvekillerinin Adalet Komisyonu\u2019ndan istifas\u0131n\u0131 Kanunlar ve Kararlar Dairesi Ba\u015fkanl\u0131\u011f\u0131\u2019na inceletecek. CHP, TBMM Ba\u015fkan\u0131\u2019n\u0131n karar\u0131na g\u00f6re yol haritas\u0131n\u0131 belirleme karar\u0131 al\u0131rken Meclis\u2019in hukuk\u00e7ular\u0131, \u201cKomisyonun \u00e7al\u0131\u015fmas\u0131nda bir partinin temsil edilip edilmemesi de\u011fil, toplant\u0131 yeter say\u0131s\u0131 \u00f6nemlidir. 25 ki\u015filik Adalet Komisyonu\u2019nda toplant\u0131 yeter say\u0131s\u0131 13\u2019t\u00fcr. Bu say\u0131n\u0131n alt\u0131nda d\u00fc\u015ferse komisyon toplanamaz\u201d g\u00f6r\u00fc\u015f\u00fcn\u00fc payla\u015f\u0131yor. <!--more--><\/p>\n<p style=\"text-align: justify;\">TBMM Ba\u015fkan\u0131 Mehmet Ali \u015eahin, CHP\u2019li milletvekillerinin Adalet Komisyonu\u2019ndan istifas\u0131n\u0131 Kanunlar ve Kararlar Dairesi Ba\u015fkanl\u0131\u011f\u0131\u2019na inceletecek. Edinilen bilgiye g\u00f6re Meclis\u2019in hukuk\u00e7ular\u0131, \u201cDan\u0131\u015ftay ve Yarg\u0131tay\u2019\u0131n yap\u0131s\u0131 ile ilgili tasar\u0131 komisyonda kabul edilmi\u015ftir. Komisyon\u2019un \u00e7al\u0131\u015fmas\u0131nda bir engel yok. Komisyon\u2019un \u00e7al\u0131\u015fmas\u0131n\u0131nda bir partinin temsil edilip edilmemesi de\u011fil, toplant\u0131 yeter say\u0131s\u0131 \u00f6nemlidir. 25 ki\u015filik Adalet Komisyonu&#8217;nda toplant\u0131 yeter say\u0131s\u0131 13\u2019t\u00fcr. Bu say\u0131n\u0131n alt\u0131na d\u00fc\u015ferse komisyon toplanamaz\u201d g\u00f6r\u00fc\u015f\u00fcn\u00fc savunuyor.<\/p>\n<p style=\"text-align: justify;\"><strong>Hamza\u00e7ebi: Gerekirse AYM&#8217;ye gideriz <\/strong><\/p>\n<p style=\"text-align: justify;\">CHP Grup Ba\u015fkanvekili Akif Hamza\u00e7ebi, T\u00fcrkiye&#8217;nin otoriter bir rejime do\u011fru g\u00f6t\u00fcr\u00fclmek istendi\u011fini \u00f6ne s\u00fcrerek, &#8221;Yap\u0131lmak istenen, otoriter rejimin ad\u0131mlar\u0131n\u0131 atmakt\u0131r. Bu ad\u0131m cumartesi g\u00fcn\u00fc komisyonda at\u0131lm\u0131\u015ft\u0131r&#8221; dedi.<\/p>\n<p style=\"text-align: justify;\">Hamza\u00e7ebi, &#8221;bas\u0131nla sohbet toplant\u0131s\u0131nda&#8221;, Dan\u0131\u015ftay ve Yarg\u0131tay&#8217;da yeni daireler a\u00e7\u0131lmas\u0131na ili\u015fkin tasar\u0131n\u0131n Adalet Komisyonundaki g\u00f6r\u00fc\u015fmeleri s\u0131ras\u0131nda Komisyon Ba\u015fkan\u0131 Ahmet \u0130yimaya&#8217;n\u0131n anayasaya ve i\u00e7t\u00fcz\u00fc\u011fe ayk\u0131r\u0131 \u015fekilde muhalefet temsilcilerinin konu\u015fma s\u00fcresini k\u0131s\u0131tlad\u0131\u011f\u0131n\u0131, CHP&#8217;li \u00fcyelerin bu nedenle komisyon \u00fcyeli\u011finden \u00e7ekildiklerini hat\u0131rlatt\u0131.<\/p>\n<p style=\"text-align: justify;\">CHP Grup Ba\u015fkanl\u0131\u011f\u0131 olarak \u00e7ekilme i\u015flemini TBMM ve Adalet Komisyonu ba\u015fkanl\u0131klar\u0131na bildirdiklerini ifade eden Hamza\u00e7ebi, yaz\u0131larda, \u00e7ekilme i\u015fleminin bireysel olmad\u0131\u011f\u0131n\u0131 vurgulad\u0131klar\u0131n\u0131 kaydetti.<\/p>\n<p style=\"text-align: justify;\">CHP grubunun Adalet Komisyonunda temsil edilmedi\u011fi bir noktaya gelindi\u011fini savunan Hamza\u00e7ebi, &#8221;Bunun sorumlusu Adalet Komisyonu Ba\u015fkan\u0131 Ahmet \u0130yimaya ve iktidar grubudur&#8221; dedi.<\/p>\n<p style=\"text-align: justify;\">Komisyonlarda konu\u015fma s\u00fcresi ve \u00f6nerge konusunda k\u0131s\u0131tlama yap\u0131lamayaca\u011f\u0131n\u0131, bu t\u00fcr k\u0131s\u0131tlamalar\u0131n TBMM Genel Kurulu i\u00e7in s\u00f6z konusu oldu\u011funun alt\u0131n\u0131 \u00e7izen Hamza\u00e7ebi, Genel Kuruldaki k\u0131s\u0131tlaman\u0131n nedeninin, ihtisas komisyonlar\u0131nda tasar\u0131 ve tekliflerin ayr\u0131nt\u0131s\u0131yla g\u00f6r\u00fc\u015f\u00fclmesi oldu\u011funu belirtti.<\/p>\n<p style=\"text-align: justify;\">Komisyondaki s\u00fcre k\u0131s\u0131tlamas\u0131n\u0131n &#8221;antidemokratik ve anayasa ile i\u00e7t\u00fcz\u00fck h\u00fck\u00fcmlerine ayk\u0131r\u0131&#8221; oldu\u011funu s\u00f6yleyen Hamza\u00e7ebi, bunun TBMM tarihinde ilk kez ya\u015fand\u0131\u011f\u0131n\u0131 kaydetti. Hamza\u00e7ebi, &#8221;Bu, Demokrat Parti tahkikat komisyonlar\u0131ndan dahi daha a\u011f\u0131r bir uygulamad\u0131r. B\u00f6ylesine antidemokratik bir tutum kar\u015f\u0131s\u0131nda CHP grubu komisyondan \u00e7ekilmek zorunda kalm\u0131\u015ft\u0131r. Arkada\u015flar\u0131m\u0131z demokratik haklar\u0131n\u0131 kullanm\u0131\u015flard\u0131r&#8221; diye konu\u015ftu.<\/p>\n<p style=\"text-align: justify;\">Hamza\u00e7ebi, Meclis Ba\u015fkanl\u0131\u011f\u0131na yazd\u0131klar\u0131 yaz\u0131da CHP&#8217;nin, komisyonda temsil edilmedi\u011fi belirlemesinden sonra yeni \u00fcyelerin, se\u00e7im sonras\u0131nda Ba\u015fkanl\u0131\u011fa bildirilece\u011finin ifade edildi\u011fini s\u00f6yledi.<\/p>\n<p style=\"text-align: justify;\"><strong>Hamza\u00e7ebi, \u015f\u00f6yle dedi: <\/strong><\/p>\n<p style=\"text-align: justify;\">&#8221;Yani biz komisyonu t\u00fcm\u00fcyle bo\u015faltm\u0131\u015f de\u011filiz. Yeni \u00fcyeleri bildirece\u011fiz. Tabii ki Say\u0131n Meclis Ba\u015fkan\u0131n\u0131n yaz\u0131m\u0131za verece\u011fi cevab\u0131 bekliyoruz. O cevap sonras\u0131nda konuyu de\u011ferlendirece\u011fiz. Ancak tasar\u0131 CHP&#8217;nin temsil edilmedi\u011fi bir komisyon toplant\u0131s\u0131nda kabul edilmi\u015ftir. Bu, anayasaya ve i\u00e7t\u00fcz\u00fc\u011fe ayk\u0131r\u0131d\u0131r. Buradan iktidar partisine, Adalet Komisyonu Ba\u015fkan\u0131na ve Say\u0131n TBMM Ba\u015fkan\u0131na bir \u00e7a\u011fr\u0131da bulunuyorum. Bu tasar\u0131 s\u00fcratle komisyona geri \u00e7ekilmelidir. B\u00fct\u00fcn taraflar\u0131n g\u00f6r\u00fc\u015flerini \u00f6zg\u00fcr bir \u015fekilde ifade edebilece\u011fi bir ortam sa\u011fland\u0131ktan sonra orada g\u00f6r\u00fc\u015f\u00fclmeli, o g\u00f6r\u00fc\u015fmeler sonucunda tasar\u0131 Genel Kurula getirilmelidir. Yang\u0131ndan mal ka\u00e7\u0131r\u0131r gibi, &#8216;biz bu tasar\u0131y\u0131 mutlaka bitirece\u011fiz&#8217; anlay\u0131\u015f\u0131, T\u00fcrkiye&#8217;de demokrasinin nereye gitti\u011fini g\u00f6stermektedir. T\u00fcrkiye, otoriter bir rejime do\u011fru g\u00f6t\u00fcr\u00fclmek istenmektedir. Buna T\u00fcrk halk\u0131 \u00f6n\u00fcm\u00fczdeki se\u00e7imlerde &#8216;hay\u0131r&#8217; diyecektir. Yap\u0131lmak istenen, otoriter rejimin ad\u0131mlar\u0131n\u0131 atmakt\u0131r. Bu ad\u0131m cumartesi g\u00fcn\u00fc komisyonda at\u0131lm\u0131\u015ft\u0131r.&#8221;<\/p>\n<p style=\"text-align: justify;\"><strong>&#8221;E\u015eKIYA, ADALET KOM\u0130SYONUNDAYDI&#8230;&#8221; <\/strong><\/p>\n<p style=\"text-align: justify;\">Ba\u015fbakan Recep Tayyip Erdo\u011fan&#8217;\u0131n, &#8221;e\u015fk\u0131yal\u0131k&#8221; de\u011ferlendirmesine de de\u011finen Hamza\u00e7ebi, &#8221;E\u015fk\u0131ya, cumartesi g\u00fcn\u00fc Adalet Komisyonundayd\u0131, Adalet Komisyonunda e\u015fk\u0131yal\u0131k ya\u015fanm\u0131\u015ft\u0131r&#8221; dedi.<\/p>\n<p style=\"text-align: justify;\">Erdo\u011fan&#8217;\u0131n, CHP Genel Ba\u015fkan\u0131 Kemal K\u0131l\u0131\u00e7daro\u011flu&#8217;nu &#8221;a\u00e7\u0131klama yapmaya davet etti\u011fini&#8221; hat\u0131rlatan Hamza\u00e7ebi, \u015funlar\u0131 s\u00f6yledi:<\/p>\n<p style=\"text-align: justify;\">&#8221;Asl\u0131nda a\u00e7\u0131klama yapmas\u0131 gereken Say\u0131n Ba\u015fbakan\u0131n kendisidir, Adalet Komisyonu Ba\u015fkan\u0131n\u0131n kendisidir. Cumartesi g\u00fcn\u00fc Adalet Komisyonunda ya\u015fanan e\u015fk\u0131yal\u0131\u011f\u0131n hi\u00e7 mi a\u00e7\u0131klamas\u0131 olmayacakt\u0131r. Ayr\u0131ca CHP&#8217;li Adalet ve Anayasa Komisyonu \u00fcyelerinin yay\u0131mlad\u0131\u011f\u0131 o bildiride Adalet ve Kalk\u0131nma Partisi h\u00fck\u00fcmetinin demokrasiyi nereye do\u011fru g\u00f6t\u00fcrmek istedi\u011finin i\u015faretleri verilmi\u015ftir. Vatanda\u015flar\u0131m\u0131z\u0131n yasama s\u00fcrecine ilgi duymas\u0131, konulara sahip \u00e7\u0131kmas\u0131 ve g\u00f6r\u00fc\u015flerini ifade etmesi gerekti\u011fi bildirilmi\u015ftir. Bunu direni\u015f olarak veya e\u015fk\u0131yal\u0131k olarak de\u011ferlendiriyor, ancak bizim dile getirdi\u011fimiz hususlar konusunda herhangi bir yorum yapm\u0131yor. &#8216;T\u00fcrkiye, fa\u015fizme g\u00f6t\u00fcr\u00fclmek isteniyor&#8217; iddiam\u0131z var. Bu konuda hi\u00e7bir a\u00e7\u0131klamas\u0131 yok. \u00c7\u00fcnk\u00fc, T\u00fcrkiye demokrasiden uzakla\u015f\u0131yor. Say\u0131n Ba\u015fbakan\u0131n akl\u0131nda olan ba\u015fkanl\u0131k sistemi, T\u00fcrkiye&#8217;de tek adam, tek parti y\u00f6netimini hakim k\u0131lmakt\u0131r. Bu, say\u0131n Ba\u015fbakan\u0131n akl\u0131ndan iki partili bir parlamento olarak ifade edilmektedir. Ama Say\u0131n Ba\u015fbakan diyebilse, &#8216;ebedi AKP iktidar\u0131&#8217; diyecektir. Onu diyemedi\u011fi i\u00e7in iki partili parlamento demektedir.&#8221;<\/p>\n<p style=\"text-align: justify;\">Tasar\u0131 ile ilgili y\u00fcksek yarg\u0131 organlar\u0131n\u0131n g\u00f6r\u00fc\u015flerinin al\u0131nmad\u0131\u011f\u0131n\u0131 ifade eden Hamza\u00e7ebi, &#8221;\u0130dam edilecek mahkuma bile son arzun nedir, diye sorulur&#8221; diye konu\u015ftu.<\/p>\n<p style=\"text-align: justify;\"><strong>&#8221;AMACIMIZ \u00dcZ\u00dcM YEMEK&#8221; <\/strong><\/p>\n<p style=\"text-align: justify;\">Sorular\u0131 da yan\u0131tlayan CHP Grup Ba\u015fkanvekili Hamza\u00e7ebi, CHP&#8217;li \u00fcyeler yokken kabul edilen tasar\u0131n\u0131n anayasal a\u00e7\u0131dan tart\u0131\u015fmal\u0131 oldu\u011funu yineleyerek, bu g\u00f6r\u00fc\u015fleri Genel Kurul a\u015famas\u0131nda ifade edeceklerini anlatt\u0131.<\/p>\n<p style=\"text-align: justify;\">Hala tasar\u0131y\u0131 Adalet Komisyonunda &#8221;medeni bir ortamda tart\u0131\u015fma imkan\u0131n\u0131n&#8221; oldu\u011funu bildiren Hamza\u00e7ebi, &#8221;Bu yanl\u0131\u015fta \u0131srar edilip, bu \u015fekilde yasala\u015ft\u0131r\u0131lmaya kalk\u0131l\u0131rsa bunun karar\u0131n\u0131 hukuk verecektir&#8221; dedi.<\/p>\n<p style=\"text-align: justify;\">&#8221;Yani, Anayasa Mahkemesine mi gideceksiniz?&#8221; sorusuna Hamza\u00e7ebi, &#8221;Gerekirse tabii ki Anayasa Mahkemesine ba\u015fvurma yolumuz a\u00e7\u0131kt\u0131r. Tabii ki onu kullanaca\u011f\u0131z. Ama buralara g\u00f6t\u00fcrmeden, y\u00fcksek yarg\u0131y\u0131 bu tart\u0131\u015fmalar\u0131n g\u00f6lgesinde b\u0131rakmamak gerekir. Bunun yolu a\u00e7\u0131kt\u0131r. Komisyona tasar\u0131 \u00e7ekilir ve tasar\u0131y\u0131 orada g\u00f6r\u00fc\u015f\u00fcr\u00fcz&#8221; yan\u0131t\u0131n\u0131 verdi.<\/p>\n<p style=\"text-align: justify;\">&#8221;\u0130stifa ettik, komisyonu kilitledik, yeni \u00fcye de bildirmiyoruz&#8221; demediklerini vurgulayan Hamza\u00e7ebi, &#8221;B\u00f6yle bir tarz\u0131m\u0131z yok. Yaz\u0131m\u0131zda, &#8216;yeni \u00fcyeler se\u00e7ilip bildirilecektir&#8217; denilmektedir. Amac\u0131m\u0131z, \u00fcz\u00fcm yemektir, ba\u011fc\u0131y\u0131 d\u00f6vmek de\u011fil. Amac\u0131m\u0131z, bu tasar\u0131lar\u0131 T\u00fcrkiye&#8217;nin ihtiyac\u0131 oldu\u011fu \u015fekilde tart\u0131\u015fmakt\u0131r&#8221; diye konu\u015ftu.<\/p>\n<p style=\"text-align: justify;\">Hamza\u00e7ebi, &#8221;Yeni \u00fcyeleri ne zaman se\u00e7eceksiniz?&#8221; sorusu \u00fczerine de Meclis Ba\u015fkan\u0131n\u0131n yaz\u0131lar\u0131na cevab\u0131n\u0131n gelmesinden sona konuya de\u011ferlendireceklerini belirterek, &#8221;Ona g\u00f6re gerekli se\u00e7imleri yapar\u0131z. Say\u0131n Meclis Ba\u015fkan\u0131, konuyu Kanunlar ve Kararlar M\u00fcd\u00fcrl\u00fc\u011f\u00fcne inceletece\u011fini s\u00f6ylemi\u015fti. Sonucu bekliyoruz&#8221; dedi.<\/p>\n<p style=\"text-align: justify;\"><a href=\"http:\/\/www.gazeteport.com.tr\/SIYASET\/NEWS\/GP_845279\" target=\"_blank\"><span style=\"color: #888888;\">Kaynak : GAZETEPORT<\/span><\/a><\/p>\n","protected":false},"excerpt":{"rendered":"<p style=\"text-align: center;\">\n<p style=\"text-align: justify;\">Adalet Komisyonu&#8217;ndan \u00e7ekilen CHP&#8217;liler gerekirse Anayasa Mahkemesi&#8217;ne gideceklerini a\u00e7\u0131klad\u0131.<\/p>\n<p style=\"text-align: justify;\">CHP&#8217;lilerin Adalet Komisyonu\u2019ndan istifa etmesinin yank\u0131lar\u0131 s\u00fcr\u00fcyor.<\/p>\n<p style=\"text-align: justify;\">TBMM Ba\u015fkan\u0131 Mehmet Ali \u015eahin, CHP\u2019li milletvekillerinin Adalet Komisyonu\u2019ndan istifas\u0131n\u0131 Kanunlar ve Kararlar Dairesi Ba\u015fkanl\u0131\u011f\u0131\u2019na inceletecek. CHP, TBMM Ba\u015fkan\u0131\u2019n\u0131n karar\u0131na g\u00f6re yol haritas\u0131n\u0131 belirleme karar\u0131 al\u0131rken Meclis\u2019in hukuk\u00e7ular\u0131, \u201cKomisyonun \u00e7al\u0131\u015fmas\u0131nda <\/p>\n","protected":false},"author":1,"featured_media":0,"comment_status":"open","ping_status":"closed","sticky":false,"template":"","format":"standard","meta":{"footnotes":""},"categories":[105],"tags":[],"class_list":["post-27549","post","type-post","status-publish","format-standard","hentry","category-gundem","odd"],"_links":{"self":[{"href":"http:\/\/www.korhanyilmaz.com\/index.php?rest_route=\/wp\/v2\/posts\/27549","targetHints":{"allow":["GET"]}}],"collection":[{"href":"http:\/\/www.korhanyilmaz.com\/index.php?rest_route=\/wp\/v2\/posts"}],"about":[{"href":"http:\/\/www.korhanyilmaz.com\/index.php?rest_route=\/wp\/v2\/types\/post"}],"author":[{"embeddable":true,"href":"http:\/\/www.korhanyilmaz.com\/index.php?rest_route=\/wp\/v2\/users\/1"}],"replies":[{"embeddable":true,"href":"http:\/\/www.korhanyilmaz.com\/index.php?rest_route=%2Fwp%2Fv2%2Fcomments&post=27549"}],"version-history":[{"count":0,"href":"http:\/\/www.korhanyilmaz.com\/index.php?rest_route=\/wp\/v2\/posts\/27549\/revisions"}],"wp:attachment":[{"href":"http:\/\/www.korhanyilmaz.com\/index.php?rest_route=%2Fwp%2Fv2%2Fmedia&parent=27549"}],"wp:term":[{"taxonomy":"category","embeddable":true,"href":"http:\/\/www.korhanyilmaz.com\/index.php?rest_route=%2Fwp%2Fv2%2Fcategories&post=27549"},{"taxonomy":"post_tag","embeddable":true,"href":"http:\/\/www.korhanyilmaz.com\/index.php?rest_route=%2Fwp%2Fv2%2Ftags&post=27549"}],"curies":[{"name":"wp","href":"https:\/\/api.w.org\/{rel}","templated":true}]}}