{"id":27545,"date":"2011-01-31T10:34:41","date_gmt":"2011-01-31T08:34:41","guid":{"rendered":"http:\/\/www.korhanyilmaz.com\/?p=27545"},"modified":"2011-01-31T10:34:41","modified_gmt":"2011-01-31T08:34:41","slug":"yazicioglu-jitem-kurbani-mi","status":"publish","type":"post","link":"http:\/\/www.korhanyilmaz.com\/?p=27545","title":{"rendered":"Yaz\u0131c\u0131o\u011flu J\u0130TEM kurban\u0131 m\u0131?"},"content":{"rendered":"<p style=\"text-align: justify;\"><a href=\"http:\/\/www.korhanyilmaz.com\/wp-content\/uploads\/2011\/01\/0541.jpg\"  class=\"lightview\"><img loading=\"lazy\" decoding=\"async\" class=\"aligncenter size-full wp-image-27546\" src=\"http:\/\/www.korhanyilmaz.com\/wp-content\/uploads\/2011\/01\/0541.jpg\" alt=\"\" width=\"300\" height=\"225\" \/><\/a><\/p>\n<p style=\"text-align: justify;\">BBP lideri Muhsin Yaz\u0131c\u0131o\u011flu\u2019nun \u00f6l\u00fcm\u00fcyle ilgili DDK\u2019n\u0131n haz\u0131rlad\u0131\u011f\u0131 raporda, helikopterin baz\u0131 par\u00e7alar\u0131n\u0131n yak\u0131lmas\u0131 ve aramalarda yer alan bir ki\u015finin J\u0130TEM\u2019ci oldu\u011fu iddias\u0131 var.<\/p>\n<p style=\"text-align: justify;\">Yeni \u015eafak yazar\u0131 Abd\u00fclkadir Selvi, BBP\u2019nin eski genel ba\u015fkan\u0131 Muhsin Yaz\u0131c\u0131o\u011fu\u2019nun \u00f6l\u00fcm\u00fcyle ilgili Devlet Denetleme Kurulu (DDK) raporunu de\u011ferlendirdi. <!--more--><\/p>\n<p style=\"text-align: justify;\">Selvi, Muhsin Yaz\u0131c\u0131o\u011flu\u2019nun suikaste kurban gitti\u011fini savundu.<\/p>\n<p style=\"text-align: justify;\">Abd\u00fclkadir Selvi\u2019nin yaz\u0131s\u0131 \u015f\u00f6yle:<\/p>\n<p style=\"text-align: justify;\">Devlet Denetleme Kurulu Raporu&#8217;na giren, &#8220;Helikopterin baz\u0131 par\u00e7alar\u0131n\u0131n gece orada kalan XXXX timince yak\u0131lm\u0131\u015f olabilece\u011fi anla\u015f\u0131lm\u0131\u015ft\u0131r&#8221; ve arama \u00e7al\u0131\u015fmalar\u0131nda \u00f6n planda yer alan \u0130.Y.&#8217;nin J\u0130TEM&#8217;ci olma \u015f\u00fcphesi, Yaz\u0131c\u0131o\u011flu&#8217;nun suikaste kurban gitti\u011fini g\u00f6steriyor. Arama kurtarma faaliyetleri s\u0131ras\u0131nda \u00f6n planda olan \u0130.Y.&#8217;nin ise J\u0130TEM eleman\u0131 oldu\u011fu y\u00f6n\u00fcnde iddialar bulunuyor.<\/p>\n<p style=\"text-align: justify;\">Merhum Muhsin Yaz\u0131c\u0131o\u011flu ile birlikte 5 ki\u015finin ya\u015fam\u0131n\u0131 yitirdi\u011fi helikopter kazas\u0131yla ilgili zaman ge\u00e7tik\u00e7e ku\u015fkular da art\u0131yor.<\/p>\n<p style=\"text-align: justify;\">Siyasi suikastler b\u00fcy\u00fck \u00e7apl\u0131 operasyonlar\u0131n bir par\u00e7as\u0131 oldu\u011funu bildi\u011fimiz i\u00e7in Yaz\u0131c\u0131o\u011flu&#8217;nun \u00f6l\u00fcm\u00fcn\u00fcn bir kaza m\u0131 yoksa bir suikast mi oldu\u011funu tespit etmemiz gerekiyordu.<\/p>\n<p style=\"text-align: justify;\">Olay\u0131 ayd\u0131nlatmak \u00fczere TBMM&#8217;de bir komisyon kuruldu, yeterli g\u00f6r\u00fclmedi. Ba\u015fbakan Erdo\u011fan&#8217;\u0131n talimat\u0131yla ikinci bir komisyon daha kuruldu. Cumhurba\u015fkan\u0131 G\u00fcl de DDK&#8217;y\u0131 harekete ge\u00e7irerek kapsaml\u0131 bir \u00e7al\u0131\u015fma yapmalar\u0131n\u0131 sa\u011flad\u0131.<\/p>\n<p style=\"text-align: justify;\">Yaz\u0131c\u0131o\u011flu olay\u0131n\u0131 soru\u015fturan komisyonlarda g\u00f6rev yapan \u00f6nemli bir isimle konu\u015ftu\u011fumda, &#8220;Art\u0131k olaya suikast olarak bak\u0131yorum&#8221; bakm\u0131yorum demesi bende soru i\u015faretlerini artt\u0131rd\u0131.<\/p>\n<p style=\"text-align: justify;\">O nedenle, iyi ki Muhsin Yaz\u0131c\u0131o\u011flu&#8217;nun davas\u0131n\u0131 g\u00fcden e\u015fi G\u00fclefer Yaz\u0131c\u0131o\u011flu, \u00e7ocuklar\u0131, BBP&#8217;deki dava arkada\u015flar\u0131 ve olay\u0131n pe\u015fini, &#8220;Dost ve karde\u015f&#8221; duyarl\u0131l\u0131\u011f\u0131 ile takip eden Cumhurba\u015fkan\u0131 Abdullah G\u00fcl ve Ba\u015fbakan Erdo\u011fan var diyorum. Bu y\u00fczden ben de art\u0131k, &#8220;Muhsin Yaz\u0131c\u0131o\u011flu suikasti&#8221; diyece\u011fim.<\/p>\n<p style=\"text-align: justify;\">Devlet Denetleme Kurulu&#8217;nun raporunda, &#8220;xxx&#8221; i\u015fareti ile kapat\u0131lan b\u00f6l\u00fcmler var. Suikastin s\u0131rr\u0131 bir \u00f6l\u00e7\u00fcde o &#8220;xxx&#8221;lerin alt\u0131nda, bir \u00f6l\u00e7\u00fcde de hen\u00fcz yaz\u0131lmayan raporlarda gizli.<\/p>\n<p style=\"text-align: justify;\">\u00d6ncelikle \u015funu belirtmeliyim, Meclis&#8217;teki ilk komisyonun haz\u0131rlad\u0131\u011f\u0131 rapor, kimseyi tatmin etmemi\u015fti. \u015eimdi \u00f6\u011freniyorum ki, komisyon ciddi bir direni\u015fle kar\u015f\u0131la\u015fm\u0131\u015f. Mara\u015f Valili\u011fi&#8217;nden yeterli bilgi ve belge alamam\u0131\u015flar. D\u00f6nemin Mara\u015f Valisi&#8217;nin olay\u0131n ayd\u0131nlat\u0131lmas\u0131 i\u00e7in \u00e7aba g\u00f6sterdi\u011fi ancak onun da Emniyet ve Jandarma istihbarat ba\u015fta olmak \u00fczere kazayla ilgili birimlerden bilgi alamad\u0131\u011f\u0131 sonucuna varm\u0131\u015flar.<\/p>\n<p style=\"text-align: justify;\">Komisyondan bilgi gizlenmesinin alt\u0131nda ne yat\u0131yor acaba?<\/p>\n<p style=\"text-align: justify;\">Yaz\u0131c\u0131o\u011flu suikastini ara\u015ft\u0131rmak \u00fczere kurulan ikinci komis-yona ise bilgi ak\u0131\u015f\u0131 h\u0131zlanm\u0131\u015f.<\/p>\n<p style=\"text-align: justify;\">\u00c7\u00fcnk\u00fc Mara\u015f Emniyeti&#8217;nde bir dizi de\u011fi\u015fiklik yap\u0131lm\u0131\u015f. Bu arada Mara\u015f Emniyeti&#8217;nde Ergenekon san\u0131klar\u0131ndan eski \u00d6zel Harekat\u00e7\u0131 \u0130brahim \u015eahin ile ba\u011flant\u0131l\u0131 bir grup tespit edilmi\u015f, 3 \u00d6zel Harekat\u00e7\u0131 g\u00f6zalt\u0131na al\u0131nm\u0131\u015ft\u0131.<\/p>\n<p style=\"text-align: justify;\">Dink cinayetinde baz\u0131 isimlerin BBP ile ba\u011flant\u0131s\u0131 \u00e7\u0131k\u0131nca merhum Yaz\u0131c\u0131o\u011flu, &#8220;Bizim tarlay\u0131 \u00e7ok \u00f6nceden s\u00fcrm\u00fc\u015fler&#8221; demi\u015fti.<\/p>\n<p style=\"text-align: justify;\">Ge\u00e7mi\u015fte ya\u015fad\u0131klar\u0131yla hesapla\u015fmay\u0131 g\u00f6ze alabilen bir isimdi Yaz\u0131c\u0131o\u011flu. O nedenle 28 \u015eubat&#8217;a kar\u015f\u0131 oldu\u011fu gibi 27 Nisan e-muht\u0131ras\u0131na yi\u011fit\u00e7e kar\u015f\u0131 \u00e7\u0131kt\u0131.<\/p>\n<p style=\"text-align: justify;\">Bunu ilk kez burada a\u00e7\u0131kl\u0131yorum. Dink suikastiyle ilgili foto\u011fraf\u0131 ona ilk haber veren ki\u015fi bendim. Haber, Dink cinayeti nedeniyle Trabzon&#8217;a g\u00f6nderdi\u011fimiz muhabirimiz Yakup Bulut arac\u0131l\u0131\u011f\u0131yla bir foto\u011frafa ula\u015fm\u0131\u015ft\u0131k. Genel Yay\u0131n Y\u00f6netmenimiz Mustafa Karaalio\u011flu, &#8220;Muhsin Bey&#8217;le bir g\u00f6r\u00fc\u015f. Onu incitmeyelim ama haberi kullanal\u0131m. Olay neymi\u015f, anlayal\u0131m&#8221; demi\u015fti. Gece yar\u0131s\u0131yd\u0131. Foto\u011fraf\u0131 anlatt\u0131m. K\u0131sa bir sessizlik oldu. Sesi hafif kar\u0131ncaland\u0131. \u00d6nce hat\u0131rlayamad\u0131. \u0130nkar da etmedi. Bunun \u00fczerine, &#8220;Siz bir soru\u015fturun. Sizden haber gelmeden kullanmay\u0131z. Rahat olun&#8221; dedim. &#8220;Garda\u015f inceleyip sana d\u00f6neyim&#8221; dedi. Yar\u0131m saat ge\u00e7ti. &#8220;Do\u011fruymu\u015f. Trabzon&#8217;a gitti\u011fimde meydanda partili-lerle sohbet ederken yan\u0131mda durmu\u015f, foto\u011fraf \u00e7ektirmi\u015f&#8221; dedi. Biraz konu\u015funca, &#8220;Elaz\u0131\u011fda&#8217;ki arkada\u015flara sordurdum. \u0130lk ba\u015flarda gelir giderdi ancak daha sonra kar\u0131\u015f\u0131k ili\u015fkilere girdi dediler. Yan\u0131ma girmeye \u00e7al\u0131\u015f\u0131yordu. Dikkatimi \u00e7ekti, arkada\u015flara &#8216;yan\u0131mdan uzakla\u015ft\u0131r\u0131n&#8217; dedim&#8221; diye izah etmi\u015fti. O ki\u015fi Erhan Tuncel&#8217;di.<\/p>\n<p style=\"text-align: justify;\">Da\u011fl\u0131ca bask\u0131n\u0131n\u0131 da ilk haber alan ki\u015fiydi. 21 Ekim 2007 g\u00fcn\u00fcyd\u00fc. O g\u00fcn Cumhurba\u015fkanl\u0131\u011f\u0131 referandumu vard\u0131. Haberi alm\u0131\u015f, ilgili yerlere bildirmi\u015f. G\u00f6r\u00fc\u015ft\u00fc\u011f\u00fc Cumhurba\u015fkan\u0131 G\u00fcl kendisine, &#8216;Haber kaynaklar\u0131n sa\u011flamm\u0131\u015f&#8217; demi\u015fti.<\/p>\n<p style=\"text-align: justify;\">\u00d6zel Harekat\u00e7\u0131lar i\u00e7inde g\u00f6n\u00fcl ba\u011f\u0131 olan \u00e7ok insan vard\u0131. Haber kayna\u011f\u0131n\u0131 sordu\u011fumda, &#8220;Bizim \u00e7ocuklar&#8221; demi\u015fti.<\/p>\n<p style=\"text-align: justify;\">Muhsin Yaz\u0131c\u0131o\u011flu siyasi dengeleri alt \u00fcst edecek say\u0131da milletvekili olan bir partinin genel ba\u015fkan\u0131 de\u011fildi, ancak manivela gibi k\u00fc\u00e7\u00fck bir destekle b\u00fcy\u00fck k\u00fctleleri yerinden kald\u0131ran bir g\u00fcce, T\u00fcrkiye&#8217;nin darbelerle m\u00fccadele konusundaki haf\u0131zas\u0131na sahipti. Dahas\u0131 siyasetin vicdan\u0131yd\u0131.<\/p>\n<p style=\"text-align: justify;\">Yaz\u0131c\u0131o\u011flu ile ilgili olarak, &#8216;yaral\u0131, ya\u015f\u0131yor&#8217; \u015feklindeki istihbarat notunu, dostlu\u011fa dayal\u0131 olarak BBP y\u00f6neticileriyle payla\u015f\u0131p, ba\u015f\u0131na gelmedik i\u015f kalmayan Kayseri Valisi Mevl\u00fct Bilici&#8217;ye bu bilgi nereden gelmi\u015fti peki? Kayseri Emniyet \u0130stihbarat&#8217;tan, onlara da Mara\u015f Emniyet \u0130stihbarat&#8217;tan gelmi\u015fti.<\/p>\n<p style=\"text-align: justify;\">DDK&#8217;n\u0131n raporundaki &#8220;x&#8221;li b\u00f6l\u00fcmlerden birisi de o g\u00fcnk\u00fc istihbarat \u015fube m\u00fcd\u00fcr\u00fcyle ilgili.<\/p>\n<p style=\"text-align: justify;\">3 g\u00fcn sonra helikopter enkaz\u0131n\u0131 D\u00f6ngel k\u00f6yl\u00fcleri buldu. K\u00f6yl\u00fcler kar ve tipide donma tehlikesi atlatarak helikopter enkaz\u0131na ula\u015f\u0131p, T\u00fcrkiye&#8217;yi bir ay\u0131ptan kurtard\u0131lar. Ancak D\u00f6ngel k\u00f6yl\u00fcleri kendilerini, &#8220;Ergenekon silahlar\u0131&#8221;ndan kurtaramad\u0131lar. D\u00f6ngel k\u00f6y\u00fcnde bulunan 7 lav, 15 el bombas\u0131 ve 1 sis bombas\u0131ndan lav silahlar\u0131n\u0131n Ergenekon silahlar\u0131n\u0131n seri numaras\u0131ndan ve MKE yap\u0131m\u0131 oldu\u011fu ortaya \u00e7\u0131kt\u0131. Bu neyin mesaj\u0131 acaba? Bir\u00e7ok ku\u015fku var. En \u00f6nemlilerinden biri, helikopterdeki kay\u0131t cihazlar\u0131n\u0131n enkaz\u0131n bulunmas\u0131ndan sonra birileri taraf\u0131ndan s\u00f6k\u00fclerek yok edilmesi. Bu ancak \u00e7ok profesyonel birimlerin yapabilece\u011fi bir i\u015f&#8230;<\/p>\n<p style=\"text-align: justify;\">Bir de yang\u0131n konusu var. Yani delillerin yok edilmesi diyebiliriz buna.<\/p>\n<p style=\"text-align: justify;\">Onu da DDK raporundan verelim.<\/p>\n<p style=\"text-align: justify;\">&#8220;Kaza mahallinde yak\u0131larak k\u0131smen yok edilen helikoptere ait baz\u0131 par\u00e7a ve at\u0131klar\u0131n, 28.03.2009 g\u00fcn\u00fc b\u00f6lgede bulunan XXXXXX ve daha sonra oraya ula\u015fan ve gece orada kalan XXXXXXXXXXX timi taraf\u0131ndan yak\u0131lm\u0131\u015f olabilece\u011fi anla\u015f\u0131lm\u0131\u015ft\u0131r.&#8221;<\/p>\n<p style=\"text-align: justify;\">Ba\u015fka soruya gerek var m\u0131? Var. \u00c7\u00fcnk\u00fc Muhsin Yaz\u0131c\u0131o\u011flu suikastinde pandoran\u0131n kutusu yeni a\u00e7\u0131l\u0131yor.<\/p>\n<p style=\"text-align: justify;\">Son bir soru da bizden: Arama kurtarma faaliyetleri s\u0131ras\u0131nda \u00f6n planda olan bir isim \u0130.Y. Bu ki\u015finin J\u0130TEM eleman\u0131 olmas\u0131 m\u00fcmk\u00fcn m\u00fc? Bir X&#8217;de buraya m\u0131 koyaca\u011f\u0131z yoksa, \u00f6zel bir ekip olu\u015fturup, yeni bir bak\u0131\u015f a\u00e7\u0131s\u0131yla suikastin arkas\u0131ndaki ipu\u00e7lar\u0131n\u0131 bir bir ortaya m\u0131 \u00e7\u0131karaca\u011f\u0131z. \u0130\u015f yeni ba\u015fl\u0131yor&#8230;<\/p>\n<p style=\"text-align: justify;\"><strong>\u00c7OK \u015eEY B\u0130L\u0130YORDU<\/strong><\/p>\n<p style=\"text-align: justify;\">\u00c7ok \u015fey biliyordu Muhsin Yaz\u0131c\u0131o\u011flu. Hem g\u00fc\u00e7l\u00fc haber kanallar\u0131 vard\u0131 hem de 12 Eyl\u00fcl \u00f6ncesinde ya\u015fad\u0131\u011f\u0131 dene-yimler ve birikimleri sayesinde i\u015fin nereye gitti\u011fini g\u00f6rebiliyordu. Sadece bilen bir insan de\u011fildi ayn\u0131 zamanda bir hareketin lideri ve eylem adam\u0131 olmas\u0131 nedeniyle engel olabiliyordu.<\/p>\n<p style=\"text-align: justify;\">Bu nedenle ara d\u00f6nem heveslilerinin BBP&#8217;nin gen\u00e7lik yap\u0131lanmas\u0131 olan Alperenleri kullanmalar\u0131na imkan vermedi. O muhafazakar-milliyet\u00e7iler \u00fczerine hesab\u0131 olanlar\u0131n \u00f6n\u00fcnde bir setti. Hrant Dink suikastinden sonra,&#8221;hepimiz Ermeniyiz&#8221; diye y\u00fcr\u00fcnmesine tepki g\u00f6stermi\u015f, \u015fim\u015fekleri \u00fczerine \u00e7eken a\u00e7\u0131klamalar yapm\u0131\u015ft\u0131. Ancak Dink cinayeti ayd\u0131nlat\u0131lmadan yap\u0131lmak istenenlerin anla\u015f\u0131lamayaca\u011f\u0131na inan\u0131yordu.<\/p>\n<p style=\"text-align: justify;\"><a href=\"http:\/\/www.gazeteport.com.tr\/GUNCEL\/NEWS\/GP_845131\" target=\"_blank\"><span style=\"color: #888888;\">Kaynak : GAZETEPORT<\/span><\/a><\/p>\n","protected":false},"excerpt":{"rendered":"<p style=\"text-align: justify;\">\n<p style=\"text-align: justify;\">BBP lideri Muhsin Yaz\u0131c\u0131o\u011flu\u2019nun \u00f6l\u00fcm\u00fcyle ilgili DDK\u2019n\u0131n haz\u0131rlad\u0131\u011f\u0131 raporda, helikopterin baz\u0131 par\u00e7alar\u0131n\u0131n yak\u0131lmas\u0131 ve aramalarda yer alan bir ki\u015finin J\u0130TEM\u2019ci oldu\u011fu iddias\u0131 var.<\/p>\n<p style=\"text-align: justify;\">Yeni \u015eafak yazar\u0131 Abd\u00fclkadir Selvi, BBP\u2019nin eski genel ba\u015fkan\u0131 Muhsin Yaz\u0131c\u0131o\u011fu\u2019nun \u00f6l\u00fcm\u00fcyle ilgili Devlet Denetleme Kurulu (DDK) raporunu de\u011ferlendirdi. <\/p>\n","protected":false},"author":1,"featured_media":0,"comment_status":"open","ping_status":"closed","sticky":false,"template":"","format":"standard","meta":{"footnotes":""},"categories":[105],"tags":[103,104],"class_list":["post-27545","post","type-post","status-publish","format-standard","hentry","category-gundem","tag-helikopter-kazasi","tag-muhsin-yazicioglu","odd"],"_links":{"self":[{"href":"http:\/\/www.korhanyilmaz.com\/index.php?rest_route=\/wp\/v2\/posts\/27545","targetHints":{"allow":["GET"]}}],"collection":[{"href":"http:\/\/www.korhanyilmaz.com\/index.php?rest_route=\/wp\/v2\/posts"}],"about":[{"href":"http:\/\/www.korhanyilmaz.com\/index.php?rest_route=\/wp\/v2\/types\/post"}],"author":[{"embeddable":true,"href":"http:\/\/www.korhanyilmaz.com\/index.php?rest_route=\/wp\/v2\/users\/1"}],"replies":[{"embeddable":true,"href":"http:\/\/www.korhanyilmaz.com\/index.php?rest_route=%2Fwp%2Fv2%2Fcomments&post=27545"}],"version-history":[{"count":0,"href":"http:\/\/www.korhanyilmaz.com\/index.php?rest_route=\/wp\/v2\/posts\/27545\/revisions"}],"wp:attachment":[{"href":"http:\/\/www.korhanyilmaz.com\/index.php?rest_route=%2Fwp%2Fv2%2Fmedia&parent=27545"}],"wp:term":[{"taxonomy":"category","embeddable":true,"href":"http:\/\/www.korhanyilmaz.com\/index.php?rest_route=%2Fwp%2Fv2%2Fcategories&post=27545"},{"taxonomy":"post_tag","embeddable":true,"href":"http:\/\/www.korhanyilmaz.com\/index.php?rest_route=%2Fwp%2Fv2%2Ftags&post=27545"}],"curies":[{"name":"wp","href":"https:\/\/api.w.org\/{rel}","templated":true}]}}