{"id":27541,"date":"2011-01-31T14:27:28","date_gmt":"2011-01-31T12:27:28","guid":{"rendered":"http:\/\/www.korhanyilmaz.com\/?p=27541"},"modified":"2011-01-31T14:27:28","modified_gmt":"2011-01-31T12:27:28","slug":"bakandan-sok-iddiaya-sok-aciklama","status":"publish","type":"post","link":"http:\/\/www.korhanyilmaz.com\/?p=27541","title":{"rendered":"Bakan&#8217;dan \u015fok iddiaya \u015fok a\u00e7\u0131klama"},"content":{"rendered":"<p style=\"text-align: center;\"><a href=\"http:\/\/www.korhanyilmaz.com\/wp-content\/uploads\/2011\/01\/0531.jpg\"  class=\"lightview\"><img loading=\"lazy\" decoding=\"async\" class=\"aligncenter size-full wp-image-27542\" src=\"http:\/\/www.korhanyilmaz.com\/wp-content\/uploads\/2011\/01\/0531.jpg\" alt=\"\" width=\"411\" height=\"221\" \/><\/a><\/p>\n<p style=\"text-align: justify;\">Ula\u015ft\u0131rma Bakan\u0131 Binali Y\u0131ld\u0131r\u0131m, Devlet Denetleme Kurulu&#8217;nun Muhsin Yaz\u0131c\u0131o\u011flu&#8217;nun \u00f6ld\u00fc\u011f\u00fc helikopter kazas\u0131na ili\u015fkin raporuyla ilgili olarak, &#8220;DDK&#8217;n\u0131n yarg\u0131da olan ve ayr\u0131ca defalarca konu hakk\u0131nda uzmanl\u0131klar\u0131 tart\u0131\u015fma g\u00f6t\u00fcrmeyen ki\u015fi ve kurumlarca yap\u0131lm\u0131\u015f \u00e7al\u0131\u015fman\u0131n \u00fczerine hangi uzmanl\u0131k marifetiyle b\u00f6yle bir sonuca ula\u015ft\u0131\u011f\u0131n\u0131 herhalde \u00f6n\u00fcm\u00fczdeki g\u00fcnlerde kamuoyuyla daha a\u00e7\u0131k ve detayl\u0131 olarak payla\u015facaklard\u0131r&#8221; dedi. <!--more--><\/p>\n<p style=\"text-align: justify;\">Kazayla ilgili iddialarla ilgili bir a\u00e7\u0131klamada Hava Kuvvetleri Komutanl\u0131\u011f\u0131&#8217;ndan geldi: Olay mahalli 74 km i\u00e7erisinde F-4 ve F-16 u\u00e7aklar\u0131 da dahil TSK\u2019ya ait herhangi bir hava trafi\u011fi olmam\u0131\u015ft\u0131r.<\/p>\n<p style=\"text-align: justify;\">Polis Meslek Y\u00fcksekokullar\u0131 ile \u0130l Emniyet M\u00fcd\u00fcrl\u00fcklerinde ak\u0131ll\u0131 s\u0131n\u0131flar\u0131n kurulmas\u0131na ili\u015fkin protokol, Ula\u015ft\u0131rma Bakan\u0131 Binali Y\u0131ld\u0131r\u0131m ile \u0130\u00e7i\u015fleri Bakan\u0131 Be\u015fir Atalay aras\u0131nda imzaland\u0131.<\/p>\n<p style=\"text-align: justify;\">Y\u0131ld\u0131r\u0131m ve Atalay, Ula\u015ft\u0131rma Bakanl\u0131\u011f\u0131ndaki t\u00f6rende sorular\u0131 yan\u0131tlad\u0131.<\/p>\n<p style=\"text-align: justify;\">Ula\u015ft\u0131rma Bakan\u0131 Binali Y\u0131ld\u0131r\u0131m, &#8221;Muhsin Yaz\u0131c\u0131o\u011flu&#8217;nun hayat\u0131n\u0131 kaybetti\u011fi kazadan 4 g\u00fcn sonra bir foto\u011fraf yay\u0131nland\u0131. Bu foto\u011frafta helikopterin u\u00e7u\u015f bilgilerinin yer ald\u0131\u011f\u0131 CPRS cihaz\u0131n\u0131n bulundu\u011fu ancak daha sonraki foto\u011fraflarda bu cihaz\u0131n s\u00f6k\u00fcld\u00fc\u011f\u00fc ifade edildi. Bu DDK raporuna da yans\u0131d\u0131. Bu kay\u0131p par\u00e7alarla ilgili Ula\u015ft\u0131rma Bakanl\u0131\u011f\u0131n\u0131n yapt\u0131\u011f\u0131 bir \u00e7al\u0131\u015fma var m\u0131?&#8221; sorusu \u00fczerine, kazan\u0131n oldu\u011fu andan itibaren devletin b\u00fct\u00fcn imkanlar\u0131yla seferber oldu\u011funu, kaza raporunun da yakla\u015f\u0131k 9 ay sonra kamuoyuyla payla\u015f\u0131ld\u0131\u011f\u0131n\u0131 s\u00f6yledi.<\/p>\n<p style=\"text-align: justify;\">Kazan\u0131n pilotaj hatas\u0131ndan kaynakland\u0131\u011f\u0131n\u0131n tespit edildi\u011fini an\u0131msatan Y\u0131ld\u0131r\u0131m, ancak daha sonraki iddialar \u00fczerine TBMM&#8217;de bu konuyla ilgili iki komisyon olu\u015fturuldu\u011funu, 4&#8217;er ay s\u00fcren \u00e7al\u0131\u015fmalardan sonra bu komisyonlar\u0131n raporlar\u0131n\u0131n da kamuoyuna a\u00e7\u0131kland\u0131\u011f\u0131n\u0131 belirtti.<\/p>\n<p style=\"text-align: justify;\">Y\u0131ld\u0131r\u0131m, DDK&#8217;n\u0131n da bu konuyla ilgili bir \u00e7al\u0131\u015fma yapt\u0131\u011f\u0131n\u0131 ve haz\u0131rlanan raporun kamuoyuna a\u00e7\u0131kland\u0131\u011f\u0131n\u0131 belirterek, \u015funlar\u0131 s\u00f6yledi:<\/p>\n<p style=\"text-align: justify;\">&#8221;Ancak hepimiz biliyoruz ki, biri hari\u00e7 kazazedelerin tamam\u0131n\u0131n, kazadan sonra ilk bir saat i\u00e7erisinde vefat etti\u011fi belirtildi. Bu kazayla ilgili bir\u00e7ok spek\u00fclasyon yap\u0131ld\u0131, yap\u0131lmaya da devam ediliyor. Devlet Denetleme Kurulunun raporu hen\u00fcz bize ula\u015fm\u0131\u015f de\u011fil. Kald\u0131 ki konu halen yarg\u0131da. Kazazedelerin yak\u0131nlar\u0131 ve say\u0131n Genel Ba\u015fkan\u0131n mensup oldu\u011fu parti bu konuyu yarg\u0131ya ta\u015f\u0131m\u0131\u015ft\u0131r. Yarg\u0131 bu konuda gerekli karar\u0131 verecektir.<\/p>\n<p style=\"text-align: justify;\">Bana garip gelen \u015fey, Devlet Denetleme Kurulunun yarg\u0131da olan ve ayr\u0131ca defalarca konu hakk\u0131nda uzmanl\u0131klar\u0131 tart\u0131\u015fma g\u00f6t\u00fcrmeyen ki\u015fi ve kurumlarca yap\u0131lm\u0131\u015f \u00e7al\u0131\u015fman\u0131n \u00fczerine hangi uzmanl\u0131k marifetiyle b\u00f6yle bir sonuca ula\u015ft\u0131\u011f\u0131n\u0131 herhalde \u00f6n\u00fcm\u00fczdeki g\u00fcnlerde kamuoyuyla daha a\u00e7\u0131k ve detayl\u0131 olarak payla\u015facaklard\u0131r. Tabii ki kaza olmas\u0131n\u0131 hi\u00e7 bir zaman arzu etmeyiz. Ama olan kazanlardan da kaza \u00e7\u0131karman\u0131n, bu \u00fclkede g\u00f6rev yapan kamu g\u00f6revlilerine lay\u0131k g\u00f6r\u00fclen bir \u015fey olmamas\u0131 gerekti\u011fini d\u00fc\u015f\u00fcn\u00fcyorum.&#8221;<\/p>\n<p style=\"text-align: justify;\"><strong>BA\u015eBAKANA SU\u0130KAST D\u00dcZENLENECE\u011e\u0130 \u0130DD\u0130ASI <\/strong><\/p>\n<p style=\"text-align: justify;\">\u0130\u00e7i\u015fleri Bakan\u0131 Atalay da, &#8221;M\u0130T&#8217;in, Ba\u015fbakan Recep Tayyip Erdo\u011fan&#8217;a \u0130stanbul&#8217;da suikast d\u00fczenlenece\u011fine ili\u015fkin rapor haz\u0131rlad\u0131\u011f\u0131&#8221; y\u00f6n\u00fcndeki iddialar\u0131n hat\u0131rlat\u0131lmas\u0131 \u00fczerine, &#8221;Do\u011frulanm\u0131\u015f veya a\u00e7\u0131klanm\u0131\u015f bir \u015fey de\u011fil. Bizim \u00e7al\u0131\u015fmam\u0131z i\u00e7inde olan bir konu de\u011fil. Bunu spek\u00fclatif bir haber olarak de\u011ferlendiriyorum&#8221; dedi.<\/p>\n<p style=\"text-align: justify;\">&#8221;Muhsin Yaz\u0131c\u0131o\u011flu&#8217;nun hayat\u0131n\u0131 kaybetti\u011fi helikopter kazas\u0131yla ilgili DDK raporunu haz\u0131rlad\u0131. \u0130lk bulgular, helikoptere ait baz\u0131 par\u00e7alar\u0131n J\u0130TEM taraf\u0131ndan ortadan kald\u0131r\u0131ld\u0131\u011f\u0131 y\u00f6n\u00fcnde&#8221; denilmesi \u00fczerine Bakan Atalay, &#8221;Bana gelen b\u00f6yle bir bilgi yok veya bana sorulan bir soru da yok&#8221; diye konu\u015ftu.<\/p>\n<p style=\"text-align: justify;\">Tahliye edildikten sonra ka\u00e7an ter\u00f6r \u00f6rg\u00fct\u00fc Hizbullah \u00fcyeleriyle ilgili bir geli\u015fme olup olmad\u0131\u011f\u0131n\u0131n sorulmas\u0131na kar\u015f\u0131l\u0131k Atalay, &#8221;Yo\u011fun \u015fekilde \u00e7al\u0131\u015f\u0131yoruz. \u00d6nemli ekiplerimiz \u00e7al\u0131\u015f\u0131yor, yetkili arkada\u015flar, ekiplerimiz alanda&#8221; yan\u0131t\u0131n\u0131 verdi.<\/p>\n<p style=\"text-align: justify;\">&#8221;Hizbullah\u00e7\u0131lar\u0131n sakland\u0131klar\u0131 evde kad\u0131n k\u0131l\u0131\u011f\u0131na girdikleri s\u00f6yleniyor&#8221; denilmesi \u00fczerine de Atalay, &#8221;Yok arkada\u015flar&#8221; dedi.<\/p>\n<p style=\"text-align: justify;\"><strong>&#8221;T\u00dcRK\u0130YE B\u00d6YLE B\u0130R ANAMUHALEFET PART\u0130S\u0130NE, B\u00d6YLE S\u0130YASET\u00c7\u0130LERE LAYIK DE\u011e\u0130L&#8221; <\/strong><\/p>\n<p style=\"text-align: justify;\">\u0130\u00e7i\u015fleri Bakan\u0131 Atalay, &#8221;CHP Genel Ba\u015fkan Yard\u0131mc\u0131s\u0131 Umut Oran&#8217;\u0131n, Ba\u015fbakan Erdo\u011fan ile ilgili s\u00f6zlerine tepki g\u00f6sterdiniz. Bir \u00f6z\u00fcr bekliyor musunuz?&#8221; sorusuna \u015fu yan\u0131t\u0131 verdi:<\/p>\n<p style=\"text-align: justify;\">&#8221;T\u00fcrkiye Cumhuriyeti Ba\u015fbakan\u0131n\u0131, \u0130stanbul&#8217;da kendi semtiyle anarak, harem a\u011fal\u0131\u011f\u0131yla ba\u011fda\u015ft\u0131r\u0131r ifadeler kullanmak fevkalade b\u00fcy\u00fck bir ciddiyetsizlik, seviyesizlik ve b\u00fcy\u00fck bir terbiyesizliktir. Son zamanlarda CHP&#8217;nin s\u00f6zc\u00fclerinin \u00fcslubunda bu seviyesizli\u011fe \u00e7ok rastl\u0131yoruz. Anamuhalefet partisi \u00e7ok \u00f6nemli bir kurumdur. T\u00fcrkiye gibi b\u00fcy\u00fck bir \u00fclkede de b\u00f6yle olmas\u0131 gerekir, biz \u00f6yle bekleriz. B\u00f6yle bir partinin TBMM&#8217;deki en \u00f6nemli g\u00f6r\u00fc\u015fmesi de dahil b\u00fct\u00fcn platformlarda s\u00fcrekli b\u00f6yle spek\u00fclatif, hakaret i\u00e7eren ifadeler kullanmas\u0131 \u00fcz\u00fcc\u00fcd\u00fcr.<\/p>\n<p style=\"text-align: justify;\">Bu, partinin ciddi bir s\u00f6yleminin, politikas\u0131n\u0131n, \u00fclkemiz i\u00e7in hi\u00e7 bir projesinin, bir T\u00fcrkiye vizyonunun olmad\u0131\u011f\u0131n\u0131 g\u00f6sterir. Bu, g\u00fcn\u00fcbirlik polemiklerle siyaset \u00fcretmektir. Bir Anamuhalefet partisinin genel ba\u015fkan yard\u0131mc\u0131s\u0131 herhalde hangi konumda oldu\u011funu da bilmiyor. Fevkalade cahil, cahilce, hi\u00e7 bir tarih bilgisi de olmadan \u00e7ok y\u00fczeysel, \u00e7ok ay\u0131planacak, k\u0131nanacak bir tav\u0131r i\u00e7erisinde, ciddiyetsizce bu ifadeleri kullan\u0131yor. Bunlardan biz bir \u015fey kaybetmeyiz. Ba\u015fbakan\u0131m\u0131z da bir \u015fey kaybetmez. Bu sadece kendi seviyelerini daha da d\u00fc\u015f\u00fcr\u00fcr, hem Anamuhalefet partisinin hem bu ifadeyi kullanan genel ba\u015fkan yard\u0131mc\u0131s\u0131n\u0131n. T\u00fcrkiye b\u00f6yle bir Anamuhalefet partisine, b\u00f6yle siyaset\u00e7ilere lay\u0131k de\u011fil, T\u00fcrkiye i\u00e7in \u00fcz\u00fclmek laz\u0131m.&#8221;<\/p>\n<p style=\"text-align: justify;\">Ayn\u0131 soruyu yan\u0131tlayan Ula\u015ft\u0131rma Bakan\u0131 Y\u0131ld\u0131r\u0131m da &#8221;Herhalde arkada\u015f son zamanlardaki bu televizyon dizisini fazla izlemi\u015f. Ondan etkilenmi\u015f&#8221; dedi.<\/p>\n<p style=\"text-align: justify;\"><strong>HAVA KUVVETLER\u0130NDEN A\u00c7IKLAMA<\/strong><\/p>\n<p style=\"text-align: justify;\">T\u00fcrk Hava Kuvvetleri Komutanl\u0131\u011f\u0131, 29-30 Ocak 2011 tarihlerinde baz\u0131 gazetelerde &#8216;Enkaz \u00dcss\u00fcnden U\u00e7u\u015f&#8217; ve &#8216;F-16 \u015e\u00fcphesi\u2019 ba\u015fl\u0131kl\u0131 haberler \u00fczerine a\u00e7\u0131klamada bulundu.<\/p>\n<p style=\"text-align: justify;\">T\u00fcrk Hava Kuvvetleri Komutanl\u0131\u011f\u0131\u2019ndan internet \u00fczerinden yap\u0131lan a\u00e7\u0131klamada \u015fu g\u00f6r\u00fc\u015flere yer verildi:<\/p>\n<p style=\"text-align: justify;\">&#8211; &#8220;Haberlerde Say\u0131n Muhsin Yaz\u0131c\u0131o\u011flu ile birlikte be\u015f ki\u015finin \u00f6l\u00fcm\u00fc ile sonu\u00e7lanan helikopter kazas\u0131 ile ilgili Devlet Denetleme Kurulu raporlar\u0131na g\u00f6re olay s\u0131ras\u0131nda b\u00f6lgede hava trafi\u011finin yo\u011fun oldu\u011fu, Safa 51 adl\u0131 bir u\u00e7a\u011f\u0131n enkaz\u0131n \u00fczerinde daireler \u00e7izdi\u011fi ve TSK\u2019n\u0131n yaz\u0131l\u0131 olarak iletilen soruya cevap vermedi\u011fi iddia edilmi\u015ftir.<\/p>\n<p style=\"text-align: justify;\">&#8211; Cumhurba\u015fkanl\u0131\u011f\u0131 Devlet Denetleme Kurulu talebi \u00fczerine, olay g\u00fcn\u00fcne ait b\u00f6lgedeki askeri radarlar taraf\u0131ndan izlenen t\u00fcm hava trafik bilgileri ayr\u0131nt\u0131l\u0131 bir \u015fekilde incelenerek Devlet Denetleme Kurulu\u2019na g\u00f6nderilmek \u00fczere 21 Ocak 2011 tarihinde Genelkurmay Ba\u015fkanl\u0131\u011f\u0131na bildirilmi\u015ftir.<\/p>\n<p style=\"text-align: justify;\">&#8211; Daha \u00f6nce ayr\u0131nt\u0131l\u0131 inceleme raporlar\u0131nda da belirtildi\u011fi gibi habere konu olan ve Safa 51 adl\u0131 oldu\u011fu s\u00f6ylenen e\u011fitim u\u00e7u\u015fu, kazan\u0131n muhtemel saatinden yakla\u015f\u0131k d\u00f6rt saat sonra, GMT saat dilimine g\u00f6re 16.48\u2019de (T\u00fcrkiye saatine g\u00f6re 18.48), an\u0131lan b\u00f6lgeden 19.000 feet (6300 m) irtifadan ge\u00e7i\u015f \u015feklinde icra edilen TSK\u2019n\u0131n g\u00fcnl\u00fck planl\u0131 rutin e\u011fitim g\u00f6revidir.<\/p>\n<p style=\"text-align: justify;\">&#8211; S\u00f6z konusu g\u00f6revin askeri radarlar taraf\u0131ndan takip edildi\u011fi ve kaza ile ilgili bir boyutunun olmad\u0131\u011f\u0131 gibi, olay\u0131n oldu\u011fu tahmin edilen saatlerde olay mahalli 74 km i\u00e7erisinde F-4 ve F-16 u\u00e7aklar\u0131 da dahil TSK\u2019ya ait herhangi bir hava trafi\u011finin olmad\u0131\u011f\u0131 kamuoyuna sayg\u0131 ile duyurulur.<\/p>\n<p style=\"text-align: justify;\"><a href=\"http:\/\/www.gazeteport.com.tr\/GUNCEL\/NEWS\/GP_845350\" target=\"_blank\"><span style=\"color: #888888;\">Kaynak : GAZETEPORT<\/span><\/a><\/p>\n","protected":false},"excerpt":{"rendered":"<p style=\"text-align: center;\">\n<p style=\"text-align: justify;\">Ula\u015ft\u0131rma Bakan\u0131 Binali Y\u0131ld\u0131r\u0131m, Devlet Denetleme Kurulu&#8217;nun Muhsin Yaz\u0131c\u0131o\u011flu&#8217;nun \u00f6ld\u00fc\u011f\u00fc helikopter kazas\u0131na ili\u015fkin raporuyla ilgili olarak, &#8220;DDK&#8217;n\u0131n yarg\u0131da olan ve ayr\u0131ca defalarca konu hakk\u0131nda uzmanl\u0131klar\u0131 tart\u0131\u015fma g\u00f6t\u00fcrmeyen ki\u015fi ve kurumlarca yap\u0131lm\u0131\u015f \u00e7al\u0131\u015fman\u0131n \u00fczerine hangi uzmanl\u0131k marifetiyle b\u00f6yle bir sonuca ula\u015ft\u0131\u011f\u0131n\u0131 herhalde \u00f6n\u00fcm\u00fczdeki g\u00fcnlerde kamuoyuyla daha a\u00e7\u0131k ve detayl\u0131 olarak payla\u015facaklard\u0131r&#8221; <\/p>\n","protected":false},"author":1,"featured_media":0,"comment_status":"open","ping_status":"closed","sticky":false,"template":"","format":"standard","meta":{"footnotes":""},"categories":[105],"tags":[103,104],"class_list":["post-27541","post","type-post","status-publish","format-standard","hentry","category-gundem","tag-helikopter-kazasi","tag-muhsin-yazicioglu","odd"],"_links":{"self":[{"href":"http:\/\/www.korhanyilmaz.com\/index.php?rest_route=\/wp\/v2\/posts\/27541","targetHints":{"allow":["GET"]}}],"collection":[{"href":"http:\/\/www.korhanyilmaz.com\/index.php?rest_route=\/wp\/v2\/posts"}],"about":[{"href":"http:\/\/www.korhanyilmaz.com\/index.php?rest_route=\/wp\/v2\/types\/post"}],"author":[{"embeddable":true,"href":"http:\/\/www.korhanyilmaz.com\/index.php?rest_route=\/wp\/v2\/users\/1"}],"replies":[{"embeddable":true,"href":"http:\/\/www.korhanyilmaz.com\/index.php?rest_route=%2Fwp%2Fv2%2Fcomments&post=27541"}],"version-history":[{"count":0,"href":"http:\/\/www.korhanyilmaz.com\/index.php?rest_route=\/wp\/v2\/posts\/27541\/revisions"}],"wp:attachment":[{"href":"http:\/\/www.korhanyilmaz.com\/index.php?rest_route=%2Fwp%2Fv2%2Fmedia&parent=27541"}],"wp:term":[{"taxonomy":"category","embeddable":true,"href":"http:\/\/www.korhanyilmaz.com\/index.php?rest_route=%2Fwp%2Fv2%2Fcategories&post=27541"},{"taxonomy":"post_tag","embeddable":true,"href":"http:\/\/www.korhanyilmaz.com\/index.php?rest_route=%2Fwp%2Fv2%2Ftags&post=27541"}],"curies":[{"name":"wp","href":"https:\/\/api.w.org\/{rel}","templated":true}]}}