{"id":27538,"date":"2011-01-31T16:13:22","date_gmt":"2011-01-31T14:13:22","guid":{"rendered":"http:\/\/www.korhanyilmaz.com\/?p=27538"},"modified":"2011-01-31T16:13:22","modified_gmt":"2011-01-31T14:13:22","slug":"24-barodan-ortak-aciklama","status":"publish","type":"post","link":"http:\/\/www.korhanyilmaz.com\/?p=27538","title":{"rendered":"24 barodan ortak a\u00e7\u0131klama"},"content":{"rendered":"<p style=\"text-align: center;\"><a href=\"http:\/\/www.korhanyilmaz.com\/wp-content\/uploads\/2011\/01\/0521.jpg\"  class=\"lightview\"><img loading=\"lazy\" decoding=\"async\" class=\"aligncenter size-full wp-image-27539\" src=\"http:\/\/www.korhanyilmaz.com\/wp-content\/uploads\/2011\/01\/0521.jpg\" alt=\"\" width=\"414\" height=\"222\" \/><\/a><\/p>\n<p style=\"text-align: justify;\">24 barodan yap\u0131lan ortak a\u00e7\u0131klamada, &#8221;HSYK&#8217;n\u0131n yeniden yap\u0131land\u0131r\u0131lmas\u0131ndan sonra, Yarg\u0131tay ve Dan\u0131\u015ftay\u0131n \u00fcye say\u0131s\u0131n\u0131n g\u00f6r\u00fclmemi\u015f \u015fekilde artt\u0131r\u0131lmak istenmesinin nedeninin, siyasi iktidara ba\u011f\u0131ml\u0131 bir y\u00fcksek yarg\u0131 yaratmak oldu\u011fu&#8221; \u00f6ne s\u00fcr\u00fcld\u00fc.<\/p>\n<p style=\"text-align: justify;\">ANKARA- Adana, Amasya, Ankara, Antalya, Artvin, Ayd\u0131n, Bal\u0131kesir, Bilecik, Bolu, Bursa, Denizli, Edirne, Eski\u015fehir, Giresun, \u0130stanbul, Kayseri, K\u0131r\u0131kkale, Kocaeli, Manisa, Mu\u011fla, Sinop, Tekirda\u011f, Tunceli ve U\u015fak barolar\u0131 ad\u0131na &#8221;Demokrasi ve Hukuk Devleti \u0130\u00e7in Kamuoyuna Duyuru: \u00c7ok Ge\u00e7 Olmadan!&#8221; ba\u015fl\u0131\u011f\u0131 alt\u0131nda ortak a\u00e7\u0131klama yap\u0131ld\u0131. <!--more--><\/p>\n<p style=\"text-align: justify;\">12 Eyl\u00fcl 2010 referandumunda Anayasa&#8217;da yap\u0131lan de\u011fi\u015fikliklerle, Hakimler ve Savc\u0131lar Y\u00fcksek Kurulunun (HSYK) siyasal iktidar\u0131n do\u011frudan ve dolayl\u0131 etkisine a\u00e7\u0131k \u015fekilde yap\u0131land\u0131r\u0131ld\u0131\u011f\u0131 savunulan a\u00e7\u0131klamada, halk\u0131n referandum \u00f6ncesinde Anayasa de\u011fi\u015fikliklerinin i\u00e7eri\u011fi ve ger\u00e7ek amac\u0131 konusunda bilgilendirilmedi\u011fi veya yanl\u0131\u015f bilgilendirildi\u011fi \u00f6ne s\u00fcr\u00fcld\u00fc.<\/p>\n<p style=\"text-align: justify;\">A\u00e7\u0131klamada, \u015f\u00f6yle denildi:<\/p>\n<p style=\"text-align: justify;\">&#8221;Hi\u00e7bir kesimle uzla\u015f\u0131lmadan alelacele yap\u0131lan bu Anayasa de\u011fi\u015fikli\u011fi sonras\u0131nda HSYK, adeta Adalet Bakanl\u0131\u011f\u0131n\u0131n bir dairesi haline getirilmi\u015ftir. Bundan sonra Yarg\u0131tay ve Dan\u0131\u015ftay da y\u00fcr\u00fctme organ\u0131na ba\u011f\u0131ml\u0131 k\u0131l\u0131nmak istenmektedir.<\/p>\n<p style=\"text-align: justify;\">Siyasi iktidar, 2007 y\u0131l\u0131nda haz\u0131rlad\u0131\u011f\u0131 yasa tasar\u0131s\u0131yla Yarg\u0131tay\u0131n \u00fcye say\u0131s\u0131n\u0131n 150 ile s\u0131n\u0131rland\u0131r\u0131lmas\u0131n\u0131 \u00f6ng\u00f6rm\u00fc\u015ft\u00fcr. Bug\u00fcn ise HSYK&#8217;n\u0131n siyasi iktidara do\u011frudan veya dolayl\u0131 \u015fekilde ba\u011f\u0131ml\u0131 hale getirilmek suretiyle yeniden yap\u0131land\u0131r\u0131lmas\u0131ndan sonra, Yarg\u0131tay\u0131n \u00fcye say\u0131s\u0131 250&#8217;den, 387&#8217;ye, Dan\u0131\u015ftay\u0131n \u00fcye say\u0131s\u0131 95&#8217;ten 151&#8217;e \u00e7\u0131kar\u0131lmak istenmektedir. Bu iki y\u00fcksek mahkemenin \u00fcye say\u0131s\u0131n\u0131n bir anda, daha \u00f6nce Cumhuriyet tarihinde g\u00f6r\u00fclmemi\u015f \u015fekilde artt\u0131r\u0131lmak istenmesinin nedeni, siyasi iktidara ba\u011f\u0131ml\u0131 bir y\u00fcksek yarg\u0131 yaratmakt\u0131r.&#8221;<\/p>\n<p style=\"text-align: justify;\">Yarg\u0131tay ve Dan\u0131\u015ftaya \u00fcye se\u00e7iminin, &#8221;siyasi iktidara ba\u011f\u0131ml\u0131 hale getirilmi\u015f bu HSYK taraf\u0131ndan yap\u0131laca\u011f\u0131&#8221; ileri s\u00fcr\u00fclen a\u00e7\u0131klamada, \u00fcye say\u0131s\u0131n\u0131n art\u0131r\u0131lmas\u0131na gerek\u00e7e olarak g\u00f6sterilen i\u015f y\u00fck\u00fcn\u00fcn sebebinin, \u00f6ncelikle ilk derece mahkemelerindeki ve soru\u015fturma evresindeki yap\u0131sal sorunlar oldu\u011fu belirtildi.<\/p>\n<p style=\"text-align: justify;\"><strong>&#8221;KUVVETLER AYRILI\u011eI ORTADAN KALKACAKTIR&#8221;<\/strong><\/p>\n<p style=\"text-align: justify;\">Buna ra\u011fmen kamuoyunun, yanl\u0131\u015f bilgilendirildi\u011fi ve y\u00fcksek mahkemelerin \u00fcye ve daire say\u0131s\u0131n\u0131n art\u0131r\u0131lmas\u0131n\u0131n tek \u00e7\u00f6z\u00fcm oldu\u011funa inand\u0131r\u0131lmak istendi\u011fi savunulan a\u00e7\u0131klamada, \u015funlar kaydedildi:<\/p>\n<p style=\"text-align: justify;\">&#8221;Oysa yap\u0131lmak istenen, Yarg\u0131tay ve Dan\u0131\u015ftay\u0131, i\u015f y\u00fck\u00fc bahane edilerek y\u00fcr\u00fctme organ\u0131na ba\u011f\u0131ml\u0131 hale getirmektir. Y\u00fcksek yarg\u0131n\u0131n y\u00fcr\u00fctme organ\u0131na ba\u011f\u0131ml\u0131 k\u0131l\u0131nmas\u0131 sonucunda, demokrasinin vazge\u00e7ilmez \u015fart\u0131 olan kuvvetler ayr\u0131l\u0131\u011f\u0131 ortadan kalkacakt\u0131r.<\/p>\n<p style=\"text-align: justify;\">Yarg\u0131tay\u0131n yeniden yap\u0131land\u0131r\u0131lmas\u0131nda siyasi iktidar\u0131n niyetini en a\u00e7\u0131k \u015fekilde ortaya koyan d\u00fczenleme, yeni \u00fcyelerin atanmas\u0131 ile birlikte Birinci Ba\u015fkanl\u0131k Kurulunun kendili\u011finden la\u011fvedilmesinin \u00f6ng\u00f6r\u00fclmesidir.<\/p>\n<p style=\"text-align: justify;\">Birinci Ba\u015fkanl\u0131k Kurulunun ba\u015fl\u0131ca g\u00f6revleri, Yarg\u0131tay Ba\u015fkan\u0131, Yarg\u0131tay Ba\u015fsavc\u0131s\u0131, Yarg\u0131tay daire ba\u015fkanlar\u0131 ve \u00fcyeleri hakk\u0131nda ceza soru\u015fturmas\u0131 yapmak ve kamu davas\u0131 a\u00e7\u0131lmas\u0131na karar vermek, ayr\u0131ca \u00fcyelerin hangi dairelerde g\u00f6revlendirilece\u011fini belirlemektir. Tasar\u0131ya g\u00f6re, Yarg\u0131tay Birinci Ba\u015fkanl\u0131k Kurulu, yeni \u00fcyelerin de kat\u0131l\u0131m\u0131yla yap\u0131lacak se\u00e7imle yeniden olu\u015fturulacakt\u0131r. B\u00f6ylece siyasi iktidar bu \u00f6nemli organ\u0131 istedi\u011fi \u015fekilde belirlemi\u015f olacakt\u0131r.<\/p>\n<p style=\"text-align: justify;\">HSYK eliyle yeniden olu\u015fturulmak istenen Yarg\u0131tay Birinci Ba\u015fkanl\u0131k Kurulunun dolayl\u0131 da olsa bu \u015fekilde siyasi iktidar\u0131n etki alan\u0131na al\u0131nmas\u0131 sonucunda Yarg\u0131tay da, Yarg\u0131tay ba\u015fkan\u0131 da dahil olmak \u00fczere hi\u00e7bir y\u00fcksek hakimin teminat\u0131 kalmayacakt\u0131r.&#8221;<\/p>\n<p style=\"text-align: justify;\"><strong>ANAYASA MAHKEMES\u0130 \u0130LE \u0130LG\u0130L\u0130 TASARI<\/strong><\/p>\n<p style=\"text-align: justify;\">A\u00e7\u0131klamada, iktidar\u0131n Anayasa&#8217;ya ayk\u0131r\u0131 bir bi\u00e7imde, Anayasa Mahkemesini, Yarg\u0131tay ve Dan\u0131\u015ftay\u0131n \u00fcst\u00fcnde bir temyiz merci haline getirmek istedi\u011fi de \u00f6ne s\u00fcr\u00fclerek, Anayasa Mahkemesine, Yarg\u0131tay\u0131n ve Dan\u0131\u015ftay\u0131n kararlar\u0131n\u0131 iptal etme yetkisi verildi\u011fi kaydedildi.<\/p>\n<p style=\"text-align: justify;\">Bu d\u00fczenlemenin Yarg\u0131tay ve Dan\u0131\u015ftay\u0131 i\u015flevsiz k\u0131laca\u011f\u0131 ifade edilen a\u00e7\u0131klamada, ayr\u0131ca bireylerin Avrupa \u0130nsan Haklar\u0131 Mahkemesine ba\u015fvuru yapmadan \u00f6nce Anayasa Mahkemesine bireysel ba\u015fvuru yapmas\u0131 gerekece\u011finden, Avrupa \u0130nsan Haklar\u0131 Mahkemesine ba\u015fvuru yapma hakk\u0131n\u0131n \u00e7ok uzun y\u0131llar geciktirilerek fiilen yok edilece\u011fi \u00f6ne s\u00fcr\u00fcld\u00fc.<\/p>\n<p style=\"text-align: justify;\">A\u00e7\u0131klamada, \u015fu ifadelere yer verildi: &#8221;Y\u00fcr\u00fctme organ\u0131, kendine ba\u011fl\u0131 bir yarg\u0131 yaratmaya \u00e7al\u0131\u015fmak yerine, adil yarg\u0131lanma ve savunma hakk\u0131n\u0131 hi\u00e7e sayan \u00f6zel g\u00f6revli a\u011f\u0131r ceza mahkemelerini derhal kald\u0131rmak suretiyle yarg\u0131da reform \u00e7al\u0131\u015fmalar\u0131na ba\u015flamal\u0131d\u0131r.<\/p>\n<p style=\"text-align: justify;\">\u0130ktidardan beklentimiz, yarg\u0131daki i\u015f y\u00fck\u00fcne ve kronikle\u015fmi\u015f sorunlara, barolarla i\u015fbirli\u011fi i\u00e7inde ger\u00e7ek\u00e7i \u00e7\u00f6z\u00fcmler \u00fcretmesi, avukatlar\u0131n vazge\u00e7ilmez konumunun yarg\u0131n\u0131n di\u011fer unsurlar\u0131nca benimsenmesini sa\u011flamas\u0131, avukatlara kar\u015f\u0131 adliye binalar\u0131nda dahi her g\u00fcn uygulanan ayr\u0131mc\u0131l\u0131klara ve \u00e7\u0131kar\u0131lan anlams\u0131z zorluklara son verilmesini sa\u011flamas\u0131d\u0131r. Hakl\u0131 kayg\u0131lar\u0131m\u0131z, olu\u015fturulmak istenen sisteme y\u00f6neliktir.&#8221;<\/p>\n<p style=\"text-align: justify;\">Toplumun, hangi siyasi parti iktidarda olursa olsun, y\u00fcr\u00fctme organ\u0131n\u0131n yarg\u0131 \u00fczerindeki etkisini ortadan kald\u0131racak, yarg\u0131n\u0131n ba\u011f\u0131ms\u0131zl\u0131\u011f\u0131n\u0131 sa\u011flayacak yeni bir anayasaya ihtiyac\u0131 oldu\u011fu ifade edilen a\u00e7\u0131klamada, &#8221;Biz a\u015fa\u011f\u0131da imzas\u0131 olan barolar\u0131n yakla\u015f\u0131m\u0131, ele\u015ftirmekten \u00f6te, kal\u0131c\u0131 ve evrensel hukuk ilkelerine uygun \u00e7\u00f6z\u00fcmler \u00fcretmektir. Bu ama\u00e7la, yasama ve y\u00fcr\u00fctme organlar\u0131yla ve ilgili b\u00fct\u00fcn kurum ve kurulu\u015flarla i\u015fbirli\u011fi yapmaya haz\u0131r oldu\u011fumuzu ilan ederiz&#8221; denildi.<\/p>\n<p style=\"text-align: justify;\"><a href=\"http:\/\/www.gazeteport.com.tr\/GUNCEL\/NEWS\/GP_845428\" target=\"_blank\"><span style=\"color: #888888;\">Kaynak : GAZETEPORT<\/span><\/a><\/p>\n","protected":false},"excerpt":{"rendered":"<p style=\"text-align: center;\">\n<p style=\"text-align: justify;\">24 barodan yap\u0131lan ortak a\u00e7\u0131klamada, &#8221;HSYK&#8217;n\u0131n yeniden yap\u0131land\u0131r\u0131lmas\u0131ndan sonra, Yarg\u0131tay ve Dan\u0131\u015ftay\u0131n \u00fcye say\u0131s\u0131n\u0131n g\u00f6r\u00fclmemi\u015f \u015fekilde artt\u0131r\u0131lmak istenmesinin nedeninin, siyasi iktidara ba\u011f\u0131ml\u0131 bir y\u00fcksek yarg\u0131 yaratmak oldu\u011fu&#8221; \u00f6ne s\u00fcr\u00fcld\u00fc.<\/p>\n<p style=\"text-align: justify;\">ANKARA- Adana, Amasya, Ankara, Antalya, Artvin, Ayd\u0131n, Bal\u0131kesir, Bilecik, Bolu, Bursa, Denizli, Edirne, Eski\u015fehir, Giresun, \u0130stanbul, Kayseri, K\u0131r\u0131kkale, Kocaeli, <\/p>\n","protected":false},"author":1,"featured_media":0,"comment_status":"open","ping_status":"closed","sticky":false,"template":"","format":"standard","meta":{"footnotes":""},"categories":[105],"tags":[],"class_list":["post-27538","post","type-post","status-publish","format-standard","hentry","category-gundem","odd"],"_links":{"self":[{"href":"http:\/\/www.korhanyilmaz.com\/index.php?rest_route=\/wp\/v2\/posts\/27538","targetHints":{"allow":["GET"]}}],"collection":[{"href":"http:\/\/www.korhanyilmaz.com\/index.php?rest_route=\/wp\/v2\/posts"}],"about":[{"href":"http:\/\/www.korhanyilmaz.com\/index.php?rest_route=\/wp\/v2\/types\/post"}],"author":[{"embeddable":true,"href":"http:\/\/www.korhanyilmaz.com\/index.php?rest_route=\/wp\/v2\/users\/1"}],"replies":[{"embeddable":true,"href":"http:\/\/www.korhanyilmaz.com\/index.php?rest_route=%2Fwp%2Fv2%2Fcomments&post=27538"}],"version-history":[{"count":0,"href":"http:\/\/www.korhanyilmaz.com\/index.php?rest_route=\/wp\/v2\/posts\/27538\/revisions"}],"wp:attachment":[{"href":"http:\/\/www.korhanyilmaz.com\/index.php?rest_route=%2Fwp%2Fv2%2Fmedia&parent=27538"}],"wp:term":[{"taxonomy":"category","embeddable":true,"href":"http:\/\/www.korhanyilmaz.com\/index.php?rest_route=%2Fwp%2Fv2%2Fcategories&post=27538"},{"taxonomy":"post_tag","embeddable":true,"href":"http:\/\/www.korhanyilmaz.com\/index.php?rest_route=%2Fwp%2Fv2%2Ftags&post=27538"}],"curies":[{"name":"wp","href":"https:\/\/api.w.org\/{rel}","templated":true}]}}