{"id":27533,"date":"2011-01-31T08:19:05","date_gmt":"2011-01-31T06:19:05","guid":{"rendered":"http:\/\/www.korhanyilmaz.com\/?p=27533"},"modified":"2011-01-31T08:19:05","modified_gmt":"2011-01-31T06:19:05","slug":"gokcek-chpyi-mi-dinliyor","status":"publish","type":"post","link":"http:\/\/www.korhanyilmaz.com\/?p=27533","title":{"rendered":"G\u00f6k\u00e7ek CHP&#8217;yi mi dinliyor?"},"content":{"rendered":"<p style=\"text-align: center;\"><a href=\"http:\/\/www.korhanyilmaz.com\/wp-content\/uploads\/2011\/01\/0512.jpg\"  class=\"lightview\"><img loading=\"lazy\" decoding=\"async\" class=\"aligncenter size-full wp-image-27534\" src=\"http:\/\/www.korhanyilmaz.com\/wp-content\/uploads\/2011\/01\/0512.jpg\" alt=\"\" width=\"315\" height=\"245\" \/><\/a><\/p>\n<p style=\"text-align: justify;\">Melih G\u00f6k\u00e7ek, K\u0131l\u0131\u00e7daro\u011flu\u2019nun odas\u0131nda konu\u015fulanlar\u0131 a\u00e7\u0131klad\u0131, CHP \u2018\u2019Palavra\u2019\u2019 dedi.<\/p>\n<p style=\"text-align: justify;\">Ankara B\u00fcy\u00fck\u015fehir Belediye Ba\u015fkan\u0131 Melih G\u00f6k\u00e7ek \u2018\u2019CHP ile ilgili duyum ald\u0131m\u2019\u2019 diyerek CHP Genel Ba\u015fkan\u0131 K\u0131l\u0131\u00e7daro\u011flu\u2019nun makam odas\u0131ndaki konu\u015fmalar\u0131 a\u00e7\u0131klad\u0131. <!--more--><\/p>\n<p style=\"text-align: justify;\">Bu konu\u015fmalarda K\u0131l\u0131\u00e7daro\u011flu\u2019nun \u201cBiz hep belediyelerin \u00e7al\u0131\u015fmalar\u0131ndan kaybediyoruz. Bak \u015fu AKP\u2019lilere. Onlar da \u00e7al\u0131\u015fmalar\u0131ndan kazan\u0131yorlar. Onun i\u00e7in de belediye se\u00e7imlerini \u00fcst \u00fcste al\u0131yorlar. \u0130\u015f Kocaeli, i\u015fte Ankara\u201d dedi\u011fini \u00f6ne s\u00fcrd\u00fc. Sohbette oldu\u011fu \u00f6ne s\u00fcr\u00fclen CHP\u2019li Muharrem \u0130nce ise  \u201cPalavralar\u0131na bir yenisini eklemi\u015f\u201d dedi.<\/p>\n<p style=\"text-align: justify;\">G\u00f6k\u00e7ek, twitter\u2019da K\u0131l\u0131\u00e7daro\u011flu\u2019nun kendi odas\u0131nda kurmaylar\u0131yla yapt\u0131\u011f\u0131 bir g\u00f6r\u00fc\u015fmesindeki s\u00f6zlerini aktard\u0131 ve \u201c25 Ocak g\u00fcn\u00fc saat 14.30.. K\u0131l\u0131\u00e7daro\u011flu, Kemal Anadol, Hur\u015fit G\u00fcne\u015f, Muharrem \u0130nce ve CHP Kocaeli \u0130l Ba\u015fkan\u0131 beraberler. K\u0131l\u0131\u00e7daro\u011flu konu\u015fuyor, \u2018CHP\u2019li belediyeler ba\u015f\u0131m\u0131za dert oldu. Biz hep belediyelerin \u00e7al\u0131\u015fmalar\u0131ndan kaybediyoruz. Bak \u015fu AKP\u2019lilere. Onlar da \u00e7al\u0131\u015fmalar\u0131ndan kazan\u0131yorlar. Onun i\u00e7in de belediye se\u00e7imlerini \u00fcst \u00fcste al\u0131yorlar. \u0130\u015f Kocaeli, i\u015fte Ankara.\u2019 dedi\u011fini \u00f6ne s\u00fcrd\u00fc.<\/p>\n<p style=\"text-align: justify;\">G\u00f6r\u00fc\u015fmede yer ald\u0131\u011f\u0131 iddia edilen CHP s\u00f6zc\u00fclerinin G\u00f6k\u00e7ek\u2019e yan\u0131t\u0131 ise gecikmedi. CHP Grup Ba\u015fkanvekili Muharrem \u0130nce GAZETEPORT\u2019a yapt\u0131\u011f\u0131 a\u00e7\u0131klamada, \u201cG\u00f6k\u00e7ek palavralar\u0131na yenisini eklemi\u015f. Hi\u00e7 b\u00f6yle bir \u015fey olmad\u0131. Yani o kadar CHP\u2019li biraraya gelerek Ankara\u2019y\u0131 k\u00f6stebek gibi yapan G\u00f6k\u00e7ek\u2019in ba\u015far\u0131lar\u0131n\u0131 m\u0131 konu\u015facak? \u2018\u2019 dedi. Genel Ba\u015fkan yard\u0131mc\u0131s\u0131 Hur\u015fit G\u00fcne\u015f de bu konu\u015fma i\u00e7in \u2018\u2019Hayal mahsul\u00fc\u2019\u2019 dedi.<\/p>\n<p style=\"text-align: justify;\"><a href=\"http:\/\/www.gazeteport.com.tr\/SIYASET\/NEWS\/GP_844871\" target=\"_blank\"><span style=\"color: #888888;\">Kaynak : GAZETEPORT<\/span><\/a><\/p>\n","protected":false},"excerpt":{"rendered":"<p style=\"text-align: center;\">\n<p style=\"text-align: justify;\">Melih G\u00f6k\u00e7ek, K\u0131l\u0131\u00e7daro\u011flu\u2019nun odas\u0131nda konu\u015fulanlar\u0131 a\u00e7\u0131klad\u0131, CHP \u2018\u2019Palavra\u2019\u2019 dedi.<\/p>\n<p style=\"text-align: justify;\">Ankara B\u00fcy\u00fck\u015fehir Belediye Ba\u015fkan\u0131 Melih G\u00f6k\u00e7ek \u2018\u2019CHP ile ilgili duyum ald\u0131m\u2019\u2019 diyerek CHP Genel Ba\u015fkan\u0131 K\u0131l\u0131\u00e7daro\u011flu\u2019nun makam odas\u0131ndaki konu\u015fmalar\u0131 a\u00e7\u0131klad\u0131. <\/p>\n","protected":false},"author":1,"featured_media":0,"comment_status":"open","ping_status":"closed","sticky":false,"template":"","format":"standard","meta":{"footnotes":""},"categories":[105],"tags":[],"class_list":["post-27533","post","type-post","status-publish","format-standard","hentry","category-gundem","odd"],"_links":{"self":[{"href":"http:\/\/www.korhanyilmaz.com\/index.php?rest_route=\/wp\/v2\/posts\/27533","targetHints":{"allow":["GET"]}}],"collection":[{"href":"http:\/\/www.korhanyilmaz.com\/index.php?rest_route=\/wp\/v2\/posts"}],"about":[{"href":"http:\/\/www.korhanyilmaz.com\/index.php?rest_route=\/wp\/v2\/types\/post"}],"author":[{"embeddable":true,"href":"http:\/\/www.korhanyilmaz.com\/index.php?rest_route=\/wp\/v2\/users\/1"}],"replies":[{"embeddable":true,"href":"http:\/\/www.korhanyilmaz.com\/index.php?rest_route=%2Fwp%2Fv2%2Fcomments&post=27533"}],"version-history":[{"count":0,"href":"http:\/\/www.korhanyilmaz.com\/index.php?rest_route=\/wp\/v2\/posts\/27533\/revisions"}],"wp:attachment":[{"href":"http:\/\/www.korhanyilmaz.com\/index.php?rest_route=%2Fwp%2Fv2%2Fmedia&parent=27533"}],"wp:term":[{"taxonomy":"category","embeddable":true,"href":"http:\/\/www.korhanyilmaz.com\/index.php?rest_route=%2Fwp%2Fv2%2Fcategories&post=27533"},{"taxonomy":"post_tag","embeddable":true,"href":"http:\/\/www.korhanyilmaz.com\/index.php?rest_route=%2Fwp%2Fv2%2Ftags&post=27533"}],"curies":[{"name":"wp","href":"https:\/\/api.w.org\/{rel}","templated":true}]}}