{"id":2753,"date":"2009-01-15T19:34:40","date_gmt":"2009-01-15T17:34:40","guid":{"rendered":"http:\/\/www.korhanyilmaz.com\/?p=2753"},"modified":"2009-01-15T19:34:40","modified_gmt":"2009-01-15T17:34:40","slug":"hamas-liderlerinden-said-siyam-olduruldu","status":"publish","type":"post","link":"http:\/\/www.korhanyilmaz.com\/?p=2753","title":{"rendered":"Hamas liderlerinden Said Siyam \u00f6ld\u00fcr\u00fcld\u00fc"},"content":{"rendered":"<p style=\"text-align: center;\"><img loading=\"lazy\" decoding=\"async\" class=\"aligncenter size-full wp-image-2756\" title=\"Hamas liderlerinden Said Siyam \u00f6ld\u00fcr\u00fcld\u00fc \" src=\"http:\/\/www.korhanyilmaz.com\/wp-content\/uploads\/2009\/01\/0bc97007321dd3448a26a0fax.jpg\" alt=\"Hamas liderlerinden Said Siyam \u00f6ld\u00fcr\u00fcld\u00fc \" width=\"380\" height=\"199\" \/><\/p>\n<p style=\"text-align: justify;\">Hamas&#8217;\u0131n El Aksa Televizyonu, Gazze&#8217;nin \u015eeyh R\u0131dvan mahallesinde, Said Siyam&#8217;\u0131n karde\u015finin evine d\u00fczenlenen f\u00fcze sald\u0131r\u0131s\u0131nda Siyam&#8217;\u0131n, karde\u015fi \u0130yad ile o\u011flu Muhammed Siyam&#8217;\u0131n \u00f6ld\u00fcr\u00fcld\u00fcklerini a\u00e7\u0131klad\u0131.<\/p>\n<p style=\"text-align: justify;\">Siyad&#8217;\u0131n \u00f6l\u00fcm haberi, daha \u00f6nce \u0130srail savunma yetkililerince a\u00e7\u0131klanm\u0131\u015f, Hamas taraf\u0131ndan bir do\u011frulama ya da yalanlama yap\u0131lmam\u0131\u015ft\u0131.<\/p>\n<p style=\"text-align: justify;\">Gazze&#8217;deki Filistinli kaynaklar, ak\u015fam saatlerinde kentin \u015eeyh R\u0131dvan mahallesinde vurulan evde 3 ki\u015finin \u00f6ld\u00fc\u011f\u00fcn\u00fc, 25 ki\u015finin yaraland\u0131\u011f\u0131n\u0131 belirttiler.<\/p>\n<p style=\"text-align: justify;\"><span style=\"color: #888888;\">Kaynak : Sabah Gazetesi<\/span><\/p>\n<p style=\"text-align: justify;\">\n","protected":false},"excerpt":{"rendered":"<p style=\"text-align: center;\">\n<p style=\"text-align: justify;\">Hamas&#8217;\u0131n El Aksa Televizyonu, Gazze&#8217;nin \u015eeyh R\u0131dvan mahallesinde, Said Siyam&#8217;\u0131n karde\u015finin evine d\u00fczenlenen f\u00fcze sald\u0131r\u0131s\u0131nda Siyam&#8217;\u0131n, karde\u015fi \u0130yad ile o\u011flu Muhammed Siyam&#8217;\u0131n \u00f6ld\u00fcr\u00fcld\u00fcklerini a\u00e7\u0131klad\u0131.<\/p>\n<p style=\"text-align: justify;\">Siyad&#8217;\u0131n \u00f6l\u00fcm haberi, daha \u00f6nce \u0130srail savunma yetkililerince a\u00e7\u0131klanm\u0131\u015f, Hamas taraf\u0131ndan bir do\u011frulama ya da yalanlama yap\u0131lmam\u0131\u015ft\u0131.<\/p>\n<p style=\"text-align: justify;\">Gazze&#8217;deki Filistinli kaynaklar, ak\u015fam saatlerinde <\/p>\n","protected":false},"author":1,"featured_media":0,"comment_status":"open","ping_status":"open","sticky":false,"template":"","format":"standard","meta":{"footnotes":""},"categories":[3],"tags":[],"class_list":["post-2753","post","type-post","status-publish","format-standard","hentry","category-dunya","odd"],"_links":{"self":[{"href":"http:\/\/www.korhanyilmaz.com\/index.php?rest_route=\/wp\/v2\/posts\/2753","targetHints":{"allow":["GET"]}}],"collection":[{"href":"http:\/\/www.korhanyilmaz.com\/index.php?rest_route=\/wp\/v2\/posts"}],"about":[{"href":"http:\/\/www.korhanyilmaz.com\/index.php?rest_route=\/wp\/v2\/types\/post"}],"author":[{"embeddable":true,"href":"http:\/\/www.korhanyilmaz.com\/index.php?rest_route=\/wp\/v2\/users\/1"}],"replies":[{"embeddable":true,"href":"http:\/\/www.korhanyilmaz.com\/index.php?rest_route=%2Fwp%2Fv2%2Fcomments&post=2753"}],"version-history":[{"count":0,"href":"http:\/\/www.korhanyilmaz.com\/index.php?rest_route=\/wp\/v2\/posts\/2753\/revisions"}],"wp:attachment":[{"href":"http:\/\/www.korhanyilmaz.com\/index.php?rest_route=%2Fwp%2Fv2%2Fmedia&parent=2753"}],"wp:term":[{"taxonomy":"category","embeddable":true,"href":"http:\/\/www.korhanyilmaz.com\/index.php?rest_route=%2Fwp%2Fv2%2Fcategories&post=2753"},{"taxonomy":"post_tag","embeddable":true,"href":"http:\/\/www.korhanyilmaz.com\/index.php?rest_route=%2Fwp%2Fv2%2Ftags&post=2753"}],"curies":[{"name":"wp","href":"https:\/\/api.w.org\/{rel}","templated":true}]}}