{"id":27526,"date":"2011-01-30T17:28:07","date_gmt":"2011-01-30T15:28:07","guid":{"rendered":"http:\/\/www.korhanyilmaz.com\/?p=27526"},"modified":"2011-01-30T17:28:07","modified_gmt":"2011-01-30T15:28:07","slug":"bahceli-melek-gibi-basbakanimiz-var","status":"publish","type":"post","link":"http:\/\/www.korhanyilmaz.com\/?p=27526","title":{"rendered":"Bah\u00e7eli: &#8220;Melek gibi Ba\u015fbakan\u0131m\u0131z var!&#8221;"},"content":{"rendered":"<p style=\"text-align: center;\"><a href=\"http:\/\/www.korhanyilmaz.com\/wp-content\/uploads\/2011\/01\/0502.jpg\"  class=\"lightview\"><img loading=\"lazy\" decoding=\"async\" class=\"aligncenter size-full wp-image-27527\" src=\"http:\/\/www.korhanyilmaz.com\/wp-content\/uploads\/2011\/01\/0502.jpg\" alt=\"\" width=\"307\" height=\"236\" \/><\/a><\/p>\n<p style=\"text-align: justify;\">MHP lideri Devlet Bah\u00e7eli, &#8220;Bizim Say\u0131n Ba\u015fbakan\u0131m\u0131z yalan s\u00f6ylemez, bizim Say\u0131n Ba\u015fbakan\u0131m\u0131z iftira etmez, bizim Say\u0131n Ba\u015fbakan\u0131m\u0131z halk\u0131 kand\u0131rmaz, bizim Say\u0131n Ba\u015fbakan\u0131m\u0131z yolsuzluk yapmaz, r\u00fc\u015fvet yemez, bizim Say\u0131n Ba\u015fbakan\u0131m\u0131z tahrik siyaseti g\u00fctmez, bizim Say\u0131n Ba\u015fbakan\u0131m\u0131z sanki bir melek&#8221; dedi.<!--more--><\/p>\n<p style=\"text-align: justify;\">MHP Lideri Bah\u00e7eli, Antalya&#8217;n\u0131n Kepez il\u00e7esinde MHP \u0130l\u00e7e Te\u015fkilat\u0131n\u0131 ziyaret etti.<\/p>\n<p style=\"text-align: justify;\">Te\u015fkilat binas\u0131nda partililerce kar\u015f\u0131lanan Bah\u00e7eli, daha sonra gazetecilerin g\u00fcndeme ili\u015fkin sorular\u0131n\u0131 yan\u0131tlad\u0131.<\/p>\n<p style=\"text-align: justify;\">Bah\u00e7eli, bir gazetecinin, &#8220;Say\u0131n Ba\u015fbakan muhalefeti tahrik siyaseti yapmakla su\u00e7lad\u0131. Bu konuda ne d\u00fc\u015f\u00fcn\u00fcyorsunuz?&#8221; sorusu \u00fczerine, d\u00fcn 44 \u00fcniversiteden 700&#8217;e yak\u0131n \u00f6\u011fretim \u00fcyesiyle Manavgat&#8217;ta akademik \u00e7al\u0131\u015ftay d\u00fczenlediklerini an\u0131msatt\u0131.<\/p>\n<p style=\"text-align: justify;\">Milletvekilleri ve Ba\u015fkanl\u0131k Divan\u0131 \u00fcyelerinin de kat\u0131ld\u0131\u011f\u0131 \u00e7al\u0131\u015ftayda, cuma g\u00fcn\u00fc a\u00e7\u0131klanan MHP se\u00e7im beyannamesi \u00fczerindeki olumlu d\u00fc\u015f\u00fcncelerin g\u00f6zlendi\u011fini ifade eden Bah\u00e7eli, &#8220;2023 y\u0131l\u0131na kadar s\u00fcrecek bir iktidar s\u00fcrecinin daha ba\u015far\u0131l\u0131 k\u0131l\u0131nabilmesi a\u00e7\u0131s\u0131ndan da arkada\u015flar\u0131m\u0131z\u0131n y\u00fcksek katk\u0131lar\u0131 olacakt\u0131r. Bu kanaati payla\u015fm\u0131\u015f olduk&#8221; dedi.<\/p>\n<p style=\"text-align: justify;\">\u00d6n\u00fcm\u00fczdeki g\u00fcnlerde di\u011fer \u00fcniversitelerden \u00f6\u011fretim \u00fcyeleriyle bir araya geleceklerini bildiren Bah\u00e7eli, \u015funlar\u0131 s\u00f6yledi:<\/p>\n<p style=\"text-align: justify;\">&#8220;MHP&#8217;yi iktidara haz\u0131rlaman\u0131n \u00f6tesinde, daha etkin, verimli, sa\u011fl\u0131kl\u0131 ve sorun \u00e7\u00f6zen bir iktidar yap\u0131s\u0131n\u0131n nas\u0131l olu\u015fmas\u0131 gerekti\u011fi noktas\u0131nda bilim insanlar\u0131n\u0131n deste\u011fini de alarak, yolumuza devam edece\u011fiz. Biz bu g\u00fczel \u00e7al\u0131\u015fmalar\u0131 s\u00fcrd\u00fcr\u00fcrken Say\u0131n Ba\u015fbakan, bir tahrik siyasetinden bahsediyor. 12 Eyl\u00fcl \u00f6ncesi ya\u015fanm\u0131\u015f olaylar\u0131 ka\u015f\u0131yarak toplumu yine germe politikas\u0131 takip ediyor.<\/p>\n<p style=\"text-align: justify;\">8 y\u0131ldan bu yana bu \u00fclkenin Ba\u015fbakan\u0131d\u0131r. Kahramanmara\u015f olaylar\u0131n\u0131 tekrar g\u00fcndeme getirip inceleyebilir, Sivas olaylar\u0131n\u0131 inceleyebilir, bunlarla ilgili yeniden bir sorgulama ba\u015flatabilir. Bunlar\u0131n hi\u00e7birisini yapmaks\u0131z\u0131n MHP&#8217;yi su\u00e7lamaya y\u00f6nelmesi, izah\u0131 \u00e7ok zorbir durumdur. Bizim Say\u0131n Ba\u015fbakan\u0131m\u0131z yalan s\u00f6ylemez, bizim Say\u0131n Ba\u015fbakan\u0131m\u0131z iftira etmez, bizim Say\u0131n Ba\u015fbakan\u0131m\u0131z halk\u0131 kand\u0131rmaz, bizim Say\u0131n Ba\u015fbakan\u0131m\u0131z yolsuzluk yapmaz, r\u00fc\u015fvet yemez, bizim Say\u0131n Ba\u015fbakan\u0131m\u0131z tahrik siyaseti g\u00fctmez, bizim Say\u0131n Ba\u015fbakan\u0131m\u0131z sanki bir melek.<\/p>\n<p style=\"text-align: justify;\">Melek gibi bir Ba\u015fbakan\u0131m\u0131z var. Herhalde bu millet, bu melek gibi Ba\u015fbakan&#8217;a bir kez daha sahip \u00e7\u0131karak, kendisini haziran ay\u0131nda gerekli milli iradeyle, milletten ald\u0131\u011f\u0131 deste\u011fi geri \u00e7ekmek suretiyle tekrar halk\u0131n aras\u0131na g\u00f6nderecektir. Bu kanaat ve d\u00fc\u015f\u00fcnce i\u00e7erisindeyiz. O bak\u0131mdan biz tahrik siyaseti yapm\u0131yoruz. Say\u0131n Ba\u015fbakan&#8217;\u0131n da yapmad\u0131\u011f\u0131 kanaatindeyim, e\u011fer bunlar tahrik say\u0131lmazsa.&#8221;<\/p>\n<p style=\"text-align: justify;\"><strong>\u0130ki partili sistem <\/strong><\/p>\n<p style=\"text-align: justify;\">Ba\u015fbakan Recep Tayyip Erdo\u011fan&#8217;\u0131n Meclis&#8217;te iki siyasi partiyi g\u00f6rmek istedi\u011fine y\u00f6nelik a\u00e7\u0131klamalar\u0131 da sorulan Bah\u00e7eli, Ba\u015fbakan Erdo\u011fan&#8217;\u0131n a\u00e7\u0131klamalar\u0131n\u0131n \u00e7eli\u015fkili oldu\u011funu \u00f6ne s\u00fcrd\u00fc.<\/p>\n<p style=\"text-align: justify;\">Bah\u00e7eli, s\u00f6zlerini \u015f\u00f6yle s\u00fcrd\u00fcrd\u00fc:<\/p>\n<p style=\"text-align: justify;\">&#8220;12 Eyl\u00fcl referandumuyla halk oyuna sunmu\u015f oldu\u011fu gizli g\u00fcndemli anayasa de\u011fi\u015fikli\u011finin halk taraf\u0131ndan kabul\u00fc, \u00f6zellikle \u00fclk\u00fcc\u00fc ve devrimciler taraf\u0131ndan da desteklenmesi arzusuyla 12 Eyl\u00fclden hesap soraca\u011f\u0131n\u0131 s\u00f6ylemi\u015ftir. Aradan ge\u00e7en s\u00fcre i\u00e7inde binlerce ba\u015fvuru s\u00f6z konusuyken hesap soracak bir ad\u0131m at\u0131lmam\u0131\u015ft\u0131r.<\/p>\n<p style=\"text-align: justify;\">Bir\u00e7ok insan\u0131m\u0131z 12 Eyl\u00fclden hesap sorulmas\u0131 maksad\u0131yla savc\u0131l\u0131klara ba\u015fvurmu\u015ftur ama \u015fu ana kadar herhangi bir sonu\u00e7 elde edilememi\u015ftir. Say\u0131n Ba\u015fbakan 12 Eyl\u00fcl ara rejiminin siyasi d\u00fczenlemesine tarafkir bir yakla\u015f\u0131mla iki partili bir siyaset \u00f6nermektedir. Demek ki Say\u0131n Ba\u015fbakan, 12 Eyl\u00fcl ile \u00f6zde\u015fle\u015fmi\u015f. 12 Eyl\u00fcl\u00fc yapan zihniyet, 1983 y\u0131l\u0131nda yeniden siyasi yap\u0131lanma s\u00fcrecini ba\u015flatt\u0131\u011f\u0131nda, iki partili bir siyasi parlamenter rejim d\u00fc\u015f\u00fcncesini ortaya koymu\u015f. Sa\u011f\u0131 toplamak i\u00e7in Milliyet\u00e7i Demokrasi Partisini, solu toplamak i\u00e7in de Halk\u00e7\u0131 Partiyi kurdurtturmu\u015f fakat bir hesap hatas\u0131yla ANAP aradan \u00e7\u0131km\u0131\u015f ve iktidar olmu\u015ftur. \u015eimdi e\u011fer bu b\u00f6yleyse tarih tekerr\u00fcr edecekse, bir tarafta AKP, bir tarafta CHP, yanl\u0131\u015f hesap sonucu MHP&#8217;nin iktidar\u0131 olacakt\u0131r Allah&#8217;\u0131n izniyle.&#8221;<\/p>\n<p style=\"text-align: justify;\"><strong>\u015eahin&#8217;in de\u011ferlendirmesi <\/strong><\/p>\n<p style=\"text-align: justify;\">Bah\u00e7eli&#8217;ye, TBMM Ba\u015fkan\u0131 Mehmet Ali \u015eahin&#8217;in, Kartalkaya&#8217;da yapt\u0131\u011f\u0131 de\u011ferlendirmede, Ba\u015fbakan Recep Tayyip Erdo\u011fan&#8217;\u0131n se\u00e7imleri \u00fc\u00e7\u00fcnc\u00fc kez kazanarak, &#8220;siyasi ba\u015fpehlivanl\u0131\u011f\u0131 alaca\u011f\u0131&#8221; \u015feklindeki s\u00f6zleri de soruldu.<\/p>\n<p style=\"text-align: justify;\">Devlet Bah\u00e7eli, bu soruyu, &#8220;Bizim Kartalkaya gibi bir l\u00fcks\u00fcm\u00fcz yok. B\u00f6yle bir l\u00fcks\u00fc ya\u015famad\u0131\u011f\u0131m\u0131z i\u00e7in orada s\u00f6ylenenlere hi\u00e7 ald\u0131r\u0131\u015f etmiyoruz&#8221; diye yan\u0131tlad\u0131.<\/p>\n<p style=\"text-align: justify;\"><strong>Alkol tart\u0131\u015fmalar\u0131 <\/strong><\/p>\n<p style=\"text-align: justify;\">Alkol kullan\u0131m\u0131na ili\u015fkin d\u00fczenlemelere ili\u015fkin bir soru \u00fczerine Bah\u00e7eli, alkol\u00fcn k\u00f6t\u00fc bir al\u0131\u015fkanl\u0131k oldu\u011funu, i\u00e7ilmemesinde fayda bulundu\u011funu belirterek, ancak yasal d\u00fczenlemeler ve mahalle bask\u0131s\u0131n\u0131n, yasaklara kar\u015f\u0131 e\u011filimi olan insanlar\u0131 i\u00e7kiye sevk edece\u011fini savundu.<\/p>\n<p style=\"text-align: justify;\">Bir gazetede bug\u00fcn yay\u0131mlanan, i\u00e7ki kullan\u0131m\u0131n\u0131n artt\u0131\u011f\u0131na y\u00f6nelik haberi de hat\u0131rlatan Bah\u00e7eli, &#8220;Bunu anlamakta g\u00fc\u00e7l\u00fck \u00e7ekiyoruz. Kurumlar arac\u0131l\u0131\u011f\u0131yla, e\u011fitim yoluyla, aile fertlerinin \u00e7ocuklar\u0131na telkinleriyle, Ye\u015filay Derne\u011fi arac\u0131l\u0131\u011f\u0131yla i\u00e7kinin k\u00f6t\u00fc bir al\u0131\u015fkanl\u0131k oldu\u011funu gen\u00e7lerimize anlatmas\u0131, yasaktan \u00e7ok daha iyidir. Acaba Say\u0131n Ba\u015fbakan i\u00e7ki \u00fcretimini ve sat\u0131\u015f\u0131n\u0131 art\u0131rmak i\u00e7in bir tahrik politikas\u0131 m\u0131 takip ediyor? Onu da kendisine sorun bakal\u0131m&#8221; diye konu\u015ftu.<\/p>\n<p style=\"text-align: justify;\"><a href=\"http:\/\/www.cnnturk.com\/2011\/turkiye\/01\/30\/bahceli.melek.gibi.basbakanimiz.var\/605105.0\/index.html\" target=\"_blank\"><span style=\"color: #888888;\">CNN T\u00dcRK<\/span><\/a><\/p>\n","protected":false},"excerpt":{"rendered":"<p style=\"text-align: center;\">\n<p style=\"text-align: justify;\">MHP lideri Devlet Bah\u00e7eli, &#8220;Bizim Say\u0131n Ba\u015fbakan\u0131m\u0131z yalan s\u00f6ylemez, bizim Say\u0131n Ba\u015fbakan\u0131m\u0131z iftira etmez, bizim Say\u0131n Ba\u015fbakan\u0131m\u0131z halk\u0131 kand\u0131rmaz, bizim Say\u0131n Ba\u015fbakan\u0131m\u0131z yolsuzluk yapmaz, r\u00fc\u015fvet yemez, bizim Say\u0131n Ba\u015fbakan\u0131m\u0131z tahrik siyaseti g\u00fctmez, bizim Say\u0131n Ba\u015fbakan\u0131m\u0131z sanki bir melek&#8221; dedi.<\/p>\n","protected":false},"author":1,"featured_media":0,"comment_status":"open","ping_status":"closed","sticky":false,"template":"","format":"standard","meta":{"footnotes":""},"categories":[105],"tags":[],"class_list":["post-27526","post","type-post","status-publish","format-standard","hentry","category-gundem","odd"],"_links":{"self":[{"href":"http:\/\/www.korhanyilmaz.com\/index.php?rest_route=\/wp\/v2\/posts\/27526","targetHints":{"allow":["GET"]}}],"collection":[{"href":"http:\/\/www.korhanyilmaz.com\/index.php?rest_route=\/wp\/v2\/posts"}],"about":[{"href":"http:\/\/www.korhanyilmaz.com\/index.php?rest_route=\/wp\/v2\/types\/post"}],"author":[{"embeddable":true,"href":"http:\/\/www.korhanyilmaz.com\/index.php?rest_route=\/wp\/v2\/users\/1"}],"replies":[{"embeddable":true,"href":"http:\/\/www.korhanyilmaz.com\/index.php?rest_route=%2Fwp%2Fv2%2Fcomments&post=27526"}],"version-history":[{"count":0,"href":"http:\/\/www.korhanyilmaz.com\/index.php?rest_route=\/wp\/v2\/posts\/27526\/revisions"}],"wp:attachment":[{"href":"http:\/\/www.korhanyilmaz.com\/index.php?rest_route=%2Fwp%2Fv2%2Fmedia&parent=27526"}],"wp:term":[{"taxonomy":"category","embeddable":true,"href":"http:\/\/www.korhanyilmaz.com\/index.php?rest_route=%2Fwp%2Fv2%2Fcategories&post=27526"},{"taxonomy":"post_tag","embeddable":true,"href":"http:\/\/www.korhanyilmaz.com\/index.php?rest_route=%2Fwp%2Fv2%2Ftags&post=27526"}],"curies":[{"name":"wp","href":"https:\/\/api.w.org\/{rel}","templated":true}]}}