{"id":27522,"date":"2011-01-30T17:32:24","date_gmt":"2011-01-30T15:32:24","guid":{"rendered":"http:\/\/www.korhanyilmaz.com\/?p=27522"},"modified":"2011-01-30T17:32:24","modified_gmt":"2011-01-30T15:32:24","slug":"erdoganin-agzina-biber-surecek","status":"publish","type":"post","link":"http:\/\/www.korhanyilmaz.com\/?p=27522","title":{"rendered":"Erdo\u011fan&#8217;\u0131n a\u011fz\u0131na biber s\u00fcrecek!"},"content":{"rendered":"<p style=\"text-align: justify;\"><a href=\"http:\/\/www.korhanyilmaz.com\/wp-content\/uploads\/2011\/01\/0491.jpg\"  class=\"lightview\"><img loading=\"lazy\" decoding=\"async\" class=\"aligncenter size-full wp-image-27523\" src=\"http:\/\/www.korhanyilmaz.com\/wp-content\/uploads\/2011\/01\/0491.jpg\" alt=\"\" width=\"318\" height=\"219\" \/><\/a><\/p>\n<p style=\"text-align: justify;\">Ba\u015fbakan Erdo\u011fan ile CHP lideri Kemal K\u0131l\u0131\u00e7daro\u011flu aras\u0131ndaki sert at\u0131\u015fma s\u00fcr\u00fcyor. K\u0131l\u0131\u00e7daro\u011flu Giresun&#8217;un G\u00fcce il\u00e7esinde yine Erdo\u011fan&#8217;\u0131 halka \u015fikayet etti, &#8220;daha fazla konu\u015fursa a\u011fz\u0131na biber s\u00fcrece\u011fim&#8221; dedi.<\/p>\n<p style=\"text-align: justify;\">K\u0131l\u0131\u00e7daro\u011flu, Giresun&#8217;un G\u00fcce \u0130l\u00e7esi&#8217;nde parti otob\u00fcs\u00fcn\u00fcn \u00fczerinden vatanda\u015flara hitap etti. <!--more--><\/p>\n<p style=\"text-align: justify;\">D\u00fcn Ordu&#8217;da konu\u015fma yapt\u0131\u011f\u0131 s\u0131rada meydandaki AK Parti te\u015fkilat binas\u0131nda bulunan partililere de selam g\u00f6nderdi\u011fini anlatan K\u0131l\u0131\u00e7daro\u011flu, &#8220;Onlara da selam s\u00f6yledim. \u00c7\u00fcnk\u00fc ben bize oy vermeyen vatanda\u015flar\u0131ma da sayg\u0131 duyuyorum. Ben d\u00fcn AKP&#8217;nin de\u011ferli \u00fcyelerine miting meydan\u0131ndan selam g\u00f6nderirken Say\u0131n Ba\u015fbakan \u00e7\u0131km\u0131\u015f bize k\u00fcfretmi\u015f. M\u00fcsl\u00fcman adama k\u00fcfretmek yak\u0131\u015f\u0131r m\u0131? A\u011fz\u0131ndan k\u00f6t\u00fc s\u00f6z yak\u0131\u015f\u0131r m\u0131? Size \u015fikayet ediyorum daha fazla konu\u015fursa a\u011fz\u0131na biber s\u00fcrece\u011fim&#8221; diye konu\u015ftu.<\/p>\n<p style=\"text-align: justify;\">&#8220;\u0130nsan\u0131 sevmek, g\u00fczel \u015feyler s\u00f6ylemek, umut vaat etmek varken Ba\u015fbakan Erdo\u011fan&#8217;\u0131n CHP&#8217;ye &#8216;e\u015fk\u0131ya&#8217; dedi\u011fini&#8221; ifade eden K\u0131l\u0131\u00e7daro\u011flu, \u015f\u00f6yle konu\u015ftu:<\/p>\n<p style=\"text-align: justify;\">&#8220;\u00c7\u0131km\u0131\u015f bize e\u015fk\u0131ya demi\u015f. Allah a\u015fk\u0131na bizim e\u015fk\u0131yal\u0131kla ne alakam\u0131z var? Elimizde silah, a\u011fz\u0131m\u0131zda kem s\u00f6z m\u00fc var? E\u015fk\u0131yal\u0131k bu de\u011fildir. E\u015fk\u0131yal\u0131k vatanda\u015fa konu\u015fma hakk\u0131 vermemektir, vatanda\u015f derdini anlatt\u0131\u011f\u0131nda &#8216;al anan\u0131 da git&#8217; demektir. E\u015fk\u0131yal\u0131k Meclis&#8217;teki milletvekiline konu\u015fma hakk\u0131 vermemektir. Vekiller konu\u015fmak istiyor konu\u015fturmuyorsun, millete derdini anlatt\u0131rm\u0131yorsun.<\/p>\n<p style=\"text-align: justify;\">Milletvekili derdini anlatacak, kanunla ilgili derdini anlatacak, &#8216;hay\u0131r, konu\u015fma&#8217;&#8230; Ben konu\u015fmayacaksam milletin derdini nas\u0131l dile getiririm. Kim e\u015fk\u0131ya kim yurtsever, kimin \u00fclkenin \u00e7\u0131karlar\u0131n\u0131 savundu\u011funu, kimin \u00fclkeyi pazarlad\u0131\u011f\u0131n\u0131 bilin diye anlat\u0131yorum. Kimin inan\u00e7lara sayg\u0131l\u0131, kimin \u00fclkeyi kayna\u015ft\u0131rmak, bile\u015ftirmek ve kimin \u00fclkeyi b\u00f6lmek istedi\u011fini bilin diye anlat\u0131yorum.&#8221;<\/p>\n<p style=\"text-align: justify;\">Vatanda\u015flardan dertlerine \u00e7are bulamayan iktidardan sand\u0131kta hesap sormalar\u0131n\u0131 isteyen K\u0131l\u0131\u00e7daro\u011flu, meydanda bulunanlar\u0131n &#8220;sand\u0131kta hesap soraca\u011f\u0131z&#8221; s\u00f6zleri \u00fczerine de &#8220;(Sand\u0131kta hesap sorar\u0131z) dediniz ya, \u015fimdi korkar\u0131m Recep Bey, &#8216;G\u00fcceliler de e\u015fk\u0131ya oldu&#8217; diyecek&#8221; dedi.<\/p>\n<p style=\"text-align: justify;\">K\u0131l\u0131\u00e7daro\u011flu, Giresun&#8217;daki Fiskobirlik Genel M\u00fcd\u00fcrl\u00fck binas\u0131nda gazetecilerin sorular\u0131n\u0131 cevaplad\u0131.<\/p>\n<p style=\"text-align: justify;\"><a href=\"http:\/\/www.cnnturk.com\/2011\/turkiye\/01\/30\/erdoganin.agzina.biber.surecek\/605101.0\/index.html\" target=\"_blank\"><span style=\"color: #888888;\">CNN T\u00dcRK<\/span><\/a><\/p>\n","protected":false},"excerpt":{"rendered":"<p style=\"text-align: justify;\">\n<p style=\"text-align: justify;\">Ba\u015fbakan Erdo\u011fan ile CHP lideri Kemal K\u0131l\u0131\u00e7daro\u011flu aras\u0131ndaki sert at\u0131\u015fma s\u00fcr\u00fcyor. K\u0131l\u0131\u00e7daro\u011flu Giresun&#8217;un G\u00fcce il\u00e7esinde yine Erdo\u011fan&#8217;\u0131 halka \u015fikayet etti, &#8220;daha fazla konu\u015fursa a\u011fz\u0131na biber s\u00fcrece\u011fim&#8221; dedi.<\/p>\n<p style=\"text-align: justify;\">K\u0131l\u0131\u00e7daro\u011flu, Giresun&#8217;un G\u00fcce \u0130l\u00e7esi&#8217;nde parti otob\u00fcs\u00fcn\u00fcn \u00fczerinden vatanda\u015flara hitap etti. <\/p>\n","protected":false},"author":1,"featured_media":0,"comment_status":"open","ping_status":"closed","sticky":false,"template":"","format":"standard","meta":{"footnotes":""},"categories":[105],"tags":[],"class_list":["post-27522","post","type-post","status-publish","format-standard","hentry","category-gundem","odd"],"_links":{"self":[{"href":"http:\/\/www.korhanyilmaz.com\/index.php?rest_route=\/wp\/v2\/posts\/27522","targetHints":{"allow":["GET"]}}],"collection":[{"href":"http:\/\/www.korhanyilmaz.com\/index.php?rest_route=\/wp\/v2\/posts"}],"about":[{"href":"http:\/\/www.korhanyilmaz.com\/index.php?rest_route=\/wp\/v2\/types\/post"}],"author":[{"embeddable":true,"href":"http:\/\/www.korhanyilmaz.com\/index.php?rest_route=\/wp\/v2\/users\/1"}],"replies":[{"embeddable":true,"href":"http:\/\/www.korhanyilmaz.com\/index.php?rest_route=%2Fwp%2Fv2%2Fcomments&post=27522"}],"version-history":[{"count":0,"href":"http:\/\/www.korhanyilmaz.com\/index.php?rest_route=\/wp\/v2\/posts\/27522\/revisions"}],"wp:attachment":[{"href":"http:\/\/www.korhanyilmaz.com\/index.php?rest_route=%2Fwp%2Fv2%2Fmedia&parent=27522"}],"wp:term":[{"taxonomy":"category","embeddable":true,"href":"http:\/\/www.korhanyilmaz.com\/index.php?rest_route=%2Fwp%2Fv2%2Fcategories&post=27522"},{"taxonomy":"post_tag","embeddable":true,"href":"http:\/\/www.korhanyilmaz.com\/index.php?rest_route=%2Fwp%2Fv2%2Ftags&post=27522"}],"curies":[{"name":"wp","href":"https:\/\/api.w.org\/{rel}","templated":true}]}}