{"id":27515,"date":"2011-01-30T13:51:05","date_gmt":"2011-01-30T11:51:05","guid":{"rendered":"http:\/\/www.korhanyilmaz.com\/?p=27515"},"modified":"2011-01-30T13:51:05","modified_gmt":"2011-01-30T11:51:05","slug":"tamayligilden-sahine-cazgirliga-soyundu","status":"publish","type":"post","link":"http:\/\/www.korhanyilmaz.com\/?p=27515","title":{"rendered":"Tamayl\u0131gil&#8217;den \u015eahin&#8217;e: &#8220;Cazg\u0131rl\u0131\u011fa soyundu&#8221;"},"content":{"rendered":"<p style=\"text-align: center;\"><a href=\"http:\/\/www.korhanyilmaz.com\/wp-content\/uploads\/2011\/01\/048.jpg\"  class=\"lightview\"><img loading=\"lazy\" decoding=\"async\" class=\"aligncenter size-full wp-image-27516\" src=\"http:\/\/www.korhanyilmaz.com\/wp-content\/uploads\/2011\/01\/048.jpg\" alt=\"\" width=\"311\" height=\"239\" \/><\/a><\/p>\n<p style=\"text-align: justify;\">CHP S\u00f6zc\u00fcs\u00fc Bihlun Tamayl\u0131gil, &#8220;Kendisine, &#8216;Meclisi sen mi y\u00f6neteceksin, yoksa ben mi gelip y\u00f6neteyim&#8217; diye diskur \u00e7eken Ba\u015fbakan\u0131 Ba\u015fpehlivan ilan eden Meclis Ba\u015fkan\u0131 ne yaz\u0131k ki cazg\u0131rl\u0131\u011fa soyunmu\u015ftur&#8221; dedi.<\/p>\n<p style=\"text-align: justify;\">Bihlun Tamayl\u0131gil, yapt\u0131\u011f\u0131 yaz\u0131l\u0131 a\u00e7\u0131klamada, TBMM Ba\u015fkan\u0131 Mehmet Ali \u015eahin&#8217;in, Kartalkaya&#8217;da yapt\u0131\u011f\u0131 de\u011ferlendirmedeki, &#8220;Say\u0131n Tayyip Erdo\u011fan 2 kez se\u00e7imlerin galibi oldu. 3. kez de kazan\u0131p siyasi ba\u015fpehlivanl\u0131\u011f\u0131n\u0131 alaca\u011f\u0131n\u0131 d\u00fc\u015f\u00fcn\u00fcyorum&#8221; s\u00f6zlerini ele\u015ftirdi. <!--more--><\/p>\n<p style=\"text-align: justify;\">Tamayl\u0131gil a\u00e7\u0131klamas\u0131nda, &#8220;TBMM Ba\u015fkan\u0131, Ba\u015fbakan Erdo\u011fan&#8217;\u0131n on binlerce sporsever taraf\u0131ndan \u0131sl\u0131klanmas\u0131ndan ders alm\u0131\u015f olacak ki g\u00f6r\u00fc\u015flerini a\u00e7\u0131klamak i\u00e7in bir kayak merkezini se\u00e7mi\u015f. Yap\u0131lacak ilk se\u00e7imde kay\u0131p d\u00fc\u015fmemek i\u00e7in de tarafs\u0131zl\u0131\u011f\u0131n\u0131 bir kenara atm\u0131\u015f ve Kartalkaya&#8217;n\u0131n beyazl\u0131\u011f\u0131n\u0131, \u00e7evrenin akl\u0131\u011f\u0131n\u0131 g\u00f6r\u00fcnce AKP s\u00f6zc\u00fcl\u00fc\u011f\u00fcne, Ba\u015fbakan\u0131n yanda\u015fl\u0131\u011f\u0131na soyunmu\u015f bulunuyor&#8221; ifadelerini kulland\u0131.<\/p>\n<p style=\"text-align: justify;\">B\u00f6ylece kamuoyunun, &#8220;yanda\u015f medya, yanda\u015f anket\u00f6rden sonra bir de yanda\u015f Meclis Ba\u015fkan\u0131&#8221; ile tan\u0131\u015ft\u0131\u011f\u0131n\u0131 savunan Tamayl\u0131gil, a\u00e7\u0131klamas\u0131nda \u015fu g\u00f6r\u00fc\u015flere yer verdi:<\/p>\n<p style=\"text-align: justify;\">&#8220;Kendisine, &#8216;Meclisi sen mi y\u00f6neteceksin, yoksa ben mi gelip y\u00f6neteyim&#8217; diye diskur \u00e7eken Ba\u015fbakan\u0131 ba\u015fpehlivan ilan eden Meclis Ba\u015fkan\u0131 ne yaz\u0131k ki cazg\u0131rl\u0131\u011fa soyunmu\u015ftur.<\/p>\n<p style=\"text-align: justify;\">Cazg\u0131rl\u0131\u011fa soyunan Say\u0131n \u015eahin&#8217;in ba\u015fpehlivan ilan etti\u011fi Say\u0131n Erdo\u011fan ise i\u015fsizlik yolsuzluk, yoksulluk sorunlar\u0131n\u0131n alt\u0131nda tu\u015f olan kof pehlivand\u0131r.<\/p>\n<p style=\"text-align: justify;\">Meclis Ba\u015fkan\u0131 bu a\u00e7\u0131klamay\u0131 yaparken Say\u0131n Genel Ba\u015fkan\u0131na alt\u0131n laz\u0131m olur, o nedenle bir de alt\u0131n kemeri olsun diye yard\u0131mc\u0131 olmak, g\u00f6z\u00fcne girmek istiyorsa hi\u00e7 gere\u011fi yok. \u00c7\u00fcnk\u00fc o\u011flunun d\u00fc\u011f\u00fcn\u00fcnde tak\u0131lan alt\u0131nlarla Say\u0131n Erdo\u011fan servet sahibi olmu\u015f, o\u011flu da alt\u0131n t\u00fcccarl\u0131\u011f\u0131na ba\u015flam\u0131\u015ft\u0131r.<\/p>\n<p style=\"text-align: justify;\">Say\u0131n Ba\u015fbakan&#8217;a mutlaka bir kemer tak\u0131lacaksa i\u00e7i rahat etsin. Haziran ay\u0131nda yap\u0131lacak se\u00e7imde halk\u0131m\u0131z Say\u0131n Erdo\u011fan&#8217;a teneke kemer takacak ve y\u00fcce divana yolcu edecektir.<\/p>\n<p style=\"text-align: justify;\">Bu y\u00fczden Meclis Ba\u015fkan\u0131na bir kez daha tarafs\u0131z olma sorumlu\u011funu hat\u0131rlat\u0131yor ve i\u015finin cazg\u0131rl\u0131k de\u011fil, TBMM Ba\u015fkanl\u0131\u011f\u0131 oldu\u011funu unutmamas\u0131n\u0131 istiyorum.&#8221;<\/p>\n<p style=\"text-align: justify;\"><a href=\"http:\/\/www.cnnturk.com\/2011\/turkiye\/01\/30\/tamayligilden.sahine.cazgirliga.soyundu\/605100.0\/index.html\" target=\"_blank\"><span style=\"color: #888888;\">Kaynak : CNN T\u00dcRK<\/span><\/a><\/p>\n","protected":false},"excerpt":{"rendered":"<p style=\"text-align: center;\">\n<p style=\"text-align: justify;\">CHP S\u00f6zc\u00fcs\u00fc Bihlun Tamayl\u0131gil, &#8220;Kendisine, &#8216;Meclisi sen mi y\u00f6neteceksin, yoksa ben mi gelip y\u00f6neteyim&#8217; diye diskur \u00e7eken Ba\u015fbakan\u0131 Ba\u015fpehlivan ilan eden Meclis Ba\u015fkan\u0131 ne yaz\u0131k ki cazg\u0131rl\u0131\u011fa soyunmu\u015ftur&#8221; dedi.<\/p>\n<p style=\"text-align: justify;\">Bihlun Tamayl\u0131gil, yapt\u0131\u011f\u0131 yaz\u0131l\u0131 a\u00e7\u0131klamada, TBMM Ba\u015fkan\u0131 Mehmet Ali \u015eahin&#8217;in, Kartalkaya&#8217;da yapt\u0131\u011f\u0131 de\u011ferlendirmedeki, &#8220;Say\u0131n Tayyip Erdo\u011fan 2 kez se\u00e7imlerin <\/p>\n","protected":false},"author":1,"featured_media":0,"comment_status":"open","ping_status":"closed","sticky":false,"template":"","format":"standard","meta":{"footnotes":""},"categories":[105],"tags":[],"class_list":["post-27515","post","type-post","status-publish","format-standard","hentry","category-gundem","odd"],"_links":{"self":[{"href":"http:\/\/www.korhanyilmaz.com\/index.php?rest_route=\/wp\/v2\/posts\/27515","targetHints":{"allow":["GET"]}}],"collection":[{"href":"http:\/\/www.korhanyilmaz.com\/index.php?rest_route=\/wp\/v2\/posts"}],"about":[{"href":"http:\/\/www.korhanyilmaz.com\/index.php?rest_route=\/wp\/v2\/types\/post"}],"author":[{"embeddable":true,"href":"http:\/\/www.korhanyilmaz.com\/index.php?rest_route=\/wp\/v2\/users\/1"}],"replies":[{"embeddable":true,"href":"http:\/\/www.korhanyilmaz.com\/index.php?rest_route=%2Fwp%2Fv2%2Fcomments&post=27515"}],"version-history":[{"count":0,"href":"http:\/\/www.korhanyilmaz.com\/index.php?rest_route=\/wp\/v2\/posts\/27515\/revisions"}],"wp:attachment":[{"href":"http:\/\/www.korhanyilmaz.com\/index.php?rest_route=%2Fwp%2Fv2%2Fmedia&parent=27515"}],"wp:term":[{"taxonomy":"category","embeddable":true,"href":"http:\/\/www.korhanyilmaz.com\/index.php?rest_route=%2Fwp%2Fv2%2Fcategories&post=27515"},{"taxonomy":"post_tag","embeddable":true,"href":"http:\/\/www.korhanyilmaz.com\/index.php?rest_route=%2Fwp%2Fv2%2Ftags&post=27515"}],"curies":[{"name":"wp","href":"https:\/\/api.w.org\/{rel}","templated":true}]}}