{"id":27508,"date":"2011-01-30T13:23:27","date_gmt":"2011-01-30T11:23:27","guid":{"rendered":"http:\/\/www.korhanyilmaz.com\/?p=27508"},"modified":"2011-01-30T13:23:27","modified_gmt":"2011-01-30T11:23:27","slug":"27508","status":"publish","type":"post","link":"http:\/\/www.korhanyilmaz.com\/?p=27508","title":{"rendered":"Ba\u015fbakan art\u0131k helikopterden arazi se\u00e7emeyecek"},"content":{"rendered":"<p style=\"text-align: center;\"><a href=\"http:\/\/www.korhanyilmaz.com\/wp-content\/uploads\/2011\/01\/0461.jpg\"  class=\"lightview\"><img loading=\"lazy\" decoding=\"async\" class=\"aligncenter size-full wp-image-27509\" src=\"http:\/\/www.korhanyilmaz.com\/wp-content\/uploads\/2011\/01\/0461.jpg\" alt=\"\" width=\"463\" height=\"176\" \/><\/a><\/p>\n<p style=\"text-align: justify;\">2008 y\u0131l\u0131nda y\u00fcr\u00fcrl\u00fc\u011fe giren ve 3. Bo\u011faz K\u00f6pr\u00fcs\u00fc, Hasankeyf ve Allianoi gibi projelerde kapsam d\u0131\u015f\u0131 tutulan \u00c7evresel Etki De\u011ferlendirmesi (\u00c7ED) Y\u00f6netmeli\u011fi&#8217;nin ge\u00e7ici 3. Maddesinin y\u00fcr\u00fctmesi Dan\u0131\u015ftay Taraf\u0131ndan durduruldu. 17 Temmuz 2008 tarihinde Resmi Gazete yay\u0131nlanarak y\u00fcr\u00fcrl\u00fc\u011fe giren ancak \u00c7evre M\u00fchendisleri Odas\u0131&#8217;n\u0131n itiraz\u0131 sonucu y\u00fcr\u00fctmesi durdurulan \u00c7ED Y\u00f6netmeli\u011fi&#8217;nin Ge\u00e7ici 3. Maddesi, &#8216;Kapsam D\u0131\u015f\u0131 Projeler&#8217; ba\u015fl\u0131\u011f\u0131yla do\u011fa k\u0131y\u0131m\u0131na neden olan bir \u00e7ok kapsaml\u0131 projenin \u00c7ED s\u00fcrecinden muaf tutulmas\u0131na olanak sa\u011fl\u0131yordu. \u00c7ED s\u00fcrecinden muaf tutulan projelerle bug\u00fcne kadar 1500 hektar civar\u0131nda ormanl\u0131k alan\u0131n yokedildi\u011fi \u00f6ne s\u00fcr\u00fcl\u00fcrken, 2,5 milyon a\u011fac\u0131n k\u0131y\u0131ma u\u011frad\u0131\u011f\u0131, 680 hektar do\u011fal sit alan\u0131yla 931 hektar tar\u0131m arazisinin ortadan kald\u0131r\u0131ld\u0131\u011f\u0131 belirtildi. <!--more--><\/p>\n<p style=\"text-align: justify;\"><strong>\u00c7ED&#8217;DEN MUAF TUTULAN YATIRIMLARA \u00c7ED YOLU A\u00c7ILIYOR <\/strong><\/p>\n<p style=\"text-align: justify;\">\u00c7evre M\u00fchendisleri Odas\u0131 (\u00c7MO) taraf\u0131ndan konuyla ilgili yap\u0131lan a\u00e7\u0131klamada, Dan\u0131\u015ftay&#8217;\u0131n bu karar\u0131yla birlikte \u00c7evresel Etki De\u011ferlendirmesinden muaf tutulan yat\u0131r\u0131mlar i\u00e7in \u00c7ED s\u00fcrecinin ba\u015flayaca\u011f\u0131 belirtildi. A\u00e7\u0131klamada, durdurulan ge\u00e7ici 3. madde d\u00fczenlemesi ile &#8216;7\/2\/1993 tarihli ve 21489 say\u0131l\u0131 Resm\u00ee Gazete&#8217;de yay\u0131mlanan \u00c7evresel Etki De\u011ferlendirmesi Y\u00f6netmeli\u011fi&#8217;nden \u00f6nce uygulama projeleri onaylanm\u0131\u015f veya \u00e7evre mevzuat\u0131 ve ilgili di\u011fer mevzuat uyar\u0131nca yetkili mercilerden izin, ruhsat veya onay ya da kamula\u015ft\u0131rma karar\u0131 al\u0131nm\u0131\u015f veya yat\u0131r\u0131m program\u0131na al\u0131nm\u0131\u015f veya mevzi imar planlar\u0131 onaylanm\u0131\u015f projelere \u00c7evre Kanunu ve ilgili di\u011fer y\u00f6netmeliklerde al\u0131nmas\u0131 gereken izinler sakl\u0131 kalmak kayd\u0131yla \u00c7ED Y\u00f6netmeli\u011fi h\u00fck\u00fcmlerinin uygulanmayaca\u011f\u0131&#8217;n\u0131nd\u00fczenlendi\u011fi vurgulanarak, 7 \u015eubat 1993 \u00f6ncesi karar\u0131 al\u0131nm\u0131\u015f ancak ba\u015flanmam\u0131\u015f projelerin \u00c7ED Y\u00f6netmeli\u011finin emredici h\u00fck\u00fcmlerinden muaf tutuldu\u011fu belirtildi.<\/p>\n<p style=\"text-align: justify;\"><strong>KAMU G\u00d6REVL\u0130LER\u0130 KARARI &#8216;DOLANAMAYACAK&#8217; <\/strong><\/p>\n<p style=\"text-align: justify;\">Dan\u0131\u015ftay karar\u0131 uyar\u0131nca 1993 y\u0131l\u0131 \u00f6ncesi yat\u0131r\u0131m program\u0131na al\u0131nsa dahi t\u00fcm projeler i\u00e7in \u00e7evresel etkileri de\u011ferlendirmesi s\u00fcrecinin i\u015fletilmesi zorunluluk haline geldi\u011finin alt\u0131 \u00e7izilen a\u00e7\u0131klamada, &#8220;Anayasa&#8217;n\u0131n 138. maddesi ve \u0130dari Yarg\u0131lama Usul\u00fc Yasas\u0131&#8217;n\u0131n 28. maddesi gere\u011fince en ge\u00e7 30 g\u00fcn i\u00e7inde say\u0131lan projeler ile \u00c7ED&#8217;den muaf tutulan di\u011fer projeler i\u00e7in \u00c7ED s\u00fcreci ba\u015flat\u0131lmal\u0131d\u0131r. Aksi takdirde bu karar\u0131 almayan, karar\u0131n arkas\u0131ndan dolanmaya \u00e7al\u0131\u015fan, uyguluyor gibi yap\u0131p uygulamayan kamu g\u00f6revlilerinin 5018 say\u0131l\u0131 Kamu Mali Y\u00f6netimi ve Kontrol Kanunu ve Kamu Zararlar\u0131n\u0131n Tahsiline ili\u015fkin usul ve esaslar Hakk\u0131nda Y\u00f6netmelik h\u00fck\u00fcmleri uyar\u0131ncado\u011facak zarardan \u015fahsen sorumlu olacaklar, g\u00f6revi ihmal su\u00e7u nedeni ile Mahkemeler \u00f6n\u00fcnde hesap vereceklerdir&#8221; ifadelerine yer verildi.<\/p>\n<p style=\"text-align: justify;\">Dan\u0131\u015ftay karar\u0131n\u0131n tart\u0131\u015fma g\u00f6t\u00fcrmeyecek kadar a\u00e7\u0131k oldu\u011funun alt\u0131 \u00e7izilen a\u00e7\u0131klamada, karar\u0131n Ba\u015fbakanl\u0131k ve ilgili idarelerce derhal uygulamaya konulmas\u0131 istendi. \u0130stanbul&#8217;a yap\u0131lacak olan 3 k\u00f6pr\u00fc projesi, Sinop ve Akkuyu n\u00fckleer santral projeleriyle, Il\u0131su Baraj\u0131&#8217;n\u0131n yan\u0131s\u0131ra 7 \u015eubat 1993 tarihinden \u00f6nce yat\u0131r\u0131m program\u0131na al\u0131nd\u0131\u011f\u0131 iddia edilen t\u00fcm projelerin derhal durdurulmas\u0131n\u0131n ve \u00c7ED s\u00fcrecinin i\u015fletilmeye ba\u015flanmas\u0131n\u0131n istendi\u011fi a\u00e7\u0131klamada, &#8220;\u00c7evre Kanununun emredici h\u00fck\u00fcmlerinin y\u00f6netmelik de\u011fi\u015fiklikleri ile ortadan kald\u0131r\u0131lmas\u0131 anlay\u0131\u015f\u0131na derhal son verilmelidir.1983 y\u0131l\u0131nda \u00e7\u0131kar\u0131lan ve \u00c7ED d\u00fczenlemesi getiren 2872 say\u0131l\u0131 \u00c7evre Kanunu&#8217;nun emredici h\u00fck\u00fcmleri, aradan 28 y\u0131l ge\u00e7mesine kar\u015f\u0131n Y\u00f6netmelik h\u00fck\u00fcmleri ile bertaraf edilmeye \u00e7al\u0131\u015f\u0131lmamal\u0131 ve \u00e7evreye ra\u011fmen kalk\u0131nma anlay\u0131\u015f\u0131 derhal terk edilmelidir&#8221; denildi.<\/p>\n<p style=\"text-align: justify;\"><strong>H\u00dcK\u00dcMET GERE\u011e\u0130N\u0130 YER\u0130NE GET\u0130RS\u0130N <\/strong><\/p>\n<p style=\"text-align: justify;\">\u00c7evre M\u00fchendisleri Odas\u0131&#8217;n\u0131n, rant mant\u0131\u011f\u0131 ile do\u011fa katliam\u0131na neden olan ve halk\u0131n ya\u015fam hakk\u0131na sald\u0131ran t\u00fcm uygulamalara kar\u015f\u0131 m\u00fccedeleye devam edece\u011finin vurguland\u0131\u011f\u0131 a\u00e7\u0131klamada, &#8220;Kapsam d\u0131\u015f\u0131 projeler ba\u015fl\u0131\u011f\u0131n\u0131 ta\u015f\u0131yan dava konusu ge\u00e7ici 3. madde h\u00fckm\u00fc ile Y\u00f6netmeli\u011fin emredici h\u00fck\u00fcmlerine ayk\u0131r\u0131 olarak istisna \u00f6ng\u00f6r\u00fclmesi ve 1993 \u00f6ncesi program\u0131na al\u0131nan yat\u0131r\u0131m ve projeler i\u00e7in yap\u0131lan her Y\u00f6netmelik d\u00fczenlemesinde bu s\u00fcreler korunmak suretiyle projelere hi\u00e7 ba\u015flanmam\u0131\u015f olsa da 18 y\u0131ld\u0131r \u00c7ED s\u00fcreci i\u015fletilmemesinin hukuka ayk\u0131r\u0131l\u0131\u011f\u0131 Dan\u0131\u015ftay karar\u0131 ile tescillenmi\u015ftir. H\u00fck\u00fcmet derhal karar\u0131n gere\u011fini yerine getirmelidir&#8221; denildi.<\/p>\n<p style=\"text-align: justify;\"><strong>PROJELERE KAR\u015eI M\u00dcACADELEYE DEVAM <\/strong><\/p>\n<p style=\"text-align: justify;\">\u00c7ED s\u00fcrecinden ka\u00e7\u0131r\u0131lmaya \u00e7al\u0131\u015f\u0131lan t\u00fcm projelerin takip\u00e7isi olunaca\u011f\u0131n\u0131n belirtildi\u011fi a\u00e7\u0131klamada ayr\u0131ca \u015fu g\u00f6r\u00fc\u015flere yer verildi: &#8220;Mahkeme h\u00fckm\u00fcn\u00fcn uygulanmas\u0131 i\u00e7in \u00c7evre M\u00fchendisleri Odas\u0131 olarak, \u00fclke \u00e7ap\u0131nda t\u00fcm demokratik kitle \u00f6rg\u00fctlerini harekete ge\u00e7irece\u011fiz.Y\u00fcksek Mahkeme h\u00fckm\u00fc uyar\u0131nca Ba\u015fbakanl\u0131k ile \u00c7evre ve Orman Bakanl\u0131\u011f\u0131&#8217;na ba\u015fvuru yap\u0131larak gerekli talimatlar\u0131n verilmesinin takip\u00e7isi olaca\u011f\u0131z. An\u0131lan projeler d\u0131\u015f\u0131nda Hasankeyf&#8217;i sular alt\u0131nda b\u0131rakan Il\u0131su Baraj\u0131, Allianoi&#8217;yi sular alt\u0131nda b\u0131rakan Yortanl\u0131 Baraj\u0131 ile ilgili \u00e7al\u0131\u015fmalar\u0131m\u0131z\u0131 ba\u015fkanl\u0131\u011f\u0131n\u0131 y\u00fcr\u00fctt\u00fc\u011f\u00fcm\u00fcz TMMOB \u00c7evre Komisyonu&#8217;na, oradan da TBMM&#8217;ne ta\u015f\u0131yarak ille de rant anlay\u0131\u015f\u0131n\u0131 ta\u015f\u0131yan ki\u015filerin pe\u015fine d\u00fc\u015fece\u011fiz. Dan\u0131\u015ftay karar\u0131n\u0131 uygulamama giri\u015fimleri kar\u015f\u0131s\u0131nda diren\u00e7 g\u00f6steren kamu g\u00f6revlilerinin ki\u015fisel tazminat ve cezai sorumluluklar\u0131 ile ilgili takibe ba\u015flayaca\u011f\u0131z.\u00dclkemiz \u00e7evre ve k\u00fclt\u00fcrel de\u011ferleri i\u00e7in sava\u015fmaya ve kamu kurumu niteli\u011finde meslek kurulu\u015fu s\u0131fat\u0131 ile kamu yarar\u0131 i\u00e7in ekolojik y\u0131k\u0131ma, \u00e7evre ve halk sa\u011fl\u0131\u011f\u0131 y\u00f6n\u00fcnden kamunun zarar\u0131na olan plan ve projelere kar\u015f\u0131 m\u00fccadelemize y\u0131lmadan devam edece\u011fiz.<\/p>\n<p style=\"text-align: justify;\"><strong>&#8216;BA\u015eBAKANLI\u011eI VE \u0130STANBUL B\u00dcY\u00dcK\u015eEH\u0130R BELED\u0130YES\u0130N\u0130 UYARIYORUZ&#8217; <\/strong><\/p>\n<p style=\"text-align: justify;\">Ba\u015fbakanl\u0131\u011f\u0131, bu karar\u0131 a\u015fmak i\u00e7in daha \u00f6nce Bergama Alt\u0131n Madeni ile ilgili ald\u0131\u011f\u0131 ve Avrupa \u0130nsan Haklar\u0131 Mahkemesi&#8217;nin T\u00fcrkiye&#8217;yi mahkum etti\u011fi gizli Bakanlar Kurulu prensip karar\u0131 gibi uygulamalara kalk\u0131\u015fmamas\u0131 ve Dan\u0131\u015ftay karar\u0131 do\u011frultusunda gerekli talimatlar\u0131 vermesi i\u00e7in uyar\u0131yoruz.\u0130stanbul B\u00fcy\u00fck\u015fehir Belediyesi&#8217;ne kar\u015f\u0131 Odam\u0131z\u0131n davac\u0131 oldu\u011fu 3. K\u00f6pr\u00fc ile ilgili 1\/100 bin ve 1\/25 bin&#8217;lik plan de\u011fi\u015fiklikleri ile ilgili davan\u0131n derhal kabul edilerek plan de\u011fi\u015fikliklerin iptal edilmesi i\u00e7in gere\u011finin yap\u0131lmas\u0131 i\u00e7in uyar\u0131yoruz.&#8221;<\/p>\n<p style=\"text-align: justify;\"><a href=\"http:\/\/www.odatv.com\/n.php?n=basbakan-artik-helikopterden-arazi-secemeyecek-3001111200\" target=\"_blank\"><span style=\"color: #888888;\">Kaynak : Yusuf Yavuz &#8211; Odatv.com<\/span><\/a><\/p>\n","protected":false},"excerpt":{"rendered":"<p style=\"text-align: center;\">\n<p style=\"text-align: justify;\">2008 y\u0131l\u0131nda y\u00fcr\u00fcrl\u00fc\u011fe giren ve 3. Bo\u011faz K\u00f6pr\u00fcs\u00fc, Hasankeyf ve Allianoi gibi projelerde kapsam d\u0131\u015f\u0131 tutulan \u00c7evresel Etki De\u011ferlendirmesi (\u00c7ED) Y\u00f6netmeli\u011fi&#8217;nin ge\u00e7ici 3. Maddesinin y\u00fcr\u00fctmesi Dan\u0131\u015ftay Taraf\u0131ndan durduruldu. 17 Temmuz 2008 tarihinde Resmi Gazete yay\u0131nlanarak y\u00fcr\u00fcrl\u00fc\u011fe giren ancak \u00c7evre M\u00fchendisleri Odas\u0131&#8217;n\u0131n itiraz\u0131 sonucu y\u00fcr\u00fctmesi durdurulan \u00c7ED Y\u00f6netmeli\u011fi&#8217;nin Ge\u00e7ici 3. Maddesi, <\/p>\n","protected":false},"author":1,"featured_media":0,"comment_status":"open","ping_status":"closed","sticky":false,"template":"","format":"standard","meta":{"footnotes":""},"categories":[105],"tags":[],"class_list":["post-27508","post","type-post","status-publish","format-standard","hentry","category-gundem","odd"],"_links":{"self":[{"href":"http:\/\/www.korhanyilmaz.com\/index.php?rest_route=\/wp\/v2\/posts\/27508","targetHints":{"allow":["GET"]}}],"collection":[{"href":"http:\/\/www.korhanyilmaz.com\/index.php?rest_route=\/wp\/v2\/posts"}],"about":[{"href":"http:\/\/www.korhanyilmaz.com\/index.php?rest_route=\/wp\/v2\/types\/post"}],"author":[{"embeddable":true,"href":"http:\/\/www.korhanyilmaz.com\/index.php?rest_route=\/wp\/v2\/users\/1"}],"replies":[{"embeddable":true,"href":"http:\/\/www.korhanyilmaz.com\/index.php?rest_route=%2Fwp%2Fv2%2Fcomments&post=27508"}],"version-history":[{"count":0,"href":"http:\/\/www.korhanyilmaz.com\/index.php?rest_route=\/wp\/v2\/posts\/27508\/revisions"}],"wp:attachment":[{"href":"http:\/\/www.korhanyilmaz.com\/index.php?rest_route=%2Fwp%2Fv2%2Fmedia&parent=27508"}],"wp:term":[{"taxonomy":"category","embeddable":true,"href":"http:\/\/www.korhanyilmaz.com\/index.php?rest_route=%2Fwp%2Fv2%2Fcategories&post=27508"},{"taxonomy":"post_tag","embeddable":true,"href":"http:\/\/www.korhanyilmaz.com\/index.php?rest_route=%2Fwp%2Fv2%2Ftags&post=27508"}],"curies":[{"name":"wp","href":"https:\/\/api.w.org\/{rel}","templated":true}]}}