{"id":27497,"date":"2011-01-30T01:53:50","date_gmt":"2011-01-29T23:53:50","guid":{"rendered":"http:\/\/www.korhanyilmaz.com\/?p=27497"},"modified":"2011-01-30T01:53:50","modified_gmt":"2011-01-29T23:53:50","slug":"cemaat-aklini-esas-almamiz-bekleniyor","status":"publish","type":"post","link":"http:\/\/www.korhanyilmaz.com\/?p=27497","title":{"rendered":"Cemaat akl\u0131n\u0131 esas almam\u0131z bekleniyor&#8230;"},"content":{"rendered":"<p><a href=\"http:\/\/www.korhanyilmaz.com\/wp-content\/uploads\/2011\/01\/0451.jpg\"  class=\"lightview\"><img loading=\"lazy\" decoding=\"async\" class=\"aligncenter size-full wp-image-27498\" src=\"http:\/\/www.korhanyilmaz.com\/wp-content\/uploads\/2011\/01\/0451.jpg\" alt=\"\" width=\"465\" height=\"225\" \/><\/a><\/p>\n<p style=\"text-align: justify;\">18. Adalet ve Demokrasi Haftas\u0131 etkinlikleri b\u00fcnyesinde \u201cBask\u0131n ve Yang\u0131n\u201d ana ba\u015fl\u0131\u011f\u0131 alt\u0131nda bir panel d\u00fczenlendi. Ankara \u00c7a\u011fda\u015f Sanatlar Merkezi\u2019nde, NASIL Dergisi\u2019nin d\u00fczenledi\u011fi, Bas\u0131n ve Hukukun i\u00e7inde bulundu\u011fu durumun anlat\u0131ld\u0131\u011f\u0131 panele kat\u0131lan Oktay Ek\u015fi, \u0130lhan Cihaner ve Av. Turgut Kazan\u2019a, U\u011fur Mumcu\u2019nun ablas\u0131 Beyhan G\u00fcrson te\u015fekk\u00fcr plaketi verdi. <!--more--><\/p>\n<p style=\"text-align: justify;\">Konu\u015fmac\u0131lar\u0131n hepsi s\u00f6zlerine U\u011fur Mumcu ile ge\u00e7mi\u015fte ya\u015fad\u0131klar\u0131 an\u0131lar\u0131 anlatarak ba\u015flad\u0131lar. Salonda duygusal anlar ya\u015fand\u0131, \u00e7ok say\u0131da dinleyici g\u00f6zya\u015flar\u0131n\u0131 tutamad\u0131.<\/p>\n<p style=\"text-align: justify;\">Konu\u015fmac\u0131lar\u0131n birle\u015fti\u011fi ortak nokta ise; U\u011fur Mumcu gibi y\u00fcrekli cesur gazetecilere duyulan \u00f6zlem ve Haziran se\u00e7imlerine kadar hi\u00e7 kimsenin bahaneler ve ele\u015ftiriler getirmeksizin sadece muhalefet partisine destek vermelerinin \u015fart oldu\u011fu noktas\u0131yd\u0131.<\/p>\n<p style=\"text-align: justify;\">\u201cU\u011fur Mumcu\u2019nun \u00f6l\u00fcm\u00fcn\u00fcn \u00fczerinden 17 y\u0131l ge\u00e7mesine ra\u011fmen hala bu topluma hizmet eden bir de\u011fer oldu\u011funa dikkatinizi \u00e7ekmeye geldim\u201d diyen Oktay Ek\u015fi s\u00f6zlerine \u015f\u00f6yle devam etti:<\/p>\n<p style=\"text-align: justify;\">\u201cTekrar d\u00fcnyaya gelsem yine gazeteci olurdum. \u00c7ileke\u015fliktir gazetecilik. May\u0131n tarlas\u0131nda y\u00fcr\u00fcmeye cesaret g\u00f6stermeyecek kimse bu i\u015fe giri\u015fmemeli. Gazetecilik onursuzca yap\u0131ld\u0131\u011f\u0131nda \u00e7ok paralar kazand\u0131r\u0131r, \u00e7ok iyi yerlere gelebilirsiniz ama ger\u00e7ek gazetecilik iyi niyetli, onurlu, d\u00fcr\u00fcst oldu\u011funuz da ve kendinize sayg\u0131n\u0131z\u0131 yitirmedi\u011finizde gazeteciliktir.\u201d<\/p>\n<p style=\"text-align: justify;\"><strong>\u201cABD\u00dcLAZ\u0130Z D\u00d6NEM\u0130N\u0130 TERC\u0130H EDERD\u0130M\u201d <\/strong><\/p>\n<p style=\"text-align: justify;\">Ek\u015fi, bas\u0131n\u0131n ge\u00e7irdi\u011fi badireleri 19.y\u00fczy\u0131l, Sultan Abd\u00fclaziz ve Abd\u00fclhamit zaman\u0131ndan ba\u015flay\u0131p, II Me\u015frutiyet ve 1945 Tan Gazetesi olay\u0131ndan bug\u00fcne kadar bir film \u015feridi gibi g\u00f6zler \u00f6n\u00fcne serdi.<\/p>\n<p style=\"text-align: justify;\">Ek\u015fi \u201c\u015fimdi Abd\u00fclaziz d\u00f6nemi mi, bug\u00fcn m\u00fc diye tercih hakk\u0131 verseler, bug\u00fcnk\u00fc ko\u015fullar\u0131 de\u011fil o g\u00fcnleri tercih ederim. \u00c7\u00fcnk\u00fc bas\u0131n bug\u00fcn hi\u00e7bir d\u00f6nemde kar\u015f\u0131la\u015fmad\u0131\u011f\u0131 kadar ahlak d\u0131\u015f\u0131, dolamba\u00e7l\u0131 bir durumla kar\u015f\u0131 kar\u015f\u0131ya. Demokratik ve hukuk devleti ile ba\u011fda\u015fmayan bir bask\u0131 var\u201d \u015feklinde s\u00fcrd\u00fcrd\u00fc\u011f\u00fc konu\u015fmas\u0131na soruyla devam etti:<\/p>\n<p style=\"text-align: justify;\">\u201cBa\u015fbakan\u0131 k\u0131zd\u0131racak herhangi bir yaz\u0131y\u0131 bir iki gazete veya bir iki s\u00fctun hari\u00e7 herhangi bir yerde g\u00f6r\u00fcyor musunuz? AKP kabinesinin i\u00e7inde bulunan herhangi birinin ailesi veya akrabalar\u0131 hakk\u0131nda bir suiistimallerinin ya da yanl\u0131\u015flar\u0131n\u0131n yaz\u0131ld\u0131\u011f\u0131n\u0131 \u00e7izildi\u011fini g\u00f6r\u00fcyor musunuz?\u201d<\/p>\n<p style=\"text-align: justify;\">Bunun \u00fczerine salonda bulunan kalabal\u0131k dinleyici gurubundan, hayk\u0131r\u0131cas\u0131na g\u00fcr bir \u2018\u2019hay\u0131r\u2019\u2019 cevab\u0131 y\u00fckseldi.<\/p>\n<p style=\"text-align: justify;\">\u201cBuna c\u00fcret eden gazete ve gazetecilerin ak\u0131betlerinin ne oldu\u011funu g\u00f6r\u00fcyor musunuz? Ya kovuluyorlar, ya hapse at\u0131l\u0131yorlar. D\u00fcnyada hi\u00e7bir yerde e\u015fi benzeri g\u00f6r\u00fclmemi\u015f para cezalar\u0131 ile medya patronlar\u0131n\u0131n \u00e7\u00f6kertilmesi kar\u015f\u0131s\u0131nda kimse bas\u0131n\u0131n \u00f6zg\u00fcr oldu\u011funu s\u00f6yleyemez\u201d diyen Ek\u015fi s\u00f6zlerini \u201cSultan Abd\u00fclhamit y\u00f6netiyor olsayd\u0131 bizi \u015fu an ve kar\u015f\u0131s\u0131na \u015fu anki iktidar\u0131 se\u00e7enek olarak \u00e7\u0131karsalar Abd\u00fclhamit\u2019i se\u00e7erdim ve kendimi orada daha \u00f6zg\u00fcr hissederdim\u201d diye noktalad\u0131.<\/p>\n<p style=\"text-align: justify;\">Dinleyicilerin sordu\u011fu \u201cpeki ne yapmal\u0131y\u0131z, bize d\u00fc\u015fen g\u00f6rev nedir?\u201d sorusuna verdi\u011fi cevap halktan b\u00fcy\u00fck destek ve alk\u0131\u015f g\u00f6rd\u00fc:<\/p>\n<p style=\"text-align: justify;\">\u201cT\u00fcrkiye Cumhuriyeti\u2019ni temel de\u011ferlerinden s\u00f6k\u00fcp bir \u0130slam devleti haline getirmek isteyenleri \u00f6nlemek i\u00e7in tam bir seferberlik ruhunu t\u00fcm canl\u0131l\u0131\u011f\u0131 ile ayakta g\u00f6r\u00fcyorum son zamanlarda gitti\u011fim her yerde. Atat\u00fcrk i\u00e7in i\u00e7lerinden ge\u00e7en melaneti a\u00e7\u0131k\u00e7a konu\u015fma cesaretini kendilerinde bulamayan k\u0131y\u0131dan k\u00f6\u015feden ele\u015ftiriler getirenlere 12 Haziran se\u00e7imlerinde Atat\u00fcrk\u2019\u00fcn hakk\u0131n\u0131 veren ku\u015faklar oldu\u011fumuzu g\u00f6stermemiz gerekiyor.<\/p>\n<p style=\"text-align: justify;\">12 Haziran\u2019da inand\u0131\u011f\u0131m\u0131z sevdi\u011fimiz Cumhuriyet\u2019in ya ya\u015famas\u0131n\u0131n gereklili\u011fini ispat edeceksiniz ya da aksi takdirde se\u00e7im sonras\u0131 gelecek d\u00f6nemin \u00e7ok zor, \u00e7ok karanl\u0131k olaca\u011f\u0131n\u0131 bilecek ve bir misyoner gibi hissedip insanlar\u0131 ikna edip anlat\u0131p \u00e7al\u0131\u015fmal\u0131s\u0131n\u0131z.\u201d<\/p>\n<p style=\"text-align: justify;\">K\u0131sa bir konu\u015fma yapan \u0130lhan Cihaner \u201cBas\u0131n ya da Hukuk fark etmez, katliamlar s\u00fcr\u00fcyor. Kur\u015fun, bomba, dara\u011fac\u0131 ile yap\u0131lan katliam\u0131 \u015fimdilerde uydurma yarg\u0131lamalar, gizli tan\u0131klar ve \u00e7\u0131kar\u0131lan yasalarla yap\u0131yorlar\u201d diye ba\u015flad\u0131\u011f\u0131 s\u00f6zlerine \u015f\u00f6yle devam etti:<\/p>\n<p style=\"text-align: justify;\">\u201c\u0130nsan haklar\u0131na sald\u0131r\u0131 ve bas\u0131na sald\u0131r\u0131 e\u015f zamanl\u0131 paralel s\u00fcre\u00e7tir. Anayasa de\u011fi\u015fikli\u011fi s\u00fcreci ile ba\u015flad\u0131, benim yarg\u0131lanmam\u0131n da \u00f6nemli unsurlardan biri oldu\u011fu s\u00fcre\u00e7 t\u00fcm h\u0131z\u0131 ile devam ediyor\u201d<\/p>\n<p style=\"text-align: justify;\"><strong>\u201c\u00c7OK K\u0130RL\u0130 B\u0130R SE\u00c7\u0130M S\u00dcREC\u0130 YA\u015eANDI\u201d <\/strong><\/p>\n<p style=\"text-align: justify;\">Cihaner, Referandum \u00f6ncesi ve sonras\u0131 \u00e7ok kirli bir se\u00e7im s\u00fcreci ya\u015fand\u0131\u011f\u0131na dikkat \u00e7ekerek \u201cYasalarla \u00f6zg\u00fcrl\u00fck getirilece\u011fi s\u00f6ylendi tam tersi oldu. HSYK bakanl\u0131\u011f\u0131n b\u00fcrosu haline getirildi. Ge\u00e7mi\u015fteki hukuksuzluklarla, darbelerle m\u00fccadele edilecek denildi, tam tersi oldu. Yeni ve keyfi yasalarla ba\u011f\u0131ms\u0131z yarg\u0131 yok edilmeye \u00e7al\u0131\u015f\u0131l\u0131yor\u201d dedi.<\/p>\n<p style=\"text-align: justify;\">\u0130lhan Cihaner, \u201cYarg\u0131 prati\u011fimiz, yarg\u0131 k\u00fclt\u00fcr\u00fcm\u00fcz zaten s\u0131k\u0131nt\u0131l\u0131yd\u0131, faili me\u00e7hul cinayetlere ve uzay\u0131p giden davalara bak\u0131n, anlars\u0131n\u0131z ama \u015fu anki \u00e7\u0131kar\u0131lan yeni yasalarla b\u00f6yle bir \u00e7\u00f6z\u00fcm olana\u011f\u0131n\u0131n hi\u00e7 kalmayaca\u011f\u0131 bir d\u00fczene do\u011fru gidiyoruz. B\u00fcy\u00fck tuzaklar kuruluyor \u015fuan\u201d diyerek dinleyicileri uyard\u0131.<\/p>\n<p style=\"text-align: justify;\">Cihaner\u2019in \u201c\u00d6nce kendileri \u00e7al\u0131\u015fmaz hale getiriyorlar, sonra \u00e7al\u0131\u015fm\u0131yor diyorlar.<\/p>\n<p style=\"text-align: justify;\">Yarg\u0131n\u0131n devlet akl\u0131n\u0131 esas alarak geli\u015ftirdi\u011fi pratik yarg\u0131lama art\u0131k be\u011fenilmiyor<\/p>\n<p style=\"text-align: justify;\">i\u015fe yaram\u0131yor, cemaat akl\u0131n\u0131 esas almam\u0131z bekleniyor san\u0131r\u0131m\u201d diyerek bitirdi\u011fi konu\u015fmas\u0131 dakikalarca ayakta alk\u0131\u015fland\u0131.<\/p>\n<p style=\"text-align: justify;\">Av. Turgut Kazan \u201cAma\u00e7 yas tutmak de\u011fil. U\u011fur\u2019un \u00f6l\u00fcm y\u0131ld\u00f6n\u00fcm\u00fc tabii ki onu anlataca\u011f\u0131z da, \u015fimdi bu karanl\u0131ktan \u00e7\u0131kmak i\u00e7in biz ne yapaca\u011f\u0131z, \u00f6nemli olan bu\u201d diyerek ba\u015flad\u0131\u011f\u0131 konu\u015fmas\u0131na \u015f\u00f6yle devam etti:<\/p>\n<p style=\"text-align: justify;\">\u201cGen\u00e7 ve unutkan bir toplumuz. Birileri duru\u015fmalar\u0131 izlerdi, birileri Kenan Evren\u2019i evinde a\u011f\u0131rlayacak kadar sapm\u0131\u015ft\u0131 bir zamanlar. Onlar simdi demokrat! O d\u00f6nemde bunlar yazamazlard\u0131, takkeci deyince titrerlerdi insanlar ama U\u011fur Mumcu onlar\u0131 yazard\u0131, anlat\u0131rd\u0131, onlar\u0131n pisliklerini o kadar ortal\u0131\u011fa d\u00f6kt\u00fc ki o y\u00fczden susturdular. Yasaklar\u0131 savunan \u00d6zal demokrat, bunlarla ba\u015f etmeye \u00e7al\u0131\u015fan U\u011fur \u015fehit\u2026<\/p>\n<p style=\"text-align: justify;\"><strong>BU TAM B\u0130R FA\u015e\u0130ZMD\u0130R <\/strong><\/p>\n<p style=\"text-align: justify;\">Benim valim, benim memurum, benim polisim yetmedi \u015fimdi benim yarg\u0131c\u0131m diyorlar. E\u011filip b\u00fck\u00fclmeye, yumu\u015fak s\u00f6ylemeye gerek yok bu tam bir fa\u015fizmdir.<\/p>\n<p style=\"text-align: justify;\">Yarg\u0131tay ile Dan\u0131\u015ftay\u2019\u0131 bir an \u00f6nce ele ge\u00e7irmek istediklerini art\u0131k net bi\u00e7imde g\u00f6r\u00fcyoruz. Bunun i\u00e7indir ki son g\u00fcnlerde \u015fak diye haz\u0131r tasar\u0131lar\u0131 \u00f6n\u00fcm\u00fcze koyuyorlar\u201d<\/p>\n<p style=\"text-align: justify;\">Hizbullah tahliyeleri hakk\u0131nda sorulan dinleyici sorusuna \u00e7arp\u0131c\u0131 bir cevap veren Kazan;<\/p>\n<p style=\"text-align: justify;\">\u201cO tahliye olanlar\u0131n deste\u011fine ve onlar\u0131n oylar\u0131na \u00f6nem verdiklerini d\u00fc\u015f\u00fcn\u00fcyorum. As\u0131l ideolojik aray\u0131\u015f kendilerinde.<\/p>\n<p style=\"text-align: justify;\">Her biriniz birer nefer gibi \u00e7al\u0131\u015farak bu karanl\u0131k durumu insanlara anlatarak bilin\u00e7 geli\u015ftirmelisiniz. Se\u00e7imlere kadar birlik, dayan\u0131\u015fma, \u00f6rg\u00fct, umut, heyecan m\u00fccadele ate\u015fimizi asla s\u00f6nd\u00fcrmemeliyiz\u201d dedi.<\/p>\n<p style=\"text-align: justify;\"><a href=\"http:\/\/www.odatv.com\/n.php?n=cemaat-aklini-esas-almamiz-bekleniyor-3001111200\" target=\"_blank\"><span style=\"color: #888888;\">Kaynak : A. \u0130klim Bayraktar &#8211; Odatv.com<\/span><\/a><\/p>\n<p style=\"text-align: justify;\"><span style=\"color: #888888;\"><br \/>\n<\/span><\/p>\n","protected":false},"excerpt":{"rendered":"<\/p>\n<p style=\"text-align: justify;\">18. Adalet ve Demokrasi Haftas\u0131 etkinlikleri b\u00fcnyesinde \u201cBask\u0131n ve Yang\u0131n\u201d ana ba\u015fl\u0131\u011f\u0131 alt\u0131nda bir panel d\u00fczenlendi. Ankara \u00c7a\u011fda\u015f Sanatlar Merkezi\u2019nde, NASIL Dergisi\u2019nin d\u00fczenledi\u011fi, Bas\u0131n ve Hukukun i\u00e7inde bulundu\u011fu durumun anlat\u0131ld\u0131\u011f\u0131 panele kat\u0131lan Oktay Ek\u015fi, \u0130lhan Cihaner ve Av. Turgut Kazan\u2019a, U\u011fur Mumcu\u2019nun ablas\u0131 Beyhan G\u00fcrson te\u015fekk\u00fcr plaketi verdi. <\/p>\n","protected":false},"author":1,"featured_media":0,"comment_status":"open","ping_status":"closed","sticky":false,"template":"","format":"standard","meta":{"footnotes":""},"categories":[105],"tags":[],"class_list":["post-27497","post","type-post","status-publish","format-standard","hentry","category-gundem","odd"],"_links":{"self":[{"href":"http:\/\/www.korhanyilmaz.com\/index.php?rest_route=\/wp\/v2\/posts\/27497","targetHints":{"allow":["GET"]}}],"collection":[{"href":"http:\/\/www.korhanyilmaz.com\/index.php?rest_route=\/wp\/v2\/posts"}],"about":[{"href":"http:\/\/www.korhanyilmaz.com\/index.php?rest_route=\/wp\/v2\/types\/post"}],"author":[{"embeddable":true,"href":"http:\/\/www.korhanyilmaz.com\/index.php?rest_route=\/wp\/v2\/users\/1"}],"replies":[{"embeddable":true,"href":"http:\/\/www.korhanyilmaz.com\/index.php?rest_route=%2Fwp%2Fv2%2Fcomments&post=27497"}],"version-history":[{"count":0,"href":"http:\/\/www.korhanyilmaz.com\/index.php?rest_route=\/wp\/v2\/posts\/27497\/revisions"}],"wp:attachment":[{"href":"http:\/\/www.korhanyilmaz.com\/index.php?rest_route=%2Fwp%2Fv2%2Fmedia&parent=27497"}],"wp:term":[{"taxonomy":"category","embeddable":true,"href":"http:\/\/www.korhanyilmaz.com\/index.php?rest_route=%2Fwp%2Fv2%2Fcategories&post=27497"},{"taxonomy":"post_tag","embeddable":true,"href":"http:\/\/www.korhanyilmaz.com\/index.php?rest_route=%2Fwp%2Fv2%2Ftags&post=27497"}],"curies":[{"name":"wp","href":"https:\/\/api.w.org\/{rel}","templated":true}]}}