{"id":27493,"date":"2011-01-29T12:16:12","date_gmt":"2011-01-29T10:16:12","guid":{"rendered":"http:\/\/www.korhanyilmaz.com\/?p=27493"},"modified":"2011-01-29T12:16:12","modified_gmt":"2011-01-29T10:16:12","slug":"kilicdaroglu-hizbullah-iddiasinda-israrli","status":"publish","type":"post","link":"http:\/\/www.korhanyilmaz.com\/?p=27493","title":{"rendered":"K\u0131l\u0131\u00e7daro\u011flu Hizbullah iddias\u0131nda \u0131srarl\u0131"},"content":{"rendered":"<p style=\"text-align: center;\"><a href=\"http:\/\/www.korhanyilmaz.com\/wp-content\/uploads\/2011\/01\/0441.jpg\"  class=\"lightview\"><img loading=\"lazy\" decoding=\"async\" class=\"aligncenter size-full wp-image-27494\" title=\"044\" src=\"http:\/\/www.korhanyilmaz.com\/wp-content\/uploads\/2011\/01\/0441.jpg\" alt=\"\" width=\"420\" height=\"210\" \/><\/a><\/p>\n<p style=\"text-align: justify;\">AK Parti ile Hizbullah aras\u0131ndaki ili\u015fki iddialar\u0131n\u0131 da yineleyen CHP Genel Ba\u015fkan\u0131 Kemal K\u0131l\u0131\u00e7daro\u011flu, ellerinde bu konuda bir ses kayd\u0131 bulundu\u011funu s\u00f6yledi. K\u0131l\u0131\u00e7daro\u011flu, \u201cAKP\u2019li il, il\u00e7e ba\u015fkanlar\u0131yla ilgili ses kay\u0131tlar\u0131 var. Bunlar yasal olarak kaydedilmedi\u011fi i\u00e7in yay\u0131nlam\u0131yoruz. Ama Ba\u015fbakan isterse ona g\u00f6nderebiliriz. Zaten iki milletvekili o derneklere gittiklerini a\u00e7\u0131klad\u0131lar. <!--more-->Eni \u00f6nemli delil budur\u201d dedi. K\u0131l\u0131\u00e7daro\u011flu, d\u00fcn Ordu\u2019ya giderken yine ayn\u0131 konuyla ilgili gazetecilerin sorular\u0131n\u0131 yan\u0131tlad\u0131. K\u0131\u0131l\u00e7daro\u011flu, soru \u00fczerine, \u201cMustazaf Der\u2019le Hizbullah aras\u0131ndaki organik ba\u011f\u0131 ispatlayan nitelikte bir yarg\u0131 karar\u0131 var. O yarg\u0131 karar\u0131n\u0131 Say\u0131n Ba\u015fbakan\u0131n al\u0131p okumas\u0131n\u0131 isterim. Ve sonrada milletvekillerini \u00e7a\u011f\u0131r\u0131p Hizbullah\u2019 la nas\u0131l ve hangi gerek\u00e7e ile i\u015fbirli\u011fi yapt\u0131klar\u0131n\u0131 da sormas\u0131n\u0131 isterim\u201d dedi.<\/p>\n<p style=\"text-align: justify;\"><strong>SES KAYDINDA NE VAR? <\/strong><\/p>\n<p style=\"text-align: justify;\">K\u0131l\u0131\u00e7daro\u011flu\u2019nun s\u00f6zleri, siyasi kulislerde merak konusu oldu. CHP\u2019nin elindeki ses kayd\u0131yla ilgili de \u00e7e\u015fitli iddialar ortaya at\u0131ld\u0131. \u0130ddiaya g\u00f6re, bir Ak Partili milletvekili, telefon konu\u015fmas\u0131nda \u201cHizbullah\u2019\u0131n deste\u011fi olmasa se\u00e7ilemezdim, onlar\u0131n deste\u011fi sayesinde se\u00e7ildim\u201d mesaj\u0131 i\u00e7eren ifadeler kullan\u0131yor. Bu ses kayd\u0131n\u0131n yasa d\u0131\u015f\u0131 yollarla elde edilmi\u015f olabilece\u011fi gerek\u00e7esiyle CHP kamuoyuna a\u00e7\u0131klamay\u0131 uygun bulmad\u0131\u011f\u0131, bu nedenle K\u0131l\u0131\u00e7daro\u011flu\u2019nun Ba\u015fbakan\u2019a g\u00f6ndermeyi tercih etti\u011fi konu\u015fuluyor.<\/p>\n<p style=\"text-align: justify;\"><strong>K\u0131l\u0131\u00e7daro\u011flu\u2019nun \u2018Ba\u015fbakan okusun\u2019 dedi\u011fi yarg\u0131 karar\u0131 <\/strong><\/p>\n<p style=\"text-align: justify;\">K\u0131l\u0131\u00e7daro\u011flu\u2019nun dikkat \u00e7ekti\u011fi \u201cMustazaf-Der\u2019in Hizbullah\u2019la ba\u011flant\u0131s\u0131na ili\u015fkin yarg\u0131 karar\u0131\u201d 24 Nisan 2007 tarihli. Hizbullah davas\u0131ndan 10 y\u0131l h\u00fck\u00fcm giyen Mehmet K., karde\u015fi Mustazaf-Der \u00fcyesi Mehmet T., Mardin\u2019de \u015e.\u00c7.\u2019yi gasp ettikleri ve sigara ka\u00e7ak\u00e7\u0131l\u0131\u011f\u0131 iddias\u0131yla Adana\u2019da yakaland\u0131. Davan\u0131n iddianamesini haz\u0131rlayan Adana Savc\u0131l\u0131\u011f\u0131, g\u00f6zalt\u0131na al\u0131nan ki\u015filerin ka\u00e7ak sigaralar\u0131, derne\u011fin Konya \u015fubesinde depolad\u0131klar\u0131n\u0131 ve derne\u011fe maddi destek sa\u011flad\u0131klar\u0131n\u0131 tespit etti. Adana Ba\u015fsavc\u0131l\u0131\u011f\u0131\u2019n\u0131n ba\u015fvurusu \u00fczerine Diyarbak\u0131r Cumhuriyet Ba\u015fsavc\u0131l\u0131\u011f\u0131, Asliye Hukuk Mahkemesi\u2019ne kapatma davas\u0131 a\u00e7t\u0131. Mahkeme, 9 \u015eubat 2010\u2019da verdi\u011fi karar\u0131nda, Mustazaf-Der\u2019in fesh edilmesini kararla\u015ft\u0131rd\u0131. Mahkemenin gerek\u00e7eli karar\u0131nda, \u015f\u00f6yle denildi: \u201cDerne\u011fin, dernek t\u00fcz\u00fckleri belirtilen ama\u00e7 d\u0131\u015f\u0131nda, mevcut anayasal d\u00fczeni y\u0131karak \u015ferri\u2019 esaslara dayal\u0131 teokratik bir devlet kurmay\u0131 ama\u00e7layan yasad\u0131\u015f\u0131 Hizbullah ter\u00f6r \u00f6rg\u00fct\u00fcn\u00fcn amac\u0131 do\u011frultusunda faaliyetlerde bulundu\u011fu, daval\u0131 derne\u011fin yasalarla ve uluslararas\u0131 s\u00f6zle\u015fmelerle h\u00fck\u00fcm alt\u0131na al\u0131nan dernek kurma \u00f6zg\u00fcrl\u00fc\u011f\u00fcn\u00fc, insan haklar\u0131na dayanan demokratik ve laik cumhuriyeti ortadan kald\u0131rmay\u0131 ama\u00e7layan faaliyetler bi\u00e7iminde kulland\u0131\u011f\u0131, b\u00f6ylelikle amac\u0131n kanuna ayk\u0131r\u0131 hale geldi\u011fi anla\u015f\u0131lmakla s\u00f6z konusu derne\u011fin T\u00fcrk Medeni Kanunun, 89\u2019uncu maddesi uyar\u0131nca feshine karar vermek gerekmi\u015ftir.\u201d<\/p>\n<p style=\"text-align: justify;\"><a href=\"http:\/\/haber.gazetevatan.com\/kilicdaroglu-hizbullah-iddiasinda-israrli\/355911\/1\/Gundem\" target=\"_blank\"><span style=\"color: #888888;\">Kaynak : VATAN<\/span><\/a><\/p>\n","protected":false},"excerpt":{"rendered":"<p style=\"text-align: center;\">\n<p style=\"text-align: justify;\">AK Parti ile Hizbullah aras\u0131ndaki ili\u015fki iddialar\u0131n\u0131 da yineleyen CHP Genel Ba\u015fkan\u0131 Kemal K\u0131l\u0131\u00e7daro\u011flu, ellerinde bu konuda bir ses kayd\u0131 bulundu\u011funu s\u00f6yledi. K\u0131l\u0131\u00e7daro\u011flu, \u201cAKP\u2019li il, il\u00e7e ba\u015fkanlar\u0131yla ilgili ses kay\u0131tlar\u0131 var. Bunlar yasal olarak kaydedilmedi\u011fi i\u00e7in yay\u0131nlam\u0131yoruz. Ama Ba\u015fbakan isterse ona g\u00f6nderebiliriz. Zaten iki milletvekili o derneklere gittiklerini a\u00e7\u0131klad\u0131lar. <\/p>\n","protected":false},"author":1,"featured_media":0,"comment_status":"open","ping_status":"closed","sticky":false,"template":"","format":"standard","meta":{"footnotes":""},"categories":[105],"tags":[],"class_list":["post-27493","post","type-post","status-publish","format-standard","hentry","category-gundem","odd"],"_links":{"self":[{"href":"http:\/\/www.korhanyilmaz.com\/index.php?rest_route=\/wp\/v2\/posts\/27493","targetHints":{"allow":["GET"]}}],"collection":[{"href":"http:\/\/www.korhanyilmaz.com\/index.php?rest_route=\/wp\/v2\/posts"}],"about":[{"href":"http:\/\/www.korhanyilmaz.com\/index.php?rest_route=\/wp\/v2\/types\/post"}],"author":[{"embeddable":true,"href":"http:\/\/www.korhanyilmaz.com\/index.php?rest_route=\/wp\/v2\/users\/1"}],"replies":[{"embeddable":true,"href":"http:\/\/www.korhanyilmaz.com\/index.php?rest_route=%2Fwp%2Fv2%2Fcomments&post=27493"}],"version-history":[{"count":0,"href":"http:\/\/www.korhanyilmaz.com\/index.php?rest_route=\/wp\/v2\/posts\/27493\/revisions"}],"wp:attachment":[{"href":"http:\/\/www.korhanyilmaz.com\/index.php?rest_route=%2Fwp%2Fv2%2Fmedia&parent=27493"}],"wp:term":[{"taxonomy":"category","embeddable":true,"href":"http:\/\/www.korhanyilmaz.com\/index.php?rest_route=%2Fwp%2Fv2%2Fcategories&post=27493"},{"taxonomy":"post_tag","embeddable":true,"href":"http:\/\/www.korhanyilmaz.com\/index.php?rest_route=%2Fwp%2Fv2%2Ftags&post=27493"}],"curies":[{"name":"wp","href":"https:\/\/api.w.org\/{rel}","templated":true}]}}