{"id":27484,"date":"2011-01-28T21:20:08","date_gmt":"2011-01-28T19:20:08","guid":{"rendered":"http:\/\/www.korhanyilmaz.com\/?p=27484"},"modified":"2011-01-28T21:20:08","modified_gmt":"2011-01-28T19:20:08","slug":"%e2%80%98islik-calan-40-bin-kisiden-biriyim%e2%80%99","status":"publish","type":"post","link":"http:\/\/www.korhanyilmaz.com\/?p=27484","title":{"rendered":"\u2018Isl\u0131k \u00e7alan 40 bin ki\u015fiden biriyim\u2019"},"content":{"rendered":"<p style=\"text-align: justify;\"><a href=\"http:\/\/www.korhanyilmaz.com\/wp-content\/uploads\/2011\/01\/0411.jpg\"  class=\"lightview\"><img loading=\"lazy\" decoding=\"async\" class=\"aligncenter size-full wp-image-27485\" src=\"http:\/\/www.korhanyilmaz.com\/wp-content\/uploads\/2011\/01\/0411.jpg\" alt=\"\" width=\"259\" height=\"194\" \/><\/a>CHP Genel Ba\u015fkan Yard\u0131mc\u0131s\u0131 S\u00fcheyl Batum, VATAN\u2019a konu\u015ftu.<\/p>\n<p style=\"text-align: justify;\">&#8220;Olayl\u0131 stat a\u00e7\u0131l\u0131\u015f\u0131na kat\u0131ld\u0131m. T\u00fcrkiye\u2019de birilerinin \u2018Kral \u00e7\u0131plak\u2019 demesi gerekiyor. 40 bin ki\u015finin biri benim. Ka\u00e7\u0131r\u0131ncaya kadar u\u011fra\u015faca\u011f\u0131z. Bana daha \u00f6nce \u2018Ergenekoncu\u2019 deniliyordu, \u015fimdi provokat\u00f6r deniliyor&#8230;&#8221; <!--more--><\/p>\n<p style=\"text-align: justify;\">ANKARA &#8211; Haftan\u0131n en \u00e7ok konu\u015fulan isimlerinden CHP Genel Ba\u015fkan Yard\u0131mc\u0131s\u0131 S\u00fcheyl Batum, olayl\u0131 stat a\u00e7\u0131l\u0131\u015f\u0131na da kat\u0131ld\u0131. T\u00fcrkiye\u2019de birilerinin \u201cKral \u00e7\u0131plak\u201d demesi gerekti\u011fini belirten Batum, \u201cSen \u00e7\u0131plaks\u0131n diyorum. 40 bin ki\u015fi yuhalad\u0131, ka\u00e7t\u0131n. 40 binin bir tanesi benim. Ka\u00e7\u0131r\u0131ncaya kadar u\u011fra\u015faca\u011f\u0131z\u201d ifadesini kulland\u0131.<\/p>\n<p style=\"text-align: justify;\"><strong>Galasataray Stad\u0131\u2019n\u0131n a\u00e7\u0131l\u0131\u015f\u0131na siz de gittiniz de\u011fil mi? <\/strong><\/p>\n<p style=\"text-align: justify;\">Gittim. Bu iktidar i\u015fadam\u0131n\u0131 korkutuyor. Ayn\u0131s\u0131n\u0131 G.Saray\u2019a yapt\u0131lar. O kadar inanm\u0131\u015f ki Ba\u015fbakan. Yan\u0131ndakiler, \u2018B\u00f6yledir say\u0131n Ba\u015fbakan\u0131m\u2019 diyor, o da inan\u0131yor. \u00c7\u0131k\u0131p, \u201cSize 600 ka\u011f\u0131t verdim, yol yapt\u0131m\u201d diyor. Hi\u00e7bir ba\u015fbakandan duydunuz mu, \u2018Benim yolumdan gidiyorsunuz. \u015eu kadar para verdim\u2019 diyen? 40 bin ki\u015fi oraya ma\u00e7 izleyeme gelmi\u015fti. TOK\u0130 Ba\u015fkan\u0131, \u2018acz i\u00e7indeydiniz\u2019 deyince millet ayakland\u0131. Bu g\u00f6steriyor ki, hayal d\u00fcnyalar\u0131 bo\u015f.<\/p>\n<p style=\"text-align: justify;\"><strong>Provokasyon oldu\u011funa inan\u0131yor musunuz? <\/strong><\/p>\n<p style=\"text-align: justify;\">Hi\u00e7 inanm\u0131yorum. Diktat\u00f6rl\u00fcklerde olur bu da. \u2018Atar\u0131m kula\u011f\u0131ndan\u2019 dedi\u011finde bakanlardan biri, \u2018Sen kimi at\u0131yorsun. Sen ba\u015fbakansan ben de bakan\u0131m\u2019 dese o d\u00fcnya g\u00fcmb\u00fcr g\u00fcmb\u00fcr y\u0131k\u0131laca\u011f\u0131 i\u00e7in \u2018provokat\u00f6r\u2019 derler.<\/p>\n<p style=\"text-align: justify;\"><strong>\u00d6yle bir Bakan olabilir mi? <\/strong><\/p>\n<p style=\"text-align: justify;\">Hay\u0131r yok. B\u00fct\u00fcn rejimler kendi mant\u0131\u011f\u0131n\u0131 yerle\u015ftirir. 10 y\u0131ld\u0131r, \u2018Erdo\u011fan\u2019a kar\u015f\u0131 \u00e7\u0131kmay\u0131n. Ge\u00e7mi\u015fle, askerle y\u00fczle\u015fecek, ileri demokrasiye ge\u00e7ecek\u2019 deniyor. Cumhuriyet de gelirken eskiyi k\u00f6t\u00fcledi. \u2018B\u00fct\u00fcn padi\u015fahlar k\u00f6t\u00fc, cumhuriyet iyi\u2019 dedi. Do\u011fald\u0131r bu. \u015eimdi Erdo\u011fan rejimini getirirken, \u00f6nceki k\u00f6t\u00fc diyorlar. Ergenekoncusun diyorlard\u0131, provokat\u00f6r denmeye ba\u015flad\u0131. 10 gen\u00e7 bir araya gelince \u2018Ucunda ter\u00f6r \u00f6rg\u00fctleri var\u2019 dedi. O liberallerden biri de, \u2018Kim abi bu \u00f6rg\u00fct. M\u0130T, polis senin emrinde?\u2019 diye sormuyor.<\/p>\n<p style=\"text-align: justify;\"><strong>Sadece TOK\u0130 ba\u015fkan\u0131na tepki miydi \u0131sl\u0131klamak? <\/strong><\/p>\n<p style=\"text-align: justify;\">O g\u00fcn bana g\u00f6re T\u00fcrkiye\u2019nin tarihinde \u00f6nemli bir g\u00fcnd\u00fcr. 30 bin ki\u015fi \u0131sl\u0131klad\u0131\u011f\u0131nda totaliter rejimi yerle\u015ftirmek isteyenlerin p\u0131l\u0131s\u0131n\u0131 p\u0131rt\u0131s\u0131n\u0131 toplay\u0131p ka\u00e7t\u0131\u011f\u0131n\u0131n g\u00f6r\u00fcnt\u00fcs\u00fcd\u00fcr. 300 ki\u015fi bunu yaparsa d\u00fcnyan\u0131n her yerinde d\u00f6verler. 30 ki\u015fi yaparsa polis \u00fcstteyken \u2018\u00d6\u011frenci polis d\u00f6v\u00fcyor\u2019 derler. Ama 30 bin ki\u015fi yaparsa p\u0131l\u0131lar\u0131n\u0131 p\u0131rt\u0131lar\u0131n\u0131 toplay\u0131p ka\u00e7arlar.<\/p>\n<p style=\"text-align: justify;\"><strong>Size \u2018Ergenekoncu\u2019 dendi\u011finde rahats\u0131z oluyor musunuz? <\/strong><\/p>\n<p style=\"text-align: justify;\">Hi\u00e7 olmuyorum. \u0130lk ba\u015flarda oldum. Susurluk\u2019ta \u00e7ocuklar\u0131mla \u0131\u015f\u0131klar\u0131 yak\u0131p s\u00f6nd\u00fcren, tencere \u00e7alanlardan biriydim. Hayat\u0131mda haks\u0131zl\u0131\u011f\u0131n arkas\u0131nda olmad\u0131m. \u00dcniversite kurarken \u015eahin Alpay\u2019\u0131, Mehmet Altan\u2019\u0131 al\u0131n diye \u00f6neren benim. \u00c7\u00fcnk\u00fc onlara haks\u0131zl\u0131k yap\u0131ld\u0131\u011f\u0131n\u0131 d\u00fc\u015f\u00fcn\u00fcyordum. Ama bug\u00fcn e\u011fitim g\u00f6rm\u00fc\u015f bir insan\u0131n bug\u00fcn g\u00f6r\u00fclen haks\u0131zl\u0131klar\u0131n tamam\u0131n\u0131 g\u00f6rmezden gelerek \u2018Ba\u015fbakan\u0131m\u0131z yap\u0131yor\u2019 demesini kabul etmiyorum.<\/p>\n<p style=\"text-align: justify;\"><strong>Dava a\u00e7t\u0131\u011f\u0131n\u0131z\u0131 da biliyorum <\/strong><\/p>\n<p style=\"text-align: justify;\">Gerekirse dava a\u00e7\u0131yorum. Mehmet Metiner\u2019e, \u015eamil Tayyar\u2019a a\u00e7t\u0131m. \u00c7\u00fcnk\u00fc bas\u0131n olarak kabul etmiyorum.<\/p>\n<p style=\"text-align: justify;\"><strong>K\u00fcrt realitesi yok say\u0131lamaz <\/strong><\/p>\n<p style=\"text-align: justify;\"><strong>\u0130mral\u0131\u2019ya ev hapsi olur mu? <\/strong><\/p>\n<p style=\"text-align: justify;\">\u015eu a\u015famada herhalde m\u00fcmk\u00fcn de\u011fil. T\u00fcrkiye\u2019de iki taraf\u0131n kay\u0131plar\u0131 da \u00e7ok taze. K\u00fcrt sorununu \u2018\u00e7\u00f6z\u00fclebilir\u2019 diye d\u00fc\u015f\u00fcn\u00fcyorum. T\u00fcrk ve K\u00fcrt vatanda\u015flar\u0131m\u0131z\u0131n, birbirlerini \u00e7ok irite edecek, rahats\u0131z, huzursuz edecek s\u00f6ylemlerden ka\u00e7\u0131nmalar\u0131 gerekir. Mesela, \u2018Mu\u011flal\u0131 ad\u0131 verdiniz\u2019 diyoruz ama tersi de \u00f6nemli. \u201c\u00d6calan b\u0131rak\u0131ls\u0131n\u201d diyenler var. Bu da bir taraf\u0131 huzursuz ediyor. T\u00fcrkiye gibi ter\u00f6r\u00fcn bu kadar kanl\u0131 oldu\u011fu ve uzun s\u00fcrd\u00fc\u011f\u00fc bir \u00fclkede AKP iktidara gelene kadar \u00e7ok yo\u011fun de\u011fildi. PKK ve K\u00fcrtler vard\u0131.<\/p>\n<p style=\"text-align: justify;\"><strong>Durum pek \u00f6yle g\u00f6r\u00fcnm\u00fcyor&#8230;<\/strong><\/p>\n<p style=\"text-align: justify;\">Bizlerin hatas\u0131 yok muydu? K\u00fcrt varl\u0131\u011f\u0131n\u0131 hakikaten tan\u0131m\u0131yorduk. Anadilini konu\u015fmas\u0131 yasakt\u0131. 2002 y\u0131l\u0131nda bir rapor haz\u0131rlad\u0131m ve anayasa de\u011fi\u015fmeli, televizyonlarda konu\u015fma hakk\u0131 verilmeli dedim. Buna bug\u00fcn de inan\u0131yorum ama art\u0131k ilk \u015fey birbirini rahats\u0131z edecek \u015feyleri s\u00f6ylememektir. \u00d6calan\u2019\u0131n eve \u00e7\u0131kmas\u0131 insanlarda huzursuzluk yarat\u0131r. Hala idam edilsin diyenler var. Asl\u0131nda T\u00fcrkiye bunlar\u0131 \u00e7\u00f6zebilecek bir \u00fclke oldu\u011funu g\u00f6stermi\u015ftir. Apo yakaland\u0131\u011f\u0131nda partiler \u2018K\u00fcrt realitesini tan\u0131mal\u0131y\u0131z\u2019 diyordu. 2001\u2019de K\u00fcrt\u00e7e konu\u015fma yasa\u011f\u0131, sonra OHAL kald\u0131r\u0131ld\u0131. Daha ortada AKP yoktu.<\/p>\n<p style=\"text-align: justify;\"><strong>MHP\u2019ye hak veriyorum <\/strong><\/p>\n<p style=\"text-align: justify;\"><strong>\u00c7\u00f6z\u00fclebilir diyorsunuz ama Bah\u00e7eli \u201cAKP, CHP ve PKK\u2019n\u0131n ayn\u0131 \u00e7izgide olaca\u011f\u0131 g\u00f6r\u00fcn\u00fcyor\u201d dedi&#8230; <\/strong><\/p>\n<p style=\"text-align: justify;\">MHP\u2019ye hak veriyorum. \u015eundan dolay\u0131: MHP ya\u015fam m\u00fccadelesi veriyor ve vermesi laz\u0131m. \u00c7\u00fcnk\u00fc dost m\u00fcttefik \u00fclkelerin ve AKP\u2019nin tek plan\u0131 var: MHP\u2019yi baraj alt\u0131nda b\u0131rakmak. Referandum s\u00fcrecinin ilk bir ay\u0131nda Erdo\u011fan, \u2018Kad\u0131nlar, i\u015f\u00e7iler size hak getirdim\u2019 diyordu. ABD ile \u00e7ok yak\u0131n ili\u015fkileri olan baz\u0131 liberaller ona, \u2018Sen kaybettin. b\u00f6yle olmaz\u2019 dediler. G\u00fczel bir \u015fey \u00f6nerdiler: MHP\u2019yi anmak zorundas\u0131n, 12 Eyl\u00fcl\u2019e oyna. Ba\u015fbakan da kendisine verilen mektuplar\u0131 okudu ve kendisine s\u00f6ylendi\u011fi \u015fekilde a\u011flad\u0131. O g\u00fcn MHP\u2019yi \u00e7\u00f6zd\u00fcklerini g\u00f6rd\u00fcler.<\/p>\n<p style=\"text-align: justify;\"><strong>Fatura CHP ve askere&#8230; <\/strong><\/p>\n<p style=\"text-align: justify;\"><strong>\u0130ktidar partisini ele\u015ftiriyorsunuz ama y\u00fczdeler pek \u00f6yle g\u00f6stermiyor <\/strong><\/p>\n<p style=\"text-align: justify;\">G\u00f6sterecek. Bak\u0131n, Ba\u015fbakan \u00e7\u0131k\u0131p \u2018Oturun ulan\u2019 deyince herkes oturuyor. Buna parti diyoruz. Komedi. Ba\u015fbakan yanl\u0131\u015f harita g\u00f6steriyor, alk\u0131\u015fl\u0131yorlar. Buna parti diyoruz. 340 milletekilli AKP, 1 Mart tezkeresini \u00e7\u0131kartamad\u0131. ABD bundan iki ki\u015fiyi sorumlu tuttu. Zaten ondan sonra iflah\u0131n\u0131 kesti. Bir CHP, iki Asker. Ondan sonra b\u00fct\u00fcn bu numaralar ba\u015flad\u0131.<\/p>\n<p style=\"text-align: justify;\"><strong>\u2018HAYATIMDA B\u0130R G\u00dcN B\u0130LE MERKEZ SA\u011eCI OLMADIM&#8230;\u2019 <\/strong><\/p>\n<p style=\"text-align: justify;\">S\u00dcHEYL Batum, \u201cDP\u2019ye genel ba\u015fkan olacakt\u0131, ama birden CHP\u2019ye ge\u00e7ti\u201d ele\u015ftirileri i\u00e7in \u015funlar\u0131 s\u00f6yledi:<\/p>\n<p style=\"text-align: justify;\">\u201cBen hayat\u0131mda hi\u00e7bir g\u00fcn merkez sa\u011fc\u0131 olmad\u0131m. 2008\u2019e kadar siyasete ilgi duymad\u0131m. Ta\u015f yerinde a\u011f\u0131rd\u0131r, akademisyenim diyordum. Ama T\u00fcrkiye\u2019ye giydirmek istedikleri g\u00f6mle\u011fi g\u00f6rd\u00fc\u011f\u00fcm zaman bir \u015feyler yap\u0131lmas\u0131 gerekti\u011fini d\u00fc\u015f\u00fcnd\u00fcm. O d\u00f6nemde CHP\u2019nin \u2018Y\u00fczde 20 oy bana yeter, iktidar olmak istemiyorum\u2019 dedi\u011fini d\u00fc\u015f\u00fcn\u00fcyordum. Merkezde CHP\u2019-den, DSP\u2019den, H\u00fcsamettin Cindoruk\u2019u da i\u00e7ine alarak bir siyasi olu\u015fumun kurulabilece\u011fini d\u00fc\u015f\u00fcn\u00fcyordum. Bu nedenle hepsiyle g\u00f6r\u00fc\u015ft\u00fcm. Fakat H\u00fcsamettin Bey, \u2018Ben DP\u2019nin Ba\u015fkan\u0131 olaca\u011f\u0131m. Burada yapal\u0131m\u2019 dedi. Ve \u00f6yle de oldu. Ben DP\u2019nin ilk kurultay\u0131na da, ANAP\u2019la birle\u015fti\u011fi kurultaya da gitmedim. Ben merkez sa\u011f desem kar\u0131m, \u00e7ocuklar\u0131m bana oy vermez bir kere. K\u0131l\u0131\u00e7daro\u011flu\u2019nu m\u00fctevaz\u0131, her \u015feyi ben bilirim havas\u0131nda olmad\u0131\u011f\u0131 i\u00e7in seviyorum. T\u00fcm siyaset\u00e7iler b\u00f6yle olmal\u0131. \u00c7\u00fcnk\u00fc biz ba\u015fbakan gibi siyaset\u00e7ilerden b\u0131kt\u0131k. Yan\u0131ndaki kral\u0131n soytar\u0131lar\u0131ndan s\u0131k\u0131ld\u0131k. Bunun \u00fczerine CHP\u2019ye girdim.\u201d<\/p>\n<p style=\"text-align: justify;\"><a href=\"http:\/\/haber.gazetevatan.com\/islik-calan-40-bin-kisiden-biriyim\/355826\/9\/Siyaset\" target=\"_blank\"><span style=\"color: #888888;\">Kaynak : Deniz G\u00fc\u00e7er &#8211; VATAN<\/span><\/a><\/p>\n","protected":false},"excerpt":{"rendered":"<p style=\"text-align: justify;\">CHP Genel Ba\u015fkan Yard\u0131mc\u0131s\u0131 S\u00fcheyl Batum, VATAN\u2019a konu\u015ftu.<\/p>\n<p style=\"text-align: justify;\">&#8220;Olayl\u0131 stat a\u00e7\u0131l\u0131\u015f\u0131na kat\u0131ld\u0131m. T\u00fcrkiye\u2019de birilerinin \u2018Kral \u00e7\u0131plak\u2019 demesi gerekiyor. 40 bin ki\u015finin biri benim. Ka\u00e7\u0131r\u0131ncaya kadar u\u011fra\u015faca\u011f\u0131z. Bana daha \u00f6nce \u2018Ergenekoncu\u2019 deniliyordu, \u015fimdi provokat\u00f6r deniliyor&#8230;&#8221; <\/p>\n","protected":false},"author":1,"featured_media":0,"comment_status":"open","ping_status":"closed","sticky":false,"template":"","format":"standard","meta":{"footnotes":""},"categories":[105],"tags":[],"class_list":["post-27484","post","type-post","status-publish","format-standard","hentry","category-gundem","odd"],"_links":{"self":[{"href":"http:\/\/www.korhanyilmaz.com\/index.php?rest_route=\/wp\/v2\/posts\/27484","targetHints":{"allow":["GET"]}}],"collection":[{"href":"http:\/\/www.korhanyilmaz.com\/index.php?rest_route=\/wp\/v2\/posts"}],"about":[{"href":"http:\/\/www.korhanyilmaz.com\/index.php?rest_route=\/wp\/v2\/types\/post"}],"author":[{"embeddable":true,"href":"http:\/\/www.korhanyilmaz.com\/index.php?rest_route=\/wp\/v2\/users\/1"}],"replies":[{"embeddable":true,"href":"http:\/\/www.korhanyilmaz.com\/index.php?rest_route=%2Fwp%2Fv2%2Fcomments&post=27484"}],"version-history":[{"count":0,"href":"http:\/\/www.korhanyilmaz.com\/index.php?rest_route=\/wp\/v2\/posts\/27484\/revisions"}],"wp:attachment":[{"href":"http:\/\/www.korhanyilmaz.com\/index.php?rest_route=%2Fwp%2Fv2%2Fmedia&parent=27484"}],"wp:term":[{"taxonomy":"category","embeddable":true,"href":"http:\/\/www.korhanyilmaz.com\/index.php?rest_route=%2Fwp%2Fv2%2Fcategories&post=27484"},{"taxonomy":"post_tag","embeddable":true,"href":"http:\/\/www.korhanyilmaz.com\/index.php?rest_route=%2Fwp%2Fv2%2Ftags&post=27484"}],"curies":[{"name":"wp","href":"https:\/\/api.w.org\/{rel}","templated":true}]}}