{"id":27480,"date":"2011-01-29T18:18:10","date_gmt":"2011-01-29T16:18:10","guid":{"rendered":"http:\/\/www.korhanyilmaz.com\/?p=27480"},"modified":"2011-01-29T18:18:10","modified_gmt":"2011-01-29T16:18:10","slug":"kanadoglu-secimlerin-guvenligi-kalmadi","status":"publish","type":"post","link":"http:\/\/www.korhanyilmaz.com\/?p=27480","title":{"rendered":"Kanado\u011flu: &#8220;Se\u00e7imlerin g\u00fcvenli\u011fi kalmad\u0131&#8221;"},"content":{"rendered":"<p><a href=\"http:\/\/www.korhanyilmaz.com\/wp-content\/uploads\/2011\/01\/040.jpg\"  class=\"lightview\"><img loading=\"lazy\" decoding=\"async\" class=\"aligncenter size-full wp-image-27481\" src=\"http:\/\/www.korhanyilmaz.com\/wp-content\/uploads\/2011\/01\/040.jpg\" alt=\"\" width=\"292\" height=\"224\" \/><\/a>Yarg\u0131tay Onursal Cumhuriyet Ba\u015fsavc\u0131s\u0131 Sabih Kanado\u011flu, se\u00e7men k\u00fct\u00fcklerinin \u0130\u00e7i\u015fleri Bakanl\u0131\u011f\u0131&#8217;nca tespiti ve se\u00e7im sonu\u00e7lar\u0131n\u0131n Adalet Bakanl\u0131\u011f\u0131&#8217;na ba\u011fl\u0131 UYAP sistemiyle YSK&#8217;ya aktar\u0131lmas\u0131 nedeniyle T\u00fcrkiye&#8217;de art\u0131k se\u00e7imlerin g\u00fcvenli\u011finin kalmad\u0131\u011f\u0131n\u0131 s\u00f6yledi. <!--more--><\/p>\n<p style=\"text-align: justify;\">Antalya B\u00fcy\u00fck\u015fehir Belediyesi, Atat\u00fcrk\u00e7\u00fc D\u00fc\u015f\u00fcnce Derne\u011fi (ADD), E\u011fitim-\u0130\u015f Antalya \u015eubesi ve \u0130brad\u0131 \u0130l\u00e7esi Yard\u0131mla\u015fma Derne\u011fi&#8217;nce, Adalet ve Demokrasi Haftas\u0131 kapsam\u0131nda d\u00fczenlenen Prof. Dr. Muammer Aksoy Sempozyumu&#8217;nda, &#8220;Hukuk ve Siyaset&#8221; ba\u015fl\u0131kl\u0131 ikinci oturum yap\u0131ld\u0131.<\/p>\n<p style=\"text-align: justify;\">Yarg\u0131tay Onursal Cumhuriyet Ba\u015fsavc\u0131s\u0131 Sabih Kanado\u011flu&#8217;nun ba\u015fkanl\u0131\u011f\u0131ndaki oturuma, Yarg\u0131tay Onursal Ba\u015fsavc\u0131s\u0131 Vural Sava\u015f, eski YARSAV ve ADD Y\u00fcksek Disiplin Kurulu Ba\u015fkan\u0131 \u00d6mer Faruk Emina\u011fao\u011flu ile T\u00fcrk Hukuk Kurumu Ba\u015fkan\u0131 Tuncay Alemdaro\u011flu konu\u015fmac\u0131 olarak kat\u0131ld\u0131.<\/p>\n<p style=\"text-align: justify;\">Kanado\u011flu, T\u00fcrkiye&#8217;de siyasi iktidar\u0131n uygulamalar\u0131yla cumhuriyetin koruma alt\u0131nda olmad\u0131\u011f\u0131n\u0131 belirterek, &#8220;T\u00fcrkiye&#8217;de art\u0131k se\u00e7im g\u00fcvenli\u011fi de koruma alt\u0131nda de\u011fildir&#8221; diye konu\u015ftu.<\/p>\n<p style=\"text-align: justify;\">Anayasa&#8217;n\u0131n 79. maddesine g\u00f6re se\u00e7imlerin y\u00fcr\u00fct\u00fclmesi, d\u00fczenlenmesi ve denetlenmesinin YSK&#8217;ya ait oldu\u011funu, se\u00e7men k\u00fct\u00fcklerini haz\u0131rlamak g\u00f6rev ve yetkisine sahip YSK&#8217;dan, 1,5 y\u0131l \u00f6nce gece yar\u0131s\u0131 \u00e7\u0131kar\u0131lan tasar\u0131n\u0131n kanunla\u015ft\u0131r\u0131lmas\u0131yla bu yetkilerinin al\u0131nd\u0131\u011f\u0131n\u0131 ifade eden Kanado\u011flu, \u015f\u00f6yle devam etti:<\/p>\n<p style=\"text-align: justify;\">&#8220;YSK, do\u011frudan do\u011fruya se\u00e7men k\u00fct\u00fcklerine adrese dayal\u0131 kay\u0131t sistemini n\u00fcfusa g\u00f6re haz\u0131rlama g\u00f6revini \u00fcstlenmi\u015ftir. Bu, y\u00fcr\u00fctmenin haz\u0131rlayaca\u011f\u0131 se\u00e7men k\u00fct\u00fc\u011f\u00fc anlam\u0131na gelir. O halde, \u00fclkede demokrasinin (D) harfinden bahsetmeye imkan yoktur. Sonu\u00e7lar da UYAP Projesi&#8217;ne uygun \u015fekilde toplan\u0131yor. Sonu\u00e7lar UYAP taraf\u0131ndan toplan\u0131yorsa, YSK&#8217;ya bildirme g\u00f6revi de Adalet Bakanl\u0131\u011f\u0131&#8217;na aittir. UYAP da bu bakanl\u0131\u011fa ba\u011fl\u0131d\u0131r. Se\u00e7men k\u00fct\u00fckleri ve milletvekili se\u00e7imleri do\u011frudan do\u011fruya \u0130\u00e7i\u015fleri ve Adalet Bakanl\u0131klar\u0131na, yani y\u00fcr\u00fctmeye b\u0131rak\u0131lm\u0131\u015f is ese\u00e7imin g\u00fcvenli\u011fi ortadan kalkm\u0131\u015ft\u0131r.&#8221;<\/p>\n<p style=\"text-align: justify;\"><strong>&#8220;T\u00fcrkiye hap\u0131 yuttu&#8221; <\/strong><\/p>\n<p style=\"text-align: justify;\">Se\u00e7men k\u00fct\u00fcklerinin tespitine y\u00f6nelik iki siyasi partinin Dan\u0131\u015ftay&#8217;a gitti\u011fini, ancak halen karar \u00e7\u0131kmad\u0131\u011f\u0131n\u0131 ifade eden Kanado\u011flu, &#8220;UYAP&#8217;\u0131n da Adalet Bakanl\u0131\u011f\u0131&#8217;na ba\u011flanm\u0131\u015f olmas\u0131n\u0131n Anayasa&#8217;ya ayk\u0131r\u0131l\u0131\u011f\u0131 a\u00e7\u0131k iken YARSAV da Dan\u0131\u015ftay&#8217;a dava a\u00e7t\u0131. Onunla ilgili de karar \u00e7\u0131kmad\u0131. Antalya hap\u0131 yutmad\u0131 ama T\u00fcrkiye bu hap\u0131 yuttu. 12 Eyl\u00fcl&#8217;de yuttu\u011fumuz bu hap bize Y\u00d6K&#8217;le\u015fmi\u015f, Y\u00d6K&#8217;le\u015fmenin de d\u0131\u015f\u0131nda Adalet Bakanl\u0131\u011f\u0131&#8217;n\u0131n genel m\u00fcd\u00fcrl\u00fc\u011f\u00fc haline d\u00f6n\u00fc\u015ft\u00fcr\u00fclen HSYK gibi bir kurumu hediye etti. HSYK, Yarg\u0131tay ve Dan\u0131\u015ftay&#8217;\u0131n do\u011frudan do\u011fruya siyasi iktidara ba\u011f\u0131ml\u0131 hale getirilmesi i\u00e7in kuvvetli bir ara\u00e7 haline getirildi&#8221; dedi.<\/p>\n<p style=\"text-align: justify;\"><strong>Vural Sava\u015f&#8217;\u0131n HSYK ele\u015ftirisi <\/strong><\/p>\n<p style=\"text-align: justify;\">Yarg\u0131tay Onursal Cumhuriyet Ba\u015fsavc\u0131s\u0131 Vural Sava\u015f da konu\u015fmas\u0131nda, &#8220;HSYK se\u00e7imlerinden sonra hi\u00e7bir hakim ve savc\u0131yla iftihar edemiyorum&#8221; dedi.<\/p>\n<p style=\"text-align: justify;\">Sava\u015f, &#8220;Hakim ve savc\u0131 kendi vicdan\u0131na g\u00f6re karar vererek, idari bask\u0131dan uzak g\u00f6rev yapabilmelidir. HSYK se\u00e7imlerinden sonra, hakim ve savc\u0131lar adeta kendi ellerini kollar\u0131n\u0131 ba\u011flad\u0131lar. T\u00fcrkiye&#8217;de art\u0131k yolsuzluklarla m\u00fccadeleye imkan kalmam\u0131\u015ft\u0131r. Bu Anayasa Mahkemesi de TBMM&#8217;nin \u00e7\u0131kard\u0131\u011f\u0131 hi\u00e7bir yasay\u0131 iptal etmeyecektir. T\u00fcrkiye&#8217;de korku imparatorlu\u011fu \u00f6zel yetki verilmi\u015f hakim-savc\u0131 eliyle yap\u0131ld\u0131&#8221; \u015feklinde konu\u015ftu.<\/p>\n<p style=\"text-align: justify;\"><strong>Emina\u011fao\u011flu: &#8220;Halk hukukuna sahip \u00e7\u0131kmal\u0131&#8221; <\/strong><\/p>\n<p style=\"text-align: justify;\">Eski YARSAV Ba\u015fkan\u0131 ve ADD Y\u00fcksek Disiplin Kurulu Ba\u015fkan\u0131 \u00d6mer Faruk Emina\u011fao\u011flu da anayasa de\u011fi\u015fikli\u011fine y\u00f6nelik haz\u0131rlanan metnin hukuksal ve anayasal niteli\u011finin bulunmad\u0131\u011f\u0131n\u0131 ifade ederek, \u015fu g\u00f6r\u00fc\u015fleri dile getirdi:<\/p>\n<p style=\"text-align: justify;\">&#8220;Haz\u0131rlanan metnin hi\u00e7bir \u015feyle ilgili yok. Bir parti projesiyle ilgisivar. T\u00fcrkiye Cumhuriyeti bir hukuk devletine do\u011fru de\u011fil, bir parti devletine do\u011fru gidiyor. Darbelerde askerlerin \u00fcniformayla yapt\u0131klar\u0131 \u015feyler, \u015fimdi yarg\u0131 silah\u0131 kullan\u0131larak yerine getiriliyor. Siyasi iktidar kendi projelerini yarg\u0131 \u00fczerinden y\u00fcr\u00fct\u00fcr duruma gelmi\u015ftir. Bu sorunlar\u0131 demokrasi yoluyla \u00e7\u00f6zmek bm\u00fcmk\u00fcnd\u00fcr. A\u00e7\u0131k \u00e7a\u011fr\u0131 yap\u0131yorum: Halk hukukuna sahip \u00e7\u0131kmal\u0131d\u0131r.&#8221;<\/p>\n<p style=\"text-align: justify;\"><a href=\"http:\/\/www.cnnturk.com\/2011\/turkiye\/01\/29\/kanadoglu.secimlerin.guvenligi.kalmadi\/605062.0\/index.html\" target=\"_blank\"><span style=\"color: #888888;\">CNN T\u00dcRK<\/span><\/a><\/p>\n","protected":false},"excerpt":{"rendered":"<p>Yarg\u0131tay Onursal Cumhuriyet Ba\u015fsavc\u0131s\u0131 Sabih Kanado\u011flu, se\u00e7men k\u00fct\u00fcklerinin \u0130\u00e7i\u015fleri Bakanl\u0131\u011f\u0131&#8217;nca tespiti ve se\u00e7im sonu\u00e7lar\u0131n\u0131n Adalet Bakanl\u0131\u011f\u0131&#8217;na ba\u011fl\u0131 UYAP sistemiyle YSK&#8217;ya aktar\u0131lmas\u0131 nedeniyle T\u00fcrkiye&#8217;de art\u0131k se\u00e7imlerin g\u00fcvenli\u011finin kalmad\u0131\u011f\u0131n\u0131 s\u00f6yledi. <\/p>\n","protected":false},"author":1,"featured_media":0,"comment_status":"open","ping_status":"closed","sticky":false,"template":"","format":"standard","meta":{"footnotes":""},"categories":[105],"tags":[],"class_list":["post-27480","post","type-post","status-publish","format-standard","hentry","category-gundem","odd"],"_links":{"self":[{"href":"http:\/\/www.korhanyilmaz.com\/index.php?rest_route=\/wp\/v2\/posts\/27480","targetHints":{"allow":["GET"]}}],"collection":[{"href":"http:\/\/www.korhanyilmaz.com\/index.php?rest_route=\/wp\/v2\/posts"}],"about":[{"href":"http:\/\/www.korhanyilmaz.com\/index.php?rest_route=\/wp\/v2\/types\/post"}],"author":[{"embeddable":true,"href":"http:\/\/www.korhanyilmaz.com\/index.php?rest_route=\/wp\/v2\/users\/1"}],"replies":[{"embeddable":true,"href":"http:\/\/www.korhanyilmaz.com\/index.php?rest_route=%2Fwp%2Fv2%2Fcomments&post=27480"}],"version-history":[{"count":0,"href":"http:\/\/www.korhanyilmaz.com\/index.php?rest_route=\/wp\/v2\/posts\/27480\/revisions"}],"wp:attachment":[{"href":"http:\/\/www.korhanyilmaz.com\/index.php?rest_route=%2Fwp%2Fv2%2Fmedia&parent=27480"}],"wp:term":[{"taxonomy":"category","embeddable":true,"href":"http:\/\/www.korhanyilmaz.com\/index.php?rest_route=%2Fwp%2Fv2%2Fcategories&post=27480"},{"taxonomy":"post_tag","embeddable":true,"href":"http:\/\/www.korhanyilmaz.com\/index.php?rest_route=%2Fwp%2Fv2%2Ftags&post=27480"}],"curies":[{"name":"wp","href":"https:\/\/api.w.org\/{rel}","templated":true}]}}