{"id":27476,"date":"2011-01-28T09:05:08","date_gmt":"2011-01-28T07:05:08","guid":{"rendered":"http:\/\/www.korhanyilmaz.com\/?p=27476"},"modified":"2011-01-28T09:05:08","modified_gmt":"2011-01-28T07:05:08","slug":"misir-alev-alev","status":"publish","type":"post","link":"http:\/\/www.korhanyilmaz.com\/?p=27476","title":{"rendered":"M\u0131s\u0131r alev alev"},"content":{"rendered":"<p style=\"text-align: center;\"><a href=\"http:\/\/www.korhanyilmaz.com\/wp-content\/uploads\/2011\/01\/039.jpg\"  class=\"lightview\"><img loading=\"lazy\" decoding=\"async\" class=\"aligncenter size-full wp-image-27477\" src=\"http:\/\/www.korhanyilmaz.com\/wp-content\/uploads\/2011\/01\/039.jpg\" alt=\"\" width=\"449\" height=\"231\" \/><\/a><\/p>\n<p style=\"text-align: justify;\">* Yoksulluktan ve Devlet Ba\u015fkan\u0131 H\u00fcsn\u00fc M\u00fcbarek&#8217;in 30 y\u0131ll\u0131k iktidar\u0131ndan usanan halk\u0131n sokaklara d\u00f6k\u00fcld\u00fc\u011f\u00fc M\u0131s\u0131r, Cuma namaz\u0131 sonras\u0131 yap\u0131lan kitlesel g\u00f6sterilere polisin m\u00fcdahale etmesiyle yang\u0131n yerine d\u00f6nd\u00fc.<\/p>\n<p style=\"text-align: justify;\">* Polisin, tazyikli su ile m\u00fcdahale etti\u011fi muhalif lider Baradey ev hapsine al\u0131nd\u0131.<\/p>\n<p style=\"text-align: justify;\">* Kahire&#8217;de meydana gelen bug\u00fcnk\u00fc olaylarda en az 24 ki\u015finin \u00f6ld\u00fc\u011f\u00fc, 1000&#8217;den fazla ki\u015finin de  yaraland\u0131\u011f\u0131 bildirildi.<\/p>\n<p style=\"text-align: justify;\">* Ordu devreye girdi, t\u00fcm \u00fclkede soka\u011fa \u00e7\u0131kma yasa\u011f\u0131 ilan edildi. G\u00f6stericiler yasa\u011fa uymuyor. <!--more--><\/p>\n<p style=\"text-align: justify;\">* Parlamento binas\u0131 yak\u0131n\u0131nda \u00e7at\u0131\u015fmalar var. \u0130ktidar partisinin genel merkezi yan\u0131yor.<\/p>\n<p style=\"text-align: justify;\">* ABD uyard\u0131: G\u00f6stericilere \u015fiddet uygulama<\/p>\n<p style=\"text-align: justify;\">* M\u0131s\u0131r Genelkurmay Ba\u015fkan\u0131 ABD ziyaretini keserek \u00fclkesine d\u00f6n\u00fcyor.<\/p>\n<p style=\"text-align: justify;\">* Ba\u015fkent Kahire&#8217;de protestocular ulusal m\u00fczenin \u00e7evresinde insan zinciri olu\u015fturarak ya\u011fmay\u0131 engelledi. Askerlerin de m\u00fczeyi korumada protestoculara yard\u0131m etti\u011fi belirtiliyor.<\/p>\n<p style=\"text-align: justify;\">* Baz\u0131 M\u0131s\u0131rl\u0131 i\u015fadamlar\u0131n\u0131n ve \u00fcst d\u00fczey yetkililerin M\u0131s\u0131r&#8217;\u0131 terk etti\u011fi iddia ediliyor.<\/p>\n<p style=\"text-align: justify;\">* Hen\u00fcz net tav\u0131r ortaya koymayan, fakat g\u00f6sterileri kanla bast\u0131rmaktan da ka\u00e7\u0131nd\u0131\u011f\u0131 g\u00f6zlenen M\u0131s\u0131r ordusunun \u0130ngiltere ve ABD B\u00fcy\u00fckel\u00e7iliklerini korumaya ald\u0131\u011f\u0131 dikkat \u00e7ekti.<\/p>\n<p style=\"text-align: justify;\">* Baz\u0131 karakollar\u0131n ate\u015fe verildi\u011fi buralardaki tutuklular\u0131n ka\u00e7t\u0131\u011f\u0131 haberleri geliyor.<\/p>\n<p style=\"text-align: justify;\">* M\u0131s\u0131r&#8217;daki olaylardan ka\u00e7mak isteyen ve aralar\u0131nda T\u00fcrklerin de bulundu\u011fu \u00e7ok say\u0131da yabanc\u0131 Kahire havaalan\u0131nda tahliye edilmeyi bekliyor.<\/p>\n<p style=\"text-align: justify;\">* D\u0131\u015fi\u015fleri Bakan\u0131 Davuto\u011flu, \u201c\u015eu ana kadar bize ula\u015fm\u0131\u015f herhangi vatanda\u015f\u0131m\u0131za y\u00f6nelik bir \u015fiddet yok\u201d dedi.<\/p>\n<p style=\"text-align: justify;\">* Devlet Ba\u015fkan\u0131 H\u00fcsn\u00fc M\u00fcbarek yapt\u0131\u011f\u0131 a\u00e7\u0131klamada, &#8220;Ya\u011fmaya ve talana izin vermeyece\u011fiz.Demokrasinin ve oksul halk\u0131n yan\u0131nda olaca\u011f\u0131m.&#8221;  dedi. H\u00fck\u00fcmetten istifa etmesini isteyen M\u00fcbarek, sosyal, ekonomik ve siyasi reformlar i\u00e7in \u00e7al\u0131\u015faca\u011f\u0131n\u0131 s\u00f6yledi.<\/p>\n<p style=\"text-align: justify;\">* M\u0131s\u0131r Havayollar\u0131na ait bir u\u00e7a\u011f\u0131n, bomba ihbar\u0131 yap\u0131lmas\u0131 \u00fczerine Atina&#8217;ya acil ini\u015f yapt\u0131\u011f\u0131 bildirildi.<\/p>\n<p style=\"text-align: justify;\">* ABD Ba\u015fkan\u0131 Barack Obama, H\u00fcsn\u00fc M\u00fcbarek ile g\u00f6r\u00fc\u015ft\u00fc\u011f\u00fcn\u00fc ve M\u00fcbarek&#8217;i, halk\u0131 i\u00e7in daha fazla demokrasi ve daha fazla ekonomik f\u0131rsatlar\u0131n sa\u011flanmas\u0131 do\u011frultusunda \u00e7al\u0131\u015fma s\u00f6z\u00fcn\u00fc tutmaya \u00e7a\u011f\u0131rd\u0131\u011f\u0131n\u0131 s\u00f6yledi.<\/p>\n<p style=\"text-align: justify;\"><span style=\"text-decoration: underline;\"><strong>KAH\u0130RE<\/strong><\/span> &#8211; Yoksulluktan ve Devlet Ba\u015fkan\u0131 H\u00fcsn\u00fc M\u00fcbarek&#8217;in 30 y\u0131ll\u0131k iktidar\u0131ndan usanan halk\u0131n sokaklara d\u00f6k\u00fcld\u00fc\u011f\u00fc M\u0131s\u0131r, Cuma namaz\u0131 sonras\u0131 yap\u0131lan kitlesel g\u00f6sterilere polisin m\u00fcdahale etmesiyle yang\u0131n yerine d\u00f6nd\u00fc.<\/p>\n<p style=\"text-align: justify;\">Kahire&#8217;de meydana gelen bug\u00fcnk\u00fc olaylarda en az 24 ki\u015finin \u00f6ld\u00fc\u011f\u00fc, 1000&#8217;den fazla ki\u015finin de yaraland\u0131\u011f\u0131 bildirildi. Bunlar aras\u0131nda mermiyle yaralananlar var.<\/p>\n<p style=\"text-align: justify;\">Ordu devreye girdi, soka\u011fa \u00e7\u0131kma yasa\u011f\u0131 ilan edildi. \u0130lk ba\u015fta ba\u015fkent Kahire ile \u0130skenderiye ve S\u00fcvey\u015f&#8217;i kapsayan soka\u011fa \u00e7\u0131kma yasa\u011f\u0131 t\u00fcm \u00fclkeyi kapsayacak \u015fekilde geni\u015fletildi.<\/p>\n<p style=\"text-align: justify;\">Devlet televizyonu, ordunun 18.00 ila 07.00 aras\u0131nda soka\u011fa \u00e7\u0131kma yasa\u011f\u0131 ilan etti\u011fini duyurdu.<\/p>\n<p style=\"text-align: justify;\"><strong>TANKLAR MEYDANA G\u0130RD\u0130<\/strong><\/p>\n<p style=\"text-align: justify;\">Ordunun bu karar\u0131, kamu mallar\u0131yla \u00f6zel mallar\u0131 korumak ve ya\u011fmalamalar\u0131 \u00f6nlemek i\u00e7in ald\u0131\u011f\u0131 belirtildi. Karar\u0131n, Ba\u015fkomutan olarak Cumhurba\u015fkan\u0131 M\u00fcbarek taraf\u0131ndan al\u0131nd\u0131\u011f\u0131 kaydedildi. El Cezire tanklar\u0131n Kahire&#8217;deki meydana girdi\u011fini duyurdu.<\/p>\n<p style=\"text-align: justify;\"><strong>PARLAMENTO YAKININDA  \u00c7ATI\u015eMA<\/strong><\/p>\n<p style=\"text-align: justify;\">Parlamento binas\u0131 yak\u0131n\u0131nda silahl\u0131 \u00e7at\u0131\u015fmalar\u0131n ya\u015fand\u0131\u011f\u0131 haberleri geliyor. Binlerce g\u00f6stericinin D\u0131\u015fi\u015fleri Bakanl\u0131\u011f\u0131n\u0131 ve devlet televizyonunu basmaya \u00e7al\u0131\u015ft\u0131\u011f\u0131 belirtiliyor.<\/p>\n<p style=\"text-align: justify;\">\u0130ktidar partisinin genel merkez binalar\u0131na giren protestocular, b\u00fcy\u00fck bir yang\u0131n\u0131n ba\u015flad\u0131\u011f\u0131 genel merkezden televizyon ve di\u011fer elektronik e\u015fyalar\u0131 ya\u011fmalad\u0131.<\/p>\n<p style=\"text-align: justify;\"><strong>BA\u015eKENT KAH\u0130RE&#8217;DE YASA\u011eA UYULMUYOR<\/strong><\/p>\n<p style=\"text-align: justify;\">M\u0131s\u0131r&#8217;\u0131n b\u00fcy\u00fck kentlerinde soka\u011fa \u00e7\u0131kma yasa\u011f\u0131n\u0131n 18.00&#8217;de ba\u015flamas\u0131na kar\u015f\u0131n buna riayet edilmedi\u011fi g\u00f6zleniyor. G\u00f6stericiler soka\u011fa \u00e7\u0131kma yasa\u011f\u0131na uymazken, ara sokaklardan silah ve siren sesleri geliyor. Kahire, \u0130skenderiye ve S\u00fcvey\u015f&#8217;te 18.00 ila 07.00 aras\u0131nda soka\u011fa \u00e7\u0131kma yasa\u011f\u0131 ilan edilmi\u015fti.<\/p>\n<p style=\"text-align: justify;\">\u00d6te yandan Kahire&#8217;nin merkezinde baz\u0131 polislerin \u00fcniformalar\u0131n\u0131 \u00e7\u0131kararak g\u00f6stericilere kat\u0131ld\u0131\u011f\u0131 g\u00f6zlendi.<\/p>\n<p style=\"text-align: justify;\"><strong>\u0130KT\u0130DAR PART\u0130S\u0130N\u0130N GENEL MERKEZ\u0130 YANIYOR<\/strong><\/p>\n<p style=\"text-align: justify;\">Kahire&#8217;de iktidar partisinin genel merkezinin yand\u0131\u011f\u0131 bildirildi. El Cezire televizyonu, yanan binan\u0131n g\u00f6r\u00fcnt\u00fclerini ekranlara getirirken, devlet televizyonu binan\u0131n ate\u015fe verildi\u011fini do\u011frulad\u0131.<\/p>\n<p style=\"text-align: justify;\"><strong>\u0130NSANLAR TANKLARA TIRMANMAYA \u00c7ALI\u015eIYOR<\/strong><\/p>\n<p style=\"text-align: justify;\">M\u0131s\u0131r&#8217;da gece soka\u011fa \u00e7\u0131kma yasa\u011f\u0131n\u0131n uyguland\u0131\u011f\u0131 kentlerden S\u00fcvey\u015f&#8217;in sokaklar\u0131na tanklar yerle\u015ftirildi. Protestocular tanklara t\u0131rmanmaya \u00e7al\u0131\u015f\u0131rken, askerler de insanlar\u0131 bu ara\u00e7lardan uzak tutmaya \u00e7al\u0131\u015f\u0131yor. Ba\u015fkent Kahire&#8217;nin merkezinde protestocular, kendilerine kat\u0131lmas\u0131 i\u00e7in askerler lehine sloganlar att\u0131.  Baz\u0131 g\u00f6rg\u00fc tan\u0131klar\u0131 askerlerin, gece soka\u011fa \u00e7\u0131kma yasa\u011f\u0131n\u0131n uyguland\u0131\u011f\u0131 kentlerde ate\u015f a\u00e7t\u0131\u011f\u0131n\u0131 ileri s\u00fcrd\u00fc.<\/p>\n<p style=\"text-align: justify;\"><strong>CNN: &#8220;M\u00dcBAREK YAKINDA A\u00c7IKLAMA YAPACAK&#8221;<\/strong><\/p>\n<p style=\"text-align: justify;\">G\u00f6sterilerin ba\u015flamas\u0131ndan bu yana kamuoyunun kar\u015f\u0131s\u0131na \u00e7\u0131kmayan M\u0131s\u0131r Cumhurba\u015fkan\u0131 H\u00fcsn\u00fc M\u00fcbarek&#8217;in yak\u0131nda a\u00e7\u0131klama yapaca\u011f\u0131 bildirildi. Reuters ajans\u0131 CNN&#8217;e dayanarak verdi\u011fi haberde, kendisine kar\u015f\u0131 protestolar yap\u0131lan M\u00fcbarek&#8217;in yak\u0131nda bir konu\u015fma yapaca\u011f\u0131n\u0131 duyurdu. Ancak daha sonra M\u00fcbarek&#8217;in parti genel merkezi binas\u0131na verilen zarar\u0131n ard\u0131ndan bu konu\u015fmay\u0131 yapmaktan vazge\u00e7ti\u011fi \u00f6ne s\u00fcr\u00fcld\u00fc.<\/p>\n<p style=\"text-align: justify;\"><strong>ABD&#8217;DEN UYARI<\/strong><\/p>\n<p style=\"text-align: justify;\">ABD D\u0131\u015fi\u015fleri Bakan\u0131 Hillary Clinton, M\u0131s\u0131r&#8217;\u0131n bar\u0131\u015f\u00e7\u0131l g\u00f6sterilere izin vermesi, g\u00fcvenlik g\u00fc\u00e7lerini dizginlemesi ve ileti\u015fimi eski haline getirmesi gerekti\u011fini s\u00f6yledi. Clinton, &#8220;M\u0131s\u0131r polisinin ve g\u00fcvenlik g\u00fc\u00e7lerinin protestoculara kar\u015f\u0131 g\u00fc\u00e7 kullanmas\u0131ndan derin endi\u015fe duyuyoruz. Ayn\u0131 zamanda protestocular da \u015fiddetten uzak durmal\u0131 ve kendileri bar\u0131\u015f\u00e7\u0131l bir \u015fekilde ifade etmeliler&#8221; dedi.<\/p>\n<p style=\"text-align: justify;\"><strong>MISIR POL\u0130S\u0130, EL CEZ\u0130RE KANALININ B\u00dcROSUNA BASKIN D\u00dcZENLED\u0130<\/strong><\/p>\n<p style=\"text-align: justify;\">El Cezire televizyonu, g\u00fcvenlik g\u00fc\u00e7lerinin \u00fclkedeki olaylar\u0131 canl\u0131 yay\u0131nla aktaran kanal\u0131n Kahire b\u00fcrosuna bask\u0131n d\u00fczenlendi\u011fini fla\u015f haber olarak duyurdu.<\/p>\n<p style=\"text-align: justify;\"><strong>BM&#8217;YE G\u00d6RE \u00dcLKEDE B\u0130NDEN FAZLA K\u0130\u015e\u0130 G\u00d6ZALTINDA<\/strong><\/p>\n<p style=\"text-align: justify;\">BM \u0130nsan Haklar\u0131 Y\u00fcksek Temsilcisi Navi Pillay, h\u00fck\u00fcmete y\u00f6nelik protestolara sahne olan M\u0131s\u0131r&#8217;da binden fazla ki\u015finin g\u00f6zalt\u0131na al\u0131nd\u0131\u011f\u0131n\u0131 s\u00f6yledi. Pillay, M\u0131s\u0131r&#8217;\u0131n, halk\u0131n korkmadan g\u00f6steri yapmas\u0131na izin vermesi ve muhaliflerin sesini k\u0131smaya \u00e7al\u0131\u015fmay\u0131 b\u0131rakmas\u0131 gerekti\u011fini belirtti.<\/p>\n<p style=\"text-align: justify;\">El\u00e7ilik &#8220;Biz de haber alam\u0131yoruz&#8221;<\/p>\n<p style=\"text-align: justify;\">M\u0131s\u0131r muhalefeti: Kim ne istiyor?<\/p>\n<p style=\"text-align: justify;\"><strong>BARADEY EV HAPS\u0130NDE <\/strong><\/p>\n<p style=\"text-align: justify;\">Reform yanl\u0131s\u0131 muhalif lider olarak sahneye \u00e7\u0131kan ve yanda\u015flar\u0131yla bug\u00fcnk\u00fc g\u00f6sterilere kat\u0131lan Uluslararas\u0131 Atom Enerjisi Kurumu&#8217;nun (UAEK) eski ba\u015fkan\u0131 Nobel \u00f6d\u00fcll\u00fc Muhammed El Baradey de polisin tazyikli su ile m\u00fcdahalesine maruz kald\u0131. Baradey, bug\u00fcnk\u00fc g\u00f6steriler \u00f6ncesi ba\u015fkent Kahire&#8217;nin merkezindeki bir camide yakla\u015f\u0131k 2 bin ki\u015fiyle birlikte namaz k\u0131ld\u0131.   Ancak polis, Cuma namaz\u0131n\u0131n ard\u0131ndan taraftarlar\u0131yla birlikte g\u00f6sterilere kat\u0131lan Baradey&#8217;in de aralar\u0131nda bulundu\u011fu kalabal\u0131\u011f\u0131 da\u011f\u0131tmak i\u00e7in tazyikli su kulland\u0131. Polis, Baradey&#8217;i korumak i\u00e7in etraf\u0131n\u0131 saran yanda\u015flar\u0131n\u0131 da copla d\u00f6vd\u00fc. Baradey\u2019in bulundu\u011fu cami polis koridonuna al\u0131nd\u0131 ve muhalefet liderinin b\u00f6lgeden ayr\u0131lmas\u0131na izin verilmedi. Ard\u0131ndan Baradey, daha sonra ev hapsine al\u0131nd\u0131.<\/p>\n<p style=\"text-align: justify;\">Gen\u00e7lerin \u00f6nc\u00fcl\u00fc\u011f\u00fcnde g\u0131da fiyatlar\u0131n\u0131n y\u00fcksekli\u011fi, yoksulluk ve yolsuzlu\u011fa kar\u015f\u0131 tepkilerle ba\u015flayan ve 30 y\u0131ll\u0131k H\u00fcsn\u00fc M\u00fcbarek y\u00f6netimine kar\u015f\u0131 protestolara d\u00f6n\u00fc\u015fen, d\u00f6rd\u00fcnc\u00fc g\u00fcn\u00fcnde daha da kitleselle\u015fen g\u00f6steriler ba\u015fkent Kahire ve di\u011fer kentlerde s\u00fcr\u00fcyor.<\/p>\n<p style=\"text-align: justify;\">Tarihinin en b\u00fcy\u00fck h\u00fck\u00fcmet kar\u015f\u0131t\u0131 g\u00f6sterilerinden birine sahne olan M\u0131s\u0131r&#8217;da, S\u00fcve\u015fy ve \u0130skendireye&#8217;de dahil olmak \u00fczere \u00fclkenin d\u00f6rt bir yan\u0131nda muhalifler M\u00fcbarek&#8217;i istifaya \u00e7a\u011f\u0131r\u0131yor.<\/p>\n<p style=\"text-align: justify;\">Protesto eylemlerine destek veren muhalif hareket M\u00fcsl\u00fcman Karde\u015fler, \u00fcyelerine cuma namaz\u0131n\u0131n ard\u0131ndan sokaklara \u00e7\u0131kmalar\u0131 i\u00e7in \u00e7a\u011fr\u0131 yapm\u0131\u015ft\u0131. M\u00fcsl\u00fcman Karde\u015fler, sal\u0131 g\u00fcn\u00fcnden bu yana s\u00fcren eylemlerde en az 5 liderinin ve 5 milletvekilinin tutukland\u0131\u011f\u0131n\u0131 a\u00e7\u0131klad\u0131.<\/p>\n<p style=\"text-align: justify;\"><strong>G\u00d6STER\u0130LERDE \u00d6LENLER\u0130N SAYISI 8&#8217;E Y\u00dcKSELD\u0130<\/strong><\/p>\n<p style=\"text-align: justify;\">G\u00f6sterilerde ba\u015fta ba\u015fkent Kahire ve S\u00fcvey\u015f kenti olmak \u00fczere polisle g\u00f6stericiler aras\u0131nda \u015fiddetli \u00e7at\u0131\u015fmalar \u00e7\u0131karken, uluslararas\u0131 ajanslar yaralananlar oldu\u011funu, S\u00fcvey\u015f&#8217;te 1 ki\u015finin \u00f6ld\u00fc\u011f\u00fcn\u00fc haber verdi. El Cezire televizyonu ise en az 2 ki\u015finin \u00f6ld\u00fc\u011f\u00fcn\u00fc duyurdu. Ajanslar, d\u00f6rt g\u00fcnde en az 8 ki\u015finin \u00f6ld\u00fc\u011f\u00fcn\u00fc bildiriyor. \u00d6len ki\u015finin 30 ya\u015f\u0131nda bir \u015fof\u00f6r olan Hamada Labib oldu\u011fu kaydedildi.<\/p>\n<p style=\"text-align: justify;\">Ajanslar ayr\u0131ca g\u00f6rg\u00fc tan\u0131klar\u0131na dayanarak, karga\u015fa i\u00e7indeki ba\u015fkent sokaklar\u0131nda yaral\u0131lar, ba\u015flar\u0131ndan kanlar akanlar ve yerde bayg\u0131n yatanlar g\u00f6r\u00fcld\u00fc\u011f\u00fcn\u00fc bildirdi.<\/p>\n<p style=\"text-align: justify;\">El Cezire televizyonu ise Kahire&#8217;de aralar\u0131nda 2005&#8217;deki cumhurba\u015fkanl\u0131\u011f\u0131 se\u00e7imlerinde H\u00fcsn\u00fc M\u00fcbarek&#8217;in ard\u0131ndan b\u00fcy\u00fck oy fark\u0131yla ikinci olan Ayman Nur&#8217;un bulundu\u011fu onlarca ki\u015finin de yaraland\u0131\u011f\u0131n\u0131 haber verdi.<\/p>\n<p style=\"text-align: justify;\"><strong>D\u00dcNYADAN TEPK\u0130LER<\/strong><\/p>\n<p style=\"text-align: justify;\">ABD Ba\u015fkan\u0131 Barack Obama, M\u0131s\u0131r&#8217;daki geli\u015fmeleri de\u011ferlendirmek \u00fczere ulusal g\u00fcvenlikle ilgili dan\u0131\u015fmanlar\u0131n\u0131 toplad\u0131. Ba\u015fkan Yard\u0131mc\u0131s\u0131 Joe Biden ve Ulusal G\u00fcvenlik Dan\u0131\u015fman\u0131 Tom Donilon&#8217;\u0131n da kat\u0131ld\u0131\u011f\u0131 toplant\u0131, 40 akika s\u00fcrd\u00fc.   Beyaz Saray s\u00f6zc\u00fcs\u00fc Robert Gibbs de M\u0131s\u0131r h\u00fck\u00fcmetine, protestocular\u0131n ifade hakk\u0131na sayg\u0131 g\u00f6sterilmesi ve kapat\u0131lan internet eri\u015fiminin yeniden a\u00e7\u0131lmas\u0131 \u00e7a\u011fr\u0131s\u0131 yapt\u0131.<\/p>\n<p style=\"text-align: justify;\">\u0130ngiltere D\u0131\u015fi\u015fleri Bakan\u0131 William Hague, M\u0131s\u0131r&#8217;daki yetkililerin &#8220;ifade \u00f6zg\u00fcrl\u00fc\u011f\u00fc hakk\u0131n\u0131 bast\u0131rmaya \u00e7al\u0131\u015fmamas\u0131 gerekti\u011fini&#8221; s\u00f6yledi. Almanya Savunma Bakan\u0131 Karl-Theodor Guttenberg, Ortado\u011fu \u00fclkelerindeki olaylar\u0131n &#8220;bula\u015f\u0131c\u0131 bir harekete d\u00f6n\u00fc\u015fme riskinin bulunmas\u0131ndan \u00f6t\u00fcr\u00fc kayg\u0131l\u0131 oldu\u011funu&#8221; s\u00f6yledi.<\/p>\n<p style=\"text-align: justify;\"><strong>CEP TELEFONU OPERAT\u00d6RLER\u0130 H\u0130ZMETLER\u0130N\u0130 DURDURDU<\/strong><\/p>\n<p style=\"text-align: justify;\">Fransa, M\u0131s\u0131r&#8217;daki sosyal kar\u0131\u015f\u0131kl\u0131k nedeniyle,vatanda\u015flar\u0131n\u0131 zorunlu olmad\u0131k\u00e7a bu \u00fclkeye gitmemeleri konusunda uyard\u0131. Bel\u00e7ika da vatanda\u015flar\u0131na M\u0131s\u0131r&#8217;\u0131n Kahire, \u0130skenderiye ve S\u00fcvey\u015f kentlerine gitmemeleri konusunda uyar\u0131da bulundu. Bu arada, \u0130ngiliz mobil telefon \u015firketi Vodafone, M\u0131s\u0131r&#8217;daki telefon operat\u00f6rlerinin hizmetlerini durdurmak zorunda kald\u0131\u011f\u0131n\u0131 a\u00e7\u0131klad\u0131.<\/p>\n<p style=\"text-align: justify;\"><strong>POL\u0130S\u0130N S\u0130LAHSIZ EYLEMC\u0130Y\u0130 VURMA ANI KAMERALARDA<\/strong><\/p>\n<p style=\"text-align: justify;\">Yoksullu\u011fa ve 30 y\u0131ll\u0131k H\u00fcsn\u00fc M\u00fcbarek iktidar\u0131na kar\u015f\u0131 kitlesel protesto g\u00f6sterilerinin yap\u0131ld\u0131\u011f\u0131 M\u0131s\u0131r&#8217;da bug\u00fcn en az bir ki\u015finin \u00f6ld\u00fc\u011f\u00fc belirtilirken, AP haber ajans\u0131 silahs\u0131z bir g\u00f6stericinin polis taraf\u0131ndan vurulu\u015f an\u0131n\u0131n g\u00f6r\u00fcnt\u00fclerini yay\u0131nlad\u0131.<\/p>\n<p style=\"text-align: justify;\"><strong>U\u00c7A\u011eA BOMBA \u0130HBARI<\/strong><\/p>\n<p style=\"text-align: justify;\">M\u0131s\u0131r Havayollar\u0131na ait bir u\u00e7a\u011f\u0131n, bomba ihbar\u0131 yap\u0131lmas\u0131 \u00fczerine Atina&#8217;ya acil ini\u015f yapt\u0131\u011f\u0131 bildirildi.<\/p>\n<p style=\"text-align: justify;\">Londra-Kahire seferini yaparken Atina&#8217;daki uluslararas\u0131 havaalan\u0131na acil ini\u015f yapan u\u00e7aktaki yolcular\u0131n iyi oldu\u011fu belirtildi.<\/p>\n<p style=\"text-align: justify;\">Yolcular\u0131n indirilip u\u00e7a\u011f\u0131n arand\u0131\u011f\u0131, kontrollerden sonra yolcular\u0131n Kahire&#8217;ye devam etmek \u00fczere u\u00e7a\u011fa al\u0131nmas\u0131n\u0131n beklendi\u011fi ifade edildi.<\/p>\n<p style=\"text-align: justify;\">U\u00e7akta 251 yolcu bulundu\u011fu kaydedildi.<\/p>\n<p style=\"text-align: justify;\"><strong>&#8220;BARI\u015e\u00c7IL PROTESTOCULARA KAR\u015eI \u015e\u0130DDET KULLANMAKTAN KA\u00c7INILMALI&#8221;<\/strong><\/p>\n<p style=\"text-align: justify;\">ABD Ba\u015fkan\u0131 Barack Obama, M\u0131s\u0131r&#8217;daki olaylarla ilgili olarak M\u0131s\u0131r Cumhurba\u015fkan\u0131 H\u00fcsn\u00fc M\u00fcbarek ile g\u00f6r\u00fc\u015ft\u00fc\u011f\u00fcn\u00fc ve M\u00fcbarek&#8217;i, halk\u0131 i\u00e7in daha fazla demokrasi ve daha fazla ekonomik f\u0131rsatlar\u0131n sa\u011flanmas\u0131 do\u011frultusunda \u00e7al\u0131\u015fma s\u00f6z\u00fcn\u00fc tutmaya \u00e7a\u011f\u0131rd\u0131\u011f\u0131n\u0131 s\u00f6yledi.<\/p>\n<p style=\"text-align: justify;\">Obama, Beyaz Saray&#8217;da yapt\u0131\u011f\u0131 a\u00e7\u0131klamada, M\u0131s\u0131rl\u0131 yetkililere, bar\u0131\u015f\u00e7\u0131l protestoculara kar\u015f\u0131 \u015fiddet kullanmaktan ka\u00e7\u0131nmas\u0131 \u00e7a\u011fr\u0131s\u0131nda bulundu.<\/p>\n<p style=\"text-align: justify;\">M\u0131s\u0131r&#8217;daki durumu yak\u0131ndan takip ettiklerini belirten Obama, ilk \u00f6nceliklerinin olaylarda \u00f6l\u00fcm ve yaralanmalar\u0131n meydana gelmesini \u00f6nlemek oldu\u011funu kaydetti.<\/p>\n<p style=\"text-align: justify;\">Obama, M\u0131s\u0131r halk\u0131n\u0131n, toplanma ve ifade \u00f6zg\u00fcrl\u00fc\u011f\u00fc, kendi geleceklerini tayin edebilme gibi evrensel haklara sahip oldu\u011funu bildirerek, bunlar\u0131n insan haklar\u0131 oldu\u011funu ve ABD&#8217;nin her yerde bu haklar\u0131n destek\u00e7isi olaca\u011f\u0131n\u0131 vurgulad\u0131.<\/p>\n<p style=\"text-align: justify;\">M\u0131s\u0131r y\u00f6netimine, internet ve cep telefonu eri\u015fimi ve sosyal a\u011flara m\u00fcdahale y\u00f6n\u00fcnde att\u0131\u011f\u0131 ad\u0131mlar\u0131 da geri almas\u0131 \u00e7a\u011fr\u0131s\u0131nda bulunan Obama, sokaklarda g\u00f6sterilerin yapanlar\u0131n da kendilerini bar\u0131\u015f\u00e7\u0131l bi\u00e7imde ifade etme sorumlulu\u011funun bulundu\u011funu, \u015fiddet ve y\u0131k\u0131m\u0131n, onlar\u0131 istedikleri reformlar\u0131 getirmeyece\u011fini s\u00f6yledi.<\/p>\n<p style=\"text-align: justify;\"><strong>&#8220;\u0130ST\u0130KRARSIZLI\u011eI UMUDA D\u00d6N\u00dc\u015eT\u00dcRMEK LAZIM&#8221;<\/strong><\/p>\n<p style=\"text-align: justify;\">Barack Obama, &#8220;bu istikrars\u0131zl\u0131k an\u0131n\u0131n umut an\u0131na d\u00f6n\u00fc\u015ft\u00fcr\u00fclmesi gerekti\u011fini&#8221; belirterek, ABD&#8217;nin M\u0131s\u0131r ile yak\u0131n ortakl\u0131\u011f\u0131n\u0131n bulundu\u011funa, daha bar\u0131\u015f\u00e7\u0131l bir b\u00f6lgenin yarat\u0131lmas\u0131 y\u00f6n\u00fcnde birlikte \u00e7al\u0131\u015fmak da dahil olmak \u00fczere, bir\u00e7ok konuda i\u015fbirli\u011fi yapt\u0131klar\u0131na dikkati \u00e7ekti.<\/p>\n<p style=\"text-align: justify;\">M\u0131s\u0131r halk\u0131n\u0131n arzular\u0131n\u0131 kar\u015f\u0131layan, siyasi, sosyal ve ekonomik reformlar\u0131n hayata ge\u00e7irilmesi gerekti\u011fi hususunu da a\u00e7\u0131k\u00e7a ortaya koyduklar\u0131na i\u015faret eden Obama, bu reformlar\u0131n yoklu\u011funda \u015fikayetlerin zaman i\u00e7inde birikti\u011fini kaydetti.<\/p>\n<p style=\"text-align: justify;\">Obama, M\u0131s\u0131r Cumhurba\u015fkan\u0131 H\u00fcsn\u00fc M\u00fcbarek&#8217;in bir s\u00fcre \u00f6nce M\u0131s\u0131r halk\u0131na sesleni\u015finde, daha iyi demokrasi ve daha b\u00fcy\u00fck ekonomik f\u0131rsat s\u00f6z\u00fc verdi\u011fini hat\u0131rlatarak, bu konu\u015fmas\u0131n\u0131n ard\u0131ndan M\u00fcbarek ile bir g\u00f6r\u00fc\u015fme yapt\u0131\u011f\u0131n\u0131 bildirdi. Obama, M\u00fcbarek ile g\u00f6r\u00fc\u015fmesinde, ona, bu s\u00f6z\u00fcn\u00fc anlamla hale getirme, bu s\u00f6z\u00fcn\u00fc yerine getirecek somut ad\u0131mlar ve eylemler geli\u015ftirme sorumlulu\u011funun bulundu\u011funu s\u00f6yledi\u011fini ifade etti.<\/p>\n<p style=\"text-align: justify;\"><strong>&#8220;SOMUT ADIMLARA \u0130HT\u0130YA\u00c7 VAR&#8221;<\/strong><\/p>\n<p style=\"text-align: justify;\">\u015eiddetin M\u0131s\u0131r halk\u0131n\u0131n \u015fikayetlerini gidermeyece\u011fini ve fikirleri bask\u0131 alt\u0131na alman\u0131n, onlar\u0131 ortadan kald\u0131rmayaca\u011f\u0131n\u0131 belirten Obama, s\u00f6zlerine \u015f\u00f6yle devam etti:<\/p>\n<p style=\"text-align: justify;\">&#8220;\u015eu anda ihtiya\u00e7 duyulan \u015fey, M\u0131s\u0131r halk\u0131n\u0131n haklar\u0131n\u0131 geli\u015ftiren somut ad\u0131mlar, M\u0131s\u0131r y\u00f6netimi ve vatanda\u015flar\u0131n\u0131n daha anlaml\u0131 diyalo\u011fu ve M\u0131s\u0131r halk\u0131na adalet ile daha fazla \u00f6zg\u00fcrl\u00fck ve f\u0131rsat getirecek gelece\u011fe uzanan siyasi de\u011fi\u015fim y\u00f6nelimi&#8230;<\/p>\n<p style=\"text-align: justify;\">\u015eu anda M\u0131s\u0131r&#8217;\u0131n gelece\u011fi, M\u0131s\u0131r halk\u0131 taraf\u0131ndan belirlenecek ve M\u0131s\u0131r halk\u0131n\u0131n, hepimizin istedi\u011fiyle ayn\u0131 \u015feyleri istedi\u011fine inan\u0131yorum: Bizler ve \u00e7ocuklar\u0131m\u0131z daha iyi bir hayat, adil ve duyarl\u0131 bir y\u00f6netim. Basit\u00e7e s\u00f6ylemek gerekirse, M\u0131s\u0131r halk\u0131 b\u00fcy\u00fck ve \u00e7ok eski bir medeniyetin varislerine yak\u0131\u015fan bir gelecek istiyor&#8221;.<\/p>\n<p style=\"text-align: justify;\">Obama, ABD&#8217;nin b\u00f6yle bir gelece\u011fin takibinde her zaman bir ortak olaca\u011f\u0131n\u0131 bildirerek, bunu ba\u015farmak i\u00e7in M\u0131s\u0131r y\u00f6netimi ve halk\u0131yla birlikte \u00e7al\u0131\u015facaklar\u0131n\u0131n taahh\u00fcd\u00fcn\u00fc verdi.<\/p>\n<p style=\"text-align: justify;\">T\u00fcm d\u00fcnya genelinde h\u00fck\u00fcmetlerin vatanda\u015flar\u0131n\u0131n taleplerine yan\u0131t verme y\u00fck\u00fcml\u00fcl\u00fc\u011f\u00fc i\u00e7inde oldu\u011funu hat\u0131rlatan Obama, Kahire&#8217;deki konu\u015fmas\u0131nda da t\u00fcm h\u00fck\u00fcmetlerin iktidarlar\u0131n\u0131 zorlamayla de\u011fil, r\u0131zayla ellerinde tutmalar\u0131 gerekti\u011fini s\u00f6yledi\u011fini hat\u0131rlatt\u0131. Obama, M\u0131s\u0131r halk\u0131n\u0131n hak etti\u011fi gelece\u011fe ula\u015fmas\u0131 i\u00e7in de tek standard\u0131n bu oldu\u011funu kaydetti.<\/p>\n<p style=\"text-align: justify;\">\u00d6nlerinde zor g\u00fcnlerin olaca\u011f\u0131n\u0131 ifade eden Obama, &#8220;Ancak ABD, M\u0131s\u0131r halk\u0131n\u0131n haklar\u0131na destek vermeye devam edecek ve daha adil, \u00f6zg\u00fcr ve umutlu bir gelece\u011fin takibinde M\u0131s\u0131r y\u00f6netimiyle birlikte \u00e7al\u0131\u015facak&#8221; dedi.<\/p>\n<p style=\"text-align: justify;\"><a href=\"http:\/\/www.gazeteport.com.tr\/DUNYA\/NEWS\/GP_843585\" target=\"_blank\"><span style=\"color: #888888;\">Kaynak : GAZETEPORT<\/span><\/a><\/p>\n","protected":false},"excerpt":{"rendered":"<p style=\"text-align: center;\">\n<p style=\"text-align: justify;\">* Yoksulluktan ve Devlet Ba\u015fkan\u0131 H\u00fcsn\u00fc M\u00fcbarek&#8217;in 30 y\u0131ll\u0131k iktidar\u0131ndan usanan halk\u0131n sokaklara d\u00f6k\u00fcld\u00fc\u011f\u00fc M\u0131s\u0131r, Cuma namaz\u0131 sonras\u0131 yap\u0131lan kitlesel g\u00f6sterilere polisin m\u00fcdahale etmesiyle yang\u0131n yerine d\u00f6nd\u00fc.<\/p>\n<p style=\"text-align: justify;\">* Polisin, tazyikli su ile m\u00fcdahale etti\u011fi muhalif lider Baradey ev hapsine al\u0131nd\u0131.<\/p>\n<p style=\"text-align: justify;\">* Kahire&#8217;de meydana gelen bug\u00fcnk\u00fc olaylarda <\/p>\n","protected":false},"author":1,"featured_media":0,"comment_status":"open","ping_status":"closed","sticky":false,"template":"","format":"standard","meta":{"footnotes":""},"categories":[105],"tags":[],"class_list":["post-27476","post","type-post","status-publish","format-standard","hentry","category-gundem","odd"],"_links":{"self":[{"href":"http:\/\/www.korhanyilmaz.com\/index.php?rest_route=\/wp\/v2\/posts\/27476","targetHints":{"allow":["GET"]}}],"collection":[{"href":"http:\/\/www.korhanyilmaz.com\/index.php?rest_route=\/wp\/v2\/posts"}],"about":[{"href":"http:\/\/www.korhanyilmaz.com\/index.php?rest_route=\/wp\/v2\/types\/post"}],"author":[{"embeddable":true,"href":"http:\/\/www.korhanyilmaz.com\/index.php?rest_route=\/wp\/v2\/users\/1"}],"replies":[{"embeddable":true,"href":"http:\/\/www.korhanyilmaz.com\/index.php?rest_route=%2Fwp%2Fv2%2Fcomments&post=27476"}],"version-history":[{"count":0,"href":"http:\/\/www.korhanyilmaz.com\/index.php?rest_route=\/wp\/v2\/posts\/27476\/revisions"}],"wp:attachment":[{"href":"http:\/\/www.korhanyilmaz.com\/index.php?rest_route=%2Fwp%2Fv2%2Fmedia&parent=27476"}],"wp:term":[{"taxonomy":"category","embeddable":true,"href":"http:\/\/www.korhanyilmaz.com\/index.php?rest_route=%2Fwp%2Fv2%2Fcategories&post=27476"},{"taxonomy":"post_tag","embeddable":true,"href":"http:\/\/www.korhanyilmaz.com\/index.php?rest_route=%2Fwp%2Fv2%2Ftags&post=27476"}],"curies":[{"name":"wp","href":"https:\/\/api.w.org\/{rel}","templated":true}]}}