{"id":27472,"date":"2011-01-29T07:39:36","date_gmt":"2011-01-29T05:39:36","guid":{"rendered":"http:\/\/www.korhanyilmaz.com\/?p=27472"},"modified":"2011-01-29T07:39:36","modified_gmt":"2011-01-29T05:39:36","slug":"direnisle-islik-calma-gibi-protestolari-kastettim","status":"publish","type":"post","link":"http:\/\/www.korhanyilmaz.com\/?p=27472","title":{"rendered":"&#8220;Direni\u015fle \u0131sl\u0131k \u00e7alma gibi protestolar\u0131 kastettim&#8221;"},"content":{"rendered":"<p style=\"text-align: center;\"><a href=\"http:\/\/www.korhanyilmaz.com\/wp-content\/uploads\/2011\/01\/038.jpg\"  class=\"lightview\"><img loading=\"lazy\" decoding=\"async\" class=\"aligncenter size-full wp-image-27473\" src=\"http:\/\/www.korhanyilmaz.com\/wp-content\/uploads\/2011\/01\/038.jpg\" alt=\"\" width=\"414\" height=\"158\" \/><\/a><\/p>\n<p style=\"text-align: justify;\">CHP Konya Milletvekili Atilla Kart \u00f6nceki g\u00fcn yapt\u0131klar\u0131 halka direni\u015f \u00e7a\u011fr\u0131s\u0131na a\u00e7\u0131kl\u0131k getirdi.<\/p>\n<p style=\"text-align: justify;\">S\u00f6zc\u00fcl\u00fc\u011f\u00fcn\u00fc CHP Konya Milletvekili Atilla Kart\u2019\u0131n yapt\u0131\u011f\u0131 ve CHP\u2019nin Meclis Adalet Komisyonu \u00fcyesi milletvekilleri d\u00fcn yapt\u0131klar\u0131 bas\u0131n toplant\u0131s\u0131nda halk\u0131 demokrasiyi yok eden ve yarg\u0131y\u0131 ele ge\u00e7iren AKP H\u00fck\u00fcmeti\u2019ne kar\u015f\u0131 direni\u015fe \u00e7a\u011f\u0131rd\u0131klar\u0131n\u0131 a\u00e7\u0131klam\u0131\u015flard\u0131. Bu \u00e7a\u011fr\u0131 kafalarda kar\u0131\u015f\u0131kl\u0131\u011fa da yol a\u00e7m\u0131\u015f ne t\u00fcr bir direni\u015fin kastedildi\u011fi tam olarak anla\u015f\u0131lamam\u0131\u015ft\u0131. Gazeteport  CHP Konya Milletvekili Atilla Kart\u2019a \u00e7a\u011fr\u0131 ile ne kastedildi\u011fini sordu. Atilla Kart yan\u0131tlad\u0131. <!--more--><\/p>\n<p style=\"text-align: justify;\"><strong>ISLIK \u00c7ALMA G\u0130B\u0130 PROTESTOLAR<\/strong><\/p>\n<p style=\"text-align: justify;\">\u201c\u015eimdi, biz 5 sayfal\u0131k bir metin haz\u0131rlam\u0131\u015ft\u0131k ama tabii bunun hepsini bas\u0131n toplant\u0131s\u0131nda okuyamad\u0131k. O nedenle tam anla\u015f\u0131lamam\u0131\u015f olabilir. Biz me\u015fru ve anayasal \u00e7er\u00e7evede bir direni\u015ften s\u00f6z ediyoruz. \u00d6rne\u011fin Arena stad\u0131ndaki \u0131sl\u0131k protestosu buna \u00e7ok iyi bir \u00f6rnek. Toplant\u0131 ve mitingler de anayasal \u00e7er\u00e7evede demokratik protesto hakk\u0131n\u0131n bir par\u00e7as\u0131d\u0131r.<\/p>\n<p style=\"text-align: justify;\"><strong>\u0130LK \u00c7A\u011eRIYI BAYKAL YAPMI\u015eTI<\/strong><\/p>\n<p style=\"text-align: justify;\">Hem sonra, bu \u00e7a\u011fr\u0131 ilk kez yap\u0131lm\u0131yor. Say\u0131n Baykal 2005 haziran\u0131nda bu t\u00fcr bir \u00e7a\u011fr\u0131y\u0131 yapm\u0131\u015ft\u0131 hat\u0131rlan\u0131rsa. Say\u0131n Baykal da karanl\u0131k bir d\u00f6neme girdi\u011fimizi ifade ederek halka buna kar\u015f\u0131 direni\u015f \u00e7a\u011fr\u0131s\u0131 yapm\u0131\u015ft\u0131.<\/p>\n<p style=\"text-align: justify;\"><strong>H\u00dcK\u00dcMET \u0130LLEGAL KARARGAHLARLA \u0130RT\u0130BAT \u0130\u00c7\u0130NDE<\/strong><\/p>\n<p style=\"text-align: justify;\">\u015eu andaki durum da \u00e7ok vahimdir. Ba\u015fbakanl\u0131k, \u0130\u00e7i\u015fleri Bakanl\u0131\u011f\u0131 ve Adalet Bakanl\u0131\u011f\u0131 kolluk i\u00e7indeki illegal karargahlarla irtibat halindedir.<\/p>\n<p style=\"text-align: justify;\"><strong>DEL\u0130L Y\u00dcKL\u00dcYOR, DEL\u0130L EKL\u0130YORLAR<\/strong><\/p>\n<p style=\"text-align: justify;\">Bu illegal karargahlar belli kritik davalarda delil eklemesi, delil y\u00fcklemesi yapmaktalar.<\/p>\n<p style=\"text-align: justify;\"><strong>KCK DAVASINDA DA KURGU DEL\u0130L YARATILIYOR<\/strong><\/p>\n<p style=\"text-align: justify;\">Buna KCK davas\u0131 da dahil. KCK davas\u0131nda da baz\u0131 kurgu deliller ekleniyor dosyalara. Biz de t\u00fcm bu durum kar\u015f\u0131s\u0131nda halk\u0131 sorumlulu\u011fa davet ediyoruz. Me\u015fru yollarla buna kar\u015f\u0131 direnme \u00e7a\u011fr\u0131s\u0131 yap\u0131yoruz. Toplumun her kesimine \u00e7a\u011fr\u0131 yap\u0131yoruz, sadece CHP taban\u0131na de\u011fil. MHP\u2019lilere de, sivil toplum \u00f6rg\u00fctlerine de, meslek \u00f6rg\u00fctlerine de, liberal demokrat ayd\u0131nlara da.<\/p>\n<p style=\"text-align: justify;\"><strong>BASIN DA D\u0130RENMEL\u0130<\/strong><\/p>\n<p style=\"text-align: justify;\">Bas\u0131na da yap\u0131yoruz bu \u00e7a\u011fr\u0131y\u0131. H\u00fck\u00fcmetin t\u00fcm bask\u0131 ve sans\u00fcrleme \u00e7abalar\u0131na ra\u011fmen bas\u0131n\u0131n da direnmesi, bu bask\u0131ya boyun e\u011fmemesi ve demokrasi ihlallerini dillendirmesi gerekir.<\/p>\n<p style=\"text-align: justify;\"><strong>PROVOKASYON OLAB\u0130L\u0130R, BU ENGELLENMEL\u0130<\/strong><\/p>\n<p style=\"text-align: justify;\">Elbette her zaman bu t\u00fcr eylemlerin i\u00e7ine provokasyon kar\u0131\u015ft\u0131rmak isteyenler olabilir. Buna kar\u015f\u0131 dikkatli olunmal\u0131. Ayr\u0131ca provokasyonlara kar\u015f\u0131 \u00f6nlem alma g\u00f6revi kolluk g\u00fcc\u00fcn\u00fc elinde bulunduran H\u00fck\u00fcmet\u2019e aittir.<\/p>\n<p style=\"text-align: justify;\"><a href=\"http:\/\/www.gazeteport.com.tr\/SIYASET\/NEWS\/GP_844022\" target=\"_blank\"><span style=\"color: #888888;\">Kaynak : Safile Usul &#8211; GAZETEPORT<\/span><\/a><\/p>\n","protected":false},"excerpt":{"rendered":"<p style=\"text-align: center;\">\n<p style=\"text-align: justify;\">CHP Konya Milletvekili Atilla Kart \u00f6nceki g\u00fcn yapt\u0131klar\u0131 halka direni\u015f \u00e7a\u011fr\u0131s\u0131na a\u00e7\u0131kl\u0131k getirdi.<\/p>\n<p style=\"text-align: justify;\">S\u00f6zc\u00fcl\u00fc\u011f\u00fcn\u00fc CHP Konya Milletvekili Atilla Kart\u2019\u0131n yapt\u0131\u011f\u0131 ve CHP\u2019nin Meclis Adalet Komisyonu \u00fcyesi milletvekilleri d\u00fcn yapt\u0131klar\u0131 bas\u0131n toplant\u0131s\u0131nda halk\u0131 demokrasiyi yok eden ve yarg\u0131y\u0131 ele ge\u00e7iren AKP H\u00fck\u00fcmeti\u2019ne kar\u015f\u0131 direni\u015fe \u00e7a\u011f\u0131rd\u0131klar\u0131n\u0131 a\u00e7\u0131klam\u0131\u015flard\u0131. Bu \u00e7a\u011fr\u0131 kafalarda <\/p>\n","protected":false},"author":1,"featured_media":0,"comment_status":"open","ping_status":"closed","sticky":false,"template":"","format":"standard","meta":{"footnotes":""},"categories":[105],"tags":[],"class_list":["post-27472","post","type-post","status-publish","format-standard","hentry","category-gundem","odd"],"_links":{"self":[{"href":"http:\/\/www.korhanyilmaz.com\/index.php?rest_route=\/wp\/v2\/posts\/27472","targetHints":{"allow":["GET"]}}],"collection":[{"href":"http:\/\/www.korhanyilmaz.com\/index.php?rest_route=\/wp\/v2\/posts"}],"about":[{"href":"http:\/\/www.korhanyilmaz.com\/index.php?rest_route=\/wp\/v2\/types\/post"}],"author":[{"embeddable":true,"href":"http:\/\/www.korhanyilmaz.com\/index.php?rest_route=\/wp\/v2\/users\/1"}],"replies":[{"embeddable":true,"href":"http:\/\/www.korhanyilmaz.com\/index.php?rest_route=%2Fwp%2Fv2%2Fcomments&post=27472"}],"version-history":[{"count":0,"href":"http:\/\/www.korhanyilmaz.com\/index.php?rest_route=\/wp\/v2\/posts\/27472\/revisions"}],"wp:attachment":[{"href":"http:\/\/www.korhanyilmaz.com\/index.php?rest_route=%2Fwp%2Fv2%2Fmedia&parent=27472"}],"wp:term":[{"taxonomy":"category","embeddable":true,"href":"http:\/\/www.korhanyilmaz.com\/index.php?rest_route=%2Fwp%2Fv2%2Fcategories&post=27472"},{"taxonomy":"post_tag","embeddable":true,"href":"http:\/\/www.korhanyilmaz.com\/index.php?rest_route=%2Fwp%2Fv2%2Ftags&post=27472"}],"curies":[{"name":"wp","href":"https:\/\/api.w.org\/{rel}","templated":true}]}}