{"id":27461,"date":"2011-01-28T09:13:13","date_gmt":"2011-01-28T07:13:13","guid":{"rendered":"http:\/\/www.korhanyilmaz.com\/?p=27461"},"modified":"2011-01-28T09:13:13","modified_gmt":"2011-01-28T07:13:13","slug":"kirik-kasetlerde-iz-bulunamadi","status":"publish","type":"post","link":"http:\/\/www.korhanyilmaz.com\/?p=27461","title":{"rendered":"K\u0131r\u0131k kasetlerde iz bulunamad\u0131"},"content":{"rendered":"<p style=\"text-align: center;\"><a href=\"http:\/\/www.korhanyilmaz.com\/wp-content\/uploads\/2011\/01\/034.jpg\"  class=\"lightview\"><img loading=\"lazy\" decoding=\"async\" class=\"aligncenter size-full wp-image-27462\" src=\"http:\/\/www.korhanyilmaz.com\/wp-content\/uploads\/2011\/01\/034.jpg\" alt=\"\" width=\"411\" height=\"211\" \/><\/a><\/p>\n<p style=\"text-align: justify;\">Devrimci Karargah \u00f6rg\u00fct\u00fcne bilgi s\u0131zd\u0131rd\u0131\u011f\u0131 iddias\u0131yla tutuklanan Hanefi Avc\u0131&#8217;n\u0131n makam odas\u0131nda ele ge\u00e7ti\u011fi ileri s\u00fcr\u00fclen ses kasetlerinde, kasetler tahrip edildi\u011fi i\u00e7in parmak izi bulunamad\u0131\u011f\u0131 \u00f6\u011frenildi.<\/p>\n<p style=\"text-align: justify;\">Devrimci Karargah soru\u015fturmas\u0131 kapsam\u0131nda \u00f6rg\u00fcte bilgi s\u0131zd\u0131rd\u0131\u011f\u0131 iddias\u0131yla tutuklanan emniyet m\u00fcd\u00fcr\u00fc Hanefi Avc\u0131&#8217;n\u0131n soru\u015fturmas\u0131nda ilgin\u00e7 geli\u015fme. <!--more--><\/p>\n<p style=\"text-align: justify;\">Hanefi Avc\u0131&#8217;n\u0131n makam odas\u0131n\u0131n dinlenme b\u00f6l\u00fcm\u00fcndeki portmantonun \u00fczerinde siyah bir deri \u00e7anta i\u00e7inde ele ge\u00e7ti\u011fi ileri s\u00fcr\u00fclen ses kasetleri \u00fczerinde parmak izi tespit edilemedi\u011fi \u00f6\u011frenildi. Edinilen bilgiye g\u00f6re; delil tespiti s\u0131ras\u0131nda manyetik bantlar\u0131n, Olay Yeri \u0130nceleme ve Parmak \u0130zi \u015eube M\u00fcd\u00fcrl\u00fc\u011f\u00fc ile TUB\u0130TAK g\u00f6revlilerine teslimi s\u0131ras\u0131nda, plastik muhafazalar\u0131n k\u0131r\u0131ld\u0131\u011f\u0131 i\u00e7in dinleme kasetleri \u00fczerinde parmak izi \u00e7al\u0131\u015fmas\u0131 yap\u0131lamad\u0131\u011f\u0131 ileri s\u00fcr\u00fcld\u00fc.<\/p>\n<p style=\"text-align: justify;\"><strong>KASETLER TAHR\u0130P ED\u0130LM\u0130\u015e PARMAK \u0130Z\u0130 \u0130NCELEMES\u0130 YAPILAMIYOR<\/strong><\/p>\n<p style=\"text-align: justify;\">\u00d6zel Yetkili Savc\u0131 Kadir Alt\u0131n\u0131\u015f\u0131k taraf\u0131ndan parmak izi tespiti yap\u0131labilmesi amac\u0131yla \u0130stanbul Emniyet M\u00fcd\u00fcrl\u00fc\u011f\u00fc Olay Yeri \u0130nceleme ve Parmak \u0130zi \u015eube m\u00fcd\u00fcrl\u00fc\u011f\u00fcne teslim edilen kasetler \u00fczerinde &#8220;kasetler tahrip edildi\u011fi i\u00e7in&#8221; parmak izi tespiti yap\u0131lamad\u0131\u011f\u0131 \u00f6\u011frenildi Hanefi Avc\u0131&#8217;n\u0131n avukat\u0131 Fidel Okan\u2019n\u0131n \u00d6zel Yetkili Cumhuriyet Savc\u0131s\u0131 Kadir Alt\u0131n\u0131\u015f\u0131k hakk\u0131nda HSYK ve Yarg\u0131tay\u2019a Su\u00e7 duyurusunda bulunaca\u011f\u0131 \u00f6\u011frenildi. Konuya ili\u015fkin g\u00f6r\u00fc\u015f\u00fcne ba\u015fvurmak istedi\u011fimiz Avukat Fidel Okan ise \u015fimdilik yorum yapmayaca\u011f\u0131n\u0131 s\u00f6yledi.<\/p>\n<p style=\"text-align: justify;\"><strong>OLAYIN GE\u00c7M\u0130\u015e\u0130<\/strong><\/p>\n<p style=\"text-align: justify;\">Devrimci Karargah \u00f6rg\u00fct\u00fcne bilgi s\u0131zd\u0131rd\u0131\u011f\u0131 iddias\u0131yla tutuklanan emnyet m\u00fcd\u00fcr\u00fc Hanefi Avc\u0131&#8217;n\u0131n yap\u0131lan aramadan yakla\u015f\u0131k 40 g\u00fcn \u00f6nce bo\u015faltt\u0131\u011f\u0131n\u0131 ileri s\u00fcrd\u00fc\u011f\u00fc makam odas\u0131nda bulunan siyah bir \u00e7anta i\u00e7erisinden bir \u00e7ok gazetecinin, b\u00fcrokrat\u0131n ve i\u015f adam\u0131n\u0131n telefon g\u00f6r\u00fc\u015fmelerinin bulundu\u011fu kasetler \u00e7\u0131km\u0131\u015ft\u0131.<\/p>\n<p style=\"text-align: justify;\">S\u00f6z konusu kasetlerde dinledi\u011fi anla\u015f\u0131lan ma\u011fdurlar Be\u015fikta\u015f Adliyesinde ifade vermesinden sonra. 27.10.2010 tarihinde soru\u015fturmay\u0131 y\u00fcr\u00fcten \u00d6zel Yetkili Savc\u0131 Kadir Alt\u0131n\u0131\u015f\u0131k, T\u00dcB\u0130TAK yetkilileri ve \u0130stanbul Emniyet M\u00fcd\u00fcrl\u00fc\u011f\u00fc Olay Yeri \u0130nceleme ve Parmak \u0130zi Tespit \u015eube M\u00fcd\u00fcrl\u00fc\u011f\u00fc polislerinin kat\u0131ld\u0131\u011f\u0131 delil incelemesine yasa gere\u011fi Avc\u0131n\u0131n Avukat\u0131 Fidel Okan kat\u0131lm\u0131\u015ft\u0131. Hanefi Avc\u0131&#8217;n\u0131n makam odas\u0131ndan \u00e7\u0131kt\u0131\u011f\u0131 ileri s\u00fcr\u00fclen yasad\u0131\u015f\u0131 dinleme kay\u0131tlar\u0131n\u0131n bulundu\u011fu 24 kasetin delil aranmas\u0131 s\u0131ras\u0131nda, parmak izi incelemesi yapan Olay Yeri \u0130nceleme polisi ve TUB\u0130TAK g\u00f6revlileri taraf\u0131ndan k\u0131r\u0131lmaya ba\u015flanmas\u0131 \u00fczerine, Hanefi Avc\u0131&#8217;n\u0131n avukat\u0131 Fidel Okan ile soru\u015fturmay\u0131 y\u00fcr\u00fcten \u00d6zel Yetkili Savc\u0131 Kadir Alt\u0131n\u0131\u015f\u0131k aras\u0131nda \u00e7ok sert bir tart\u0131\u015fma ya\u015fand\u0131\u011f\u0131 ileri s\u00fcr\u00fclm\u00fc\u015ft\u00fc. Avukat Okan delil arama bahanesi ile  delillerin yok edildi\u011fini ifade ederek, kasetlerin k\u0131r\u0131lmas\u0131 durumunda parmak izinden sonu\u00e7 al\u0131namayaca\u011f\u0131n\u0131 belirterek olay\u0131 tutana\u011fa ba\u011flatarak ke\u015fif mahallini terk etti\u011fi \u00f6\u011frenilmi\u015fti.<\/p>\n<p style=\"text-align: justify;\"><a href=\"http:\/\/www.gazeteport.com.tr\/GUNCEL\/NEWS\/GP_843477\" target=\"_blank\"><span style=\"color: #888888;\">Kaynak : ihsan Demir &#8211; GAZETEPORT<\/span><\/a><\/p>\n","protected":false},"excerpt":{"rendered":"<p style=\"text-align: center;\">\n<p style=\"text-align: justify;\">Devrimci Karargah \u00f6rg\u00fct\u00fcne bilgi s\u0131zd\u0131rd\u0131\u011f\u0131 iddias\u0131yla tutuklanan Hanefi Avc\u0131&#8217;n\u0131n makam odas\u0131nda ele ge\u00e7ti\u011fi ileri s\u00fcr\u00fclen ses kasetlerinde, kasetler tahrip edildi\u011fi i\u00e7in parmak izi bulunamad\u0131\u011f\u0131 \u00f6\u011frenildi.<\/p>\n<p style=\"text-align: justify;\">Devrimci Karargah soru\u015fturmas\u0131 kapsam\u0131nda \u00f6rg\u00fcte bilgi s\u0131zd\u0131rd\u0131\u011f\u0131 iddias\u0131yla tutuklanan emniyet m\u00fcd\u00fcr\u00fc Hanefi Avc\u0131&#8217;n\u0131n soru\u015fturmas\u0131nda ilgin\u00e7 geli\u015fme. <\/p>\n","protected":false},"author":1,"featured_media":0,"comment_status":"open","ping_status":"closed","sticky":false,"template":"","format":"standard","meta":{"footnotes":""},"categories":[105],"tags":[],"class_list":["post-27461","post","type-post","status-publish","format-standard","hentry","category-gundem","odd"],"_links":{"self":[{"href":"http:\/\/www.korhanyilmaz.com\/index.php?rest_route=\/wp\/v2\/posts\/27461","targetHints":{"allow":["GET"]}}],"collection":[{"href":"http:\/\/www.korhanyilmaz.com\/index.php?rest_route=\/wp\/v2\/posts"}],"about":[{"href":"http:\/\/www.korhanyilmaz.com\/index.php?rest_route=\/wp\/v2\/types\/post"}],"author":[{"embeddable":true,"href":"http:\/\/www.korhanyilmaz.com\/index.php?rest_route=\/wp\/v2\/users\/1"}],"replies":[{"embeddable":true,"href":"http:\/\/www.korhanyilmaz.com\/index.php?rest_route=%2Fwp%2Fv2%2Fcomments&post=27461"}],"version-history":[{"count":0,"href":"http:\/\/www.korhanyilmaz.com\/index.php?rest_route=\/wp\/v2\/posts\/27461\/revisions"}],"wp:attachment":[{"href":"http:\/\/www.korhanyilmaz.com\/index.php?rest_route=%2Fwp%2Fv2%2Fmedia&parent=27461"}],"wp:term":[{"taxonomy":"category","embeddable":true,"href":"http:\/\/www.korhanyilmaz.com\/index.php?rest_route=%2Fwp%2Fv2%2Fcategories&post=27461"},{"taxonomy":"post_tag","embeddable":true,"href":"http:\/\/www.korhanyilmaz.com\/index.php?rest_route=%2Fwp%2Fv2%2Ftags&post=27461"}],"curies":[{"name":"wp","href":"https:\/\/api.w.org\/{rel}","templated":true}]}}