{"id":27452,"date":"2011-01-27T17:15:06","date_gmt":"2011-01-27T15:15:06","guid":{"rendered":"http:\/\/www.korhanyilmaz.com\/?p=27452"},"modified":"2011-01-27T17:15:06","modified_gmt":"2011-01-27T15:15:06","slug":"cuppeli-kapak-davasi-basladi","status":"publish","type":"post","link":"http:\/\/www.korhanyilmaz.com\/?p=27452","title":{"rendered":"&#8220;C\u00fcppeli Kapak&#8221; davas\u0131 ba\u015flad\u0131"},"content":{"rendered":"<p style=\"text-align: center;\"><a href=\"http:\/\/www.korhanyilmaz.com\/wp-content\/uploads\/2011\/01\/031.jpg\"  class=\"lightview\"><img loading=\"lazy\" decoding=\"async\" class=\"aligncenter size-full wp-image-27453\" src=\"http:\/\/www.korhanyilmaz.com\/wp-content\/uploads\/2011\/01\/031.jpg\" alt=\"\" width=\"368\" height=\"276\" \/><\/a><\/p>\n<p style=\"text-align: justify;\">Erzurum Savc\u0131s\u0131 \u015eanal&#8217;\u0131n, \u0130lhan Ta\u015fc\u0131&#8217;n\u0131n &#8220;C\u00fcppeli Adalet&#8221; kitab\u0131n\u0131n kapa\u011f\u0131ndaki ye\u015fil takkeli ve sakall\u0131 ki\u015finin kendisine benzedi\u011fi iddias\u0131yla kitab\u0131n yazar\u0131 gazeteci \u0130lhan Ta\u015f\u00e7\u0131 ile kitab\u0131n yay\u0131nc\u0131s\u0131 Yeni G\u00fcn Haber Ajans\u0131 Bas\u0131n ve Yay\u0131nc\u0131l\u0131k A.\u015e&#8217;ye a\u00e7t\u0131\u011f\u0131 15 bin liral\u0131k manevi tazminat davas\u0131n\u0131n g\u00f6r\u00fclmesine ba\u015fland\u0131.<!--more--><\/p>\n<p style=\"text-align: justify;\">Erzurum Cumhuriyet Savc\u0131s\u0131 Osman \u015eanal&#8217;\u0131n, &#8221;C\u00fcppeli Adalet&#8221; adl\u0131 kitapta &#8221;ki\u015filik haklar\u0131na sald\u0131r\u0131da bulundu\u011fu&#8221; gerek\u00e7esiyle kitab\u0131n yazar\u0131 gazeteci \u0130lhan Ta\u015f\u00e7\u0131 ile kitab\u0131n yay\u0131nc\u0131s\u0131 Yeni G\u00fcn Haber Ajans\u0131 Bas\u0131n ve Yay\u0131nc\u0131l\u0131k A.\u015e&#8217;ye a\u00e7t\u0131\u011f\u0131 15 bin liral\u0131k manevi tazminat davas\u0131n\u0131n g\u00f6r\u00fclmesine ba\u015fland\u0131.<\/p>\n<p style=\"text-align: justify;\">Ankara 1. Asliye Hukuk Mahkemesi&#8217;ndeki duru\u015fmaya Savc\u0131 \u015eanal&#8217;\u0131n avukat\u0131 S\u00fcleyman Sall\u0131 ile Cumhuriyet Gazetesi muhabiri \u0130lhan Ta\u015f\u00e7\u0131 ve Yeni G\u00fcn Haber Ajans\u0131 Bas\u0131n ve Yay\u0131nc\u0131l\u0131k A.\u015e avukat\u0131 Feyza Y\u00fcksel kat\u0131ld\u0131. Avukat Y\u00fcksel, dava dilek\u00e7esine kar\u015f\u0131 beyanlar\u0131n\u0131n yer ald\u0131\u011f\u0131 dilek\u00e7eyi mahkemeye ve Avukat Sall\u0131&#8217;ya verdi. Avukat Sall\u0131 da delil bildirmek i\u00e7in s\u00fcre istedi.<\/p>\n<p style=\"text-align: justify;\">Yarg\u0131\u00e7 Hatice Zerrin G\u00fcrkanl\u0131, Avukat Sall\u0131&#8217;ya, bug\u00fcn ald\u0131\u011f\u0131 dilek\u00e7eye ili\u015fkin beyanda bulunmas\u0131, ayr\u0131ca her iki avukata delil bildirmesi i\u00e7in s\u00fcre vererek, duru\u015fmay\u0131 erteledi.<\/p>\n<p style=\"text-align: justify;\">Ta\u015f\u00e7\u0131 ve yay\u0131nc\u0131n\u0131n avukat\u0131 Y\u00fcksel&#8217;in cevap dilek\u00e7esinde; kitab\u0131n, \u015eanal ile ilgili kaleme al\u0131nmad\u0131\u011f\u0131, \u015eanal&#8217;\u0131n ki\u015filik haklar\u0131na sald\u0131rma ve kamuoyunda yanl\u0131\u015f kan\u0131 uyand\u0131rma amac\u0131 ta\u015f\u0131mad\u0131\u011f\u0131, eserdeki t\u00fcm a\u00e7\u0131klamalar\u0131n resmi belgelere, ilgililerin bas\u0131na yans\u0131yan a\u00e7\u0131klamalar\u0131na ve bizzat olaylar\u0131n muhataplar\u0131n\u0131n a\u00e7\u0131klamalar\u0131na dayand\u0131\u011f\u0131 ifade edildi.<\/p>\n<p style=\"text-align: justify;\">\u015eanal&#8217;\u0131n, &#8221;kitap kendisiyle ilgili yaz\u0131lm\u0131\u015f gibi de\u011ferlendirdirdi\u011fi, hatta hi\u00e7 alakas\u0131 yokken kitap kapa\u011f\u0131ndaki resmin dahi kendisini tasvir etme ama\u00e7l\u0131 yap\u0131ld\u0131\u011f\u0131 y\u00f6n\u00fcnde subjektif de\u011ferlendirmelerde bulundu\u011fu&#8221; kaydedilen dilek\u00e7ede, &#8221;Eserin b\u00fct\u00fcn\u00fcn\u00fc g\u00f6z \u00f6n\u00fcnde bulundurdu\u011fumuzda, davac\u0131 \u015eanal \u00f6zelinde kaleme al\u0131nm\u0131\u015fcas\u0131na de\u011ferlendirmenin m\u00fcmk\u00fcn olmad\u0131\u011f\u0131 g\u00f6r\u00fclmektedir. Eserde \u015eanal&#8217;\u0131n ismine olay\u0131n zorunlu k\u0131ld\u0131\u011f\u0131 noktalarda ve gerekti\u011fi \u00f6l\u00e7\u00fcde yer verilmi\u015ftir&#8221; ifadeleri kullan\u0131ld\u0131.<\/p>\n<p style=\"text-align: justify;\"><strong>Dava dilek\u00e7esi <\/strong><\/p>\n<p style=\"text-align: justify;\">Avukat Sall\u0131&#8217;n\u0131n a\u00e7t\u0131\u011f\u0131 davan\u0131n dilek\u00e7esinde, m\u00fcvekkili \u015eanal&#8217;\u0131n ki\u015filik haklar\u0131n\u0131n eserle ihlal edildi\u011fi ifade edilerek, &#8221;Daval\u0131 taraf\u0131ndan, m\u00fcvekkil (\u015eanal) hakk\u0131nda eserde ad\u0131 ge\u00e7en birtak\u0131m cemaatlere ve gruplara yard\u0131m etti\u011fi bir\u00e7ok kez zikredilmi\u015f olup, ayr\u0131ca kitap i\u00e7eri\u011finde m\u00fcvekkilin aleyhine ve ki\u015filik haklar\u0131n\u0131 zedeleyecek \u015fekilde \u00e7arp\u0131tma haberler yap\u0131lm\u0131\u015ft\u0131r. Bundan dolay\u0131 m\u00fcvekkilin mesleki ba\u015far\u0131 ve itibar\u0131 zedelenmi\u015ftir&#8221; denildi.<\/p>\n<p style=\"text-align: justify;\">&#8221;Kitapla, \u015eanal&#8217;a zarar verme ve kamuoyunda yanl\u0131\u015f kan\u0131 uyand\u0131rma amac\u0131 g\u00fcd\u00fcld\u00fc\u011f\u00fc&#8221; savunulan dilek\u00e7ede, \u015funlar kaydedildi:<\/p>\n<p style=\"text-align: justify;\">&#8221;Kitab\u0131n kapa\u011f\u0131na bak\u0131ld\u0131\u011f\u0131nda, ba\u015f\u0131nda bir takke ve sakal\u0131 bulunan, ayr\u0131ca \u00fczerinde hakim ve savc\u0131lar\u0131n kulland\u0131\u011f\u0131 bir c\u00fcbbe i\u00e7erisinde tasvir edilen ki\u015finin a\u00e7\u0131k bir bi\u00e7imde m\u00fcvekkili tasvir etme ve benzetme \u00e7abas\u0131 oldu\u011fu da a\u015fikard\u0131r. Salt bu kapak sayfas\u0131 tasviri dahi mesleki onur ve \u015ferefi ayaklar alt\u0131na al\u0131nan m\u00fcvekkilin haks\u0131z bir bi\u00e7imde ma\u011fdur edilmesi ve ki\u015filik haklar\u0131n\u0131n zedelenmesi i\u00e7in yeterlidir.&#8221;<\/p>\n<p style=\"text-align: justify;\"><a href=\"http:\/\/www.cumhuriyet.com.tr\/?hn=211920&amp;kw=%22C%FCppeli+Kapak%22+davas%FD+ba%FElad%FD+\" target=\"_blank\"><span style=\"color: #888888;\">Kaynak : Cumhuriyet Haber Portal\u0131 <\/span><\/a><\/p>\n","protected":false},"excerpt":{"rendered":"<p style=\"text-align: center;\">\n<p style=\"text-align: justify;\">Erzurum Savc\u0131s\u0131 \u015eanal&#8217;\u0131n, \u0130lhan Ta\u015fc\u0131&#8217;n\u0131n &#8220;C\u00fcppeli Adalet&#8221; kitab\u0131n\u0131n kapa\u011f\u0131ndaki ye\u015fil takkeli ve sakall\u0131 ki\u015finin kendisine benzedi\u011fi iddias\u0131yla kitab\u0131n yazar\u0131 gazeteci \u0130lhan Ta\u015f\u00e7\u0131 ile kitab\u0131n yay\u0131nc\u0131s\u0131 Yeni G\u00fcn Haber Ajans\u0131 Bas\u0131n ve Yay\u0131nc\u0131l\u0131k A.\u015e&#8217;ye a\u00e7t\u0131\u011f\u0131 15 bin liral\u0131k manevi tazminat davas\u0131n\u0131n g\u00f6r\u00fclmesine ba\u015fland\u0131.<\/p>\n","protected":false},"author":1,"featured_media":0,"comment_status":"open","ping_status":"closed","sticky":false,"template":"","format":"standard","meta":{"footnotes":""},"categories":[105],"tags":[],"class_list":["post-27452","post","type-post","status-publish","format-standard","hentry","category-gundem","odd"],"_links":{"self":[{"href":"http:\/\/www.korhanyilmaz.com\/index.php?rest_route=\/wp\/v2\/posts\/27452","targetHints":{"allow":["GET"]}}],"collection":[{"href":"http:\/\/www.korhanyilmaz.com\/index.php?rest_route=\/wp\/v2\/posts"}],"about":[{"href":"http:\/\/www.korhanyilmaz.com\/index.php?rest_route=\/wp\/v2\/types\/post"}],"author":[{"embeddable":true,"href":"http:\/\/www.korhanyilmaz.com\/index.php?rest_route=\/wp\/v2\/users\/1"}],"replies":[{"embeddable":true,"href":"http:\/\/www.korhanyilmaz.com\/index.php?rest_route=%2Fwp%2Fv2%2Fcomments&post=27452"}],"version-history":[{"count":0,"href":"http:\/\/www.korhanyilmaz.com\/index.php?rest_route=\/wp\/v2\/posts\/27452\/revisions"}],"wp:attachment":[{"href":"http:\/\/www.korhanyilmaz.com\/index.php?rest_route=%2Fwp%2Fv2%2Fmedia&parent=27452"}],"wp:term":[{"taxonomy":"category","embeddable":true,"href":"http:\/\/www.korhanyilmaz.com\/index.php?rest_route=%2Fwp%2Fv2%2Fcategories&post=27452"},{"taxonomy":"post_tag","embeddable":true,"href":"http:\/\/www.korhanyilmaz.com\/index.php?rest_route=%2Fwp%2Fv2%2Ftags&post=27452"}],"curies":[{"name":"wp","href":"https:\/\/api.w.org\/{rel}","templated":true}]}}