{"id":27448,"date":"2011-01-27T14:35:56","date_gmt":"2011-01-27T12:35:56","guid":{"rendered":"http:\/\/www.korhanyilmaz.com\/?p=27448"},"modified":"2011-01-27T14:35:56","modified_gmt":"2011-01-27T12:35:56","slug":"kralin-soytarisi","status":"publish","type":"post","link":"http:\/\/www.korhanyilmaz.com\/?p=27448","title":{"rendered":"&#8216;Kral\u0131n soytar\u0131s\u0131!&#8217;"},"content":{"rendered":"<p style=\"text-align: center;\"><a href=\"http:\/\/www.korhanyilmaz.com\/wp-content\/uploads\/2011\/01\/030.jpg\"  class=\"lightview\"><img loading=\"lazy\" decoding=\"async\" class=\"aligncenter size-full wp-image-27449\" src=\"http:\/\/www.korhanyilmaz.com\/wp-content\/uploads\/2011\/01\/030.jpg\" alt=\"\" width=\"432\" height=\"216\" \/><\/a><\/p>\n<p style=\"text-align: justify;\">S\u00fcheyl Batum: Say\u0131n H\u00fcseyin \u00c7elik CHP i\u00e7in \u2019darbe \u015fak\u015fakc\u0131s\u0131\u2019, \u2019karanl\u0131k bek\u00e7isi\u2019 dedi. \u015eimdi onlar\u0131n a\u011fz\u0131yla s\u00f6yleseydik, ahlaks\u0131zlar, \u015ferefsizler, namussuzlar, densizler derdik. Herkes haddini bilecek, kral\u0131n soytar\u0131s\u0131 oldu\u011funu zannetse bile.&#8221;<\/p>\n<p style=\"text-align: justify;\">CHP Genel Ba\u015fkan Yard\u0131mc\u0131s\u0131 S\u00fcheyl Batum, TBMM g\u00fcndeminde yer alan &#8220;Anayasa Mahkemesi\u2019nin kurulu\u015f ve yarg\u0131 usulleri&#8221; ile &#8220;Yarg\u0131tay ve Dan\u0131\u015ftay&#8221; hakk\u0131ndaki yasa tasar\u0131lar\u0131n\u0131n, iktidar\u0131n \u00f6n\u00fcnde engel olarak g\u00f6rd\u00fc\u011f\u00fc yarg\u0131y\u0131 bertaraf etme ve rejimi mutlak bir otoriter rejime d\u00f6n\u00fc\u015ft\u00fcrmenin nihai arac\u0131 haline geldi\u011fini iddia etti. <!--more--><\/p>\n<p style=\"text-align: justify;\">Batum, parti genel merkezinde d\u00fczenledi\u011fi bas\u0131n toplant\u0131s\u0131nda TBMM g\u00fcndemindeki yasa tasar\u0131lar\u0131n\u0131 de\u011ferlendirdi.<\/p>\n<p style=\"text-align: justify;\">Tasar\u0131lar\u0131n toplum i\u00e7in turnusol ka\u011f\u0131d\u0131na d\u00f6n\u00fc\u015ft\u00fc\u011f\u00fcn\u00fc belirten Batum, &#8220;Bug\u00fcn g\u00f6r\u00fc\u015f\u00fclmekte olan tasar\u0131lar, iktidar\u0131n \u00f6n\u00fcnde engel olarak g\u00f6rd\u00fc\u011f\u00fc yarg\u0131y\u0131 bertaraf etme ve rejimi mutlak bir otoriter rejime d\u00f6n\u00fc\u015ft\u00fcrmenin nihai arac\u0131 haline gelmi\u015ftir&#8221; dedi.<\/p>\n<p style=\"text-align: justify;\">Anayasa Mahkemesi\u2019nin kurulu\u015fu ve yarg\u0131lama usullerine ili\u015fkin tasar\u0131yla ilgili hukuk\u00e7ulardan ve akademisyenlerden g\u00f6r\u00fc\u015f ald\u0131klar\u0131n\u0131 ve bir g\u00f6r\u00fc\u015f birli\u011fi i\u00e7inde olduklar\u0131n\u0131 aktaran Batum, &#8220;Anayasa Mahkemesi hakk\u0131nda getirilen tasar\u0131, a\u00e7\u0131k\u00e7a Anayasa\u2019ya ayk\u0131r\u0131&#8221; ifadesini kulland\u0131.<\/p>\n<p style=\"text-align: justify;\">Batum, yeni d\u00fczenlemenin ard\u0131ndan Anayasa Mahkemesi \u00f6n\u00fcne gelen iptal ba\u015fvurular\u0131n\u0131n TBMM\u2019nin yan\u0131 s\u0131ra ba\u015fbakanl\u0131\u011fa da sorulaca\u011f\u0131n\u0131, Y\u00fcksek Mahkeme\u2019nin Yarg\u0131tay ve Dan\u0131\u015ftay \u00fczerinde denetim mekanizmas\u0131 haline d\u00f6n\u00fc\u015fece\u011fini, bireysel ba\u015fvurular\u0131n g\u00f6r\u00fc\u015f\u00fclme s\u00fcresinin ucunun a\u00e7\u0131k tutularak, adaletin gecikece\u011fini ifade ederek, bunlar\u0131n hukuk devletinin ihlali anlam\u0131na geldi\u011fini savundu.<\/p>\n<p style=\"text-align: justify;\">&#8220;Yarg\u0131tay ve Dan\u0131\u015ftay hakk\u0131ndaki tasar\u0131 da a\u00e7\u0131k\u00e7a ulusal ve uluslararas\u0131 hukuka ayk\u0131r\u0131l\u0131klar ta\u015f\u0131yor&#8221; diyen Batum, d\u00fczenlemenin hayata ge\u00e7mesi ile yeni \u00fcyeler atanaca\u011f\u0131n\u0131 ve ard\u0131ndan da dairelerin yeniden olu\u015fturulaca\u011f\u0131n\u0131 anlatt\u0131. Bu yolla belirli davalar\u0131n gidece\u011fi Yarg\u0131tay dairelerinin, iktidar\u0131n istedi\u011fi gibi olu\u015fturulaca\u011f\u0131n\u0131 iddia eden Batum, bunun yarg\u0131y\u0131 siyasalla\u015ft\u0131rma oldu\u011funu s\u00f6yledi. \u0130ki tasar\u0131n\u0131n, hukuk devletini siyasalla\u015ft\u0131rman\u0131n \u00f6n\u00fcndeki son iki ad\u0131m oldu\u011funu \u00f6ne s\u00fcren Batum, tasar\u0131lar haz\u0131rlan\u0131rken Yarg\u0131tay ve Dan\u0131\u015ftay\u2019\u0131n g\u00f6r\u00fc\u015flerinin al\u0131nmad\u0131\u011f\u0131n\u0131, bunun kabul edilemez bir durum oldu\u011funu bildirdi.<\/p>\n<p style=\"text-align: justify;\"><strong>-&#8220;G\u00d6RMEZDEN GELMEMEL\u0130Y\u0130Z, GELEMEY\u0130Z&#8221;- <\/strong><\/p>\n<p style=\"text-align: justify;\">Hukuksuzlu\u011fun her alanda devam etti\u011fini savunan S\u00fcheyl Batum, ikinci &#8220;Ergenekon&#8221; davas\u0131n\u0131n tutuklu san\u0131klar\u0131ndan Te\u011fmen Mehmet Ali \u00c7elebi aleyhine delil \u00fcretildi\u011fi iddialar\u0131na da de\u011findi.<\/p>\n<p style=\"text-align: justify;\">Batum, \u015f\u00f6yle konu\u015ftu:<\/p>\n<p style=\"text-align: justify;\">&#8220;29 ayd\u0131r tutuklu, tutuklulu\u011fun dayand\u0131\u011f\u0131 tek kan\u0131t telefon defterindeki kay\u0131tlar. Ve bunlar\u0131n 139 tanesinin g\u00f6zalt\u0131na al\u0131nd\u0131ktan sonra emniyette polisler taraf\u0131ndan eklendi\u011fi 29 ay sonra anla\u015f\u0131l\u0131yor. Bunu 29 ayd\u0131r iddia ediyor, \u2019bende b\u00f6yle telefonlar yok. Sonradan eklenmi\u015f\u2019 diyor. Ve bug\u00fcn art\u0131k ortaya \u00e7\u0131kar\u0131lmak zorunda kal\u0131yor ki Emniyet buna \u2019sehven\u2019 diyor, \u0130\u00e7i\u015fleri Bakan\u0131 a\u00e7\u0131klama yapma ihtiyac\u0131 bile hissetmiyor.&#8221;<\/p>\n<p style=\"text-align: justify;\">&#8220;Balyoz Plan\u0131&#8221; davas\u0131 san\u0131klar\u0131ndan eski 1. Ordu Komutan\u0131 Emekli Orgeneral \u00c7etin Do\u011fan hakk\u0131ndaki kan\u0131tlardan 11 numaral\u0131 CD\u2019nin bilirki\u015fi taraf\u0131ndan 2003 y\u0131l\u0131nda yap\u0131ld\u0131\u011f\u0131n\u0131n belirlendi\u011fini, ancak CD\u2019de 2006 ve 2008 y\u0131l\u0131na ait bilgiler bulundu\u011funu ifade eden Batum, &#8220;T\u00fcrk toplumu bunlar\u0131 g\u00f6rmezden geliyor. Ya da yeterince dikkate alm\u0131yor. Bunlar\u0131 g\u00f6rmezden gelmemeliyiz, gelemeyiz&#8221; dedi. Batum, bir hakim aday\u0131 hakk\u0131nda Emniyet M\u00fcd\u00fcrl\u00fc\u011f\u00fc\u2019nce haz\u0131rlanarak Adalet Bakanl\u0131\u011f\u0131\u2019na g\u00f6nderilen ve aday hakk\u0131nda bilgileri i\u00e7eren belgeyi de bas\u0131n mensuplar\u0131na g\u00f6stererek, bunlar\u0131n fi\u015fleme oldu\u011funu ve toplumun dikkatinden ka\u00e7mamas\u0131 gerekti\u011fini savundu.<\/p>\n<p style=\"text-align: justify;\">Batum, Ba\u015fbakan Recep Tayyip Erdo\u011fan\u2019\u0131n 12 Eyl\u00fcl referandumuna ili\u015fkin &#8220;Hay\u0131r diyenler darbecidir&#8221; s\u00f6z\u00fc nedeniyle a\u00e7\u0131lan davan\u0131n reddedildi\u011fini, ancak Atat\u00fcrk\u00e7\u00fc D\u00fc\u015f\u00fcnce Derne\u011fi Ba\u015fkan\u0131 Tansel \u00c7\u00f6la\u015fan\u2019\u0131n &#8220;Evet diyenler gaflet ve delalet i\u00e7indedir&#8221; s\u00f6zlerini dava eden bir ki\u015finin ise hakl\u0131 bulundu\u011funu hat\u0131rlatarak, bunlar\u0131n kabul edilemez \u00e7eli\u015fkiler oldu\u011funu kaydetti.<\/p>\n<p style=\"text-align: justify;\">Cumhurba\u015fkan\u0131 Abdullah G\u00fcl\u2019\u00fcn Hrant Dink davas\u0131na ili\u015fkin &#8220;Avrupa \u0130nsan Haklar\u0131 Mahkemesi\u2019nin karar\u0131n\u0131 duyunca \u00e7ok \u00fcz\u00fcld\u00fcm&#8221; dedi\u011fini de ifade eden Batum, &#8220;Say\u0131n Cumhurba\u015fkan\u0131 Dink davas\u0131 4 senedir s\u00fcren bir dava. Oradaki aksakl\u0131klar\u0131, eksiklikleri, iktidar\u0131n zaaflar\u0131 4 y\u0131ld\u0131r s\u00f6yleniyor. Ancak 4 y\u0131l sonra fark\u0131na var\u0131rsan\u0131z, yeni aksakl\u0131klar\u0131 \u00f6\u011frenmeniz i\u00e7in de bir 4 y\u0131l m\u0131 bekleyece\u011fiz?&#8221; diye sordu.<\/p>\n<p style=\"text-align: justify;\">Ba\u015fbakan Recep Tayyip Erdo\u011fan\u2019\u0131n &#8220;aks\u0131r\u0131ncaya, t\u0131ks\u0131r\u0131ncaya kadar&#8221; ifadesini k\u0131zg\u0131nl\u0131k an\u0131nda s\u00f6yledi\u011fini aktard\u0131\u011f\u0131n\u0131 s\u00f6yleyen Batum, &#8220;Allah\u2019tan elinde n\u00fckleer butonu yok, k\u0131zg\u0131nl\u0131k an\u0131nda ne yapaca\u011f\u0131 belli olmayan bir ba\u015fbakandan s\u00f6z ediyoruz&#8221; dedi.<\/p>\n<p style=\"text-align: justify;\"><strong>-&#8220;HERKES HADD\u0130N\u0130 B\u0130LECEK, KRALIN SOYTARISI OLDU\u011eUNU ZANNETSE B\u0130LE&#8221;- <\/strong><\/p>\n<p style=\"text-align: justify;\">AK Parti Genel Ba\u015fkan\u0131 H\u00fcseyin \u00c7elik\u2019in oy da\u011f\u0131l\u0131m\u0131na ili\u015fkin s\u00f6zlerini de de\u011ferlendiren Batum, \u015f\u00f6yle konu\u015ftu:<\/p>\n<p style=\"text-align: justify;\">&#8220;Biz Say\u0131n \u00c7elik\u2019in s\u00f6zlerini \u00e7ok de\u011ferlendirmek istemedik, propagandadan sorumludur diye. Ama \u015funu s\u00f6ylemek istiyorum, CHP i\u00e7in \u2019darbe \u015fak\u015fakc\u0131s\u0131\u2019, \u2019karanl\u0131k bek\u00e7isi\u2019 dedi. \u015eimdi onlar\u0131n a\u011fz\u0131yla s\u00f6yleseydik, ahlaks\u0131zlar, \u015ferefsizler, namussuzlar, densizler derdik. Ama biz onlar\u0131n seviyesine d\u00fc\u015fmeyece\u011fiz. Ama e\u011fer bizim darbe \u015fak\u015fak\u00e7\u0131s\u0131 ya da karanl\u0131k bek\u00e7isi oldu\u011fumuzu ispat edemezse kendisini, propagandadan sorumlu de\u011fil, kral\u0131n soytar\u0131s\u0131 itham edece\u011fimizi de vurgulamak istiyorum. Herkes haddini bilecek, kral\u0131n soytar\u0131s\u0131 oldu\u011funu zannetse bile.&#8221;<\/p>\n<p style=\"text-align: justify;\">Batum, a\u00e7\u0131klamalar\u0131n\u0131n ard\u0131ndan gazetecilerin sorular\u0131n\u0131 da yan\u0131tlad\u0131. CHP Genel Ba\u015fkan Yard\u0131mc\u0131s\u0131 S\u00fcheyl Batum, bir soru \u00fczerine, CHP milletvekillerinin d\u00fcn yay\u0131mlad\u0131klar\u0131 bildiriye kat\u0131ld\u0131\u011f\u0131n\u0131 s\u00f6yledi.<\/p>\n<p style=\"text-align: justify;\">Ergenekon kapsam\u0131nda tutuklu bulunan gazeteciler Mustafa Balbay ve Tuncay \u00d6zkan\u2019\u0131n Haziran ay\u0131nda yap\u0131lmas\u0131 planlanan milletvekili se\u00e7imlerinde CHP listelerinden aday g\u00f6sterilmelerine ili\u015fkin s\u00f6zlerinin de soruldu\u011fu Batum, bunun tamamen kendi ki\u015fisel g\u00f6r\u00fc\u015f\u00fc oldu\u011funu yineleyerek, Nisan ay\u0131nda yap\u0131lacak ve adaylar\u0131n belirlenece\u011fi Parti Meclisi toplant\u0131s\u0131n\u0131n beklenmesini istedi.<\/p>\n<p style=\"text-align: justify;\"><a href=\"http:\/\/haber.gazetevatan.com\/kralin-soytarisi\/355518\/9\/Siyaset\" target=\"_blank\"><span style=\"color: #888888;\">Kaynak : VATAN<\/span><\/a><\/p>\n","protected":false},"excerpt":{"rendered":"<p style=\"text-align: center;\">\n<p style=\"text-align: justify;\">S\u00fcheyl Batum: Say\u0131n H\u00fcseyin \u00c7elik CHP i\u00e7in \u2019darbe \u015fak\u015fakc\u0131s\u0131\u2019, \u2019karanl\u0131k bek\u00e7isi\u2019 dedi. \u015eimdi onlar\u0131n a\u011fz\u0131yla s\u00f6yleseydik, ahlaks\u0131zlar, \u015ferefsizler, namussuzlar, densizler derdik. Herkes haddini bilecek, kral\u0131n soytar\u0131s\u0131 oldu\u011funu zannetse bile.&#8221;<\/p>\n<p style=\"text-align: justify;\">CHP Genel Ba\u015fkan Yard\u0131mc\u0131s\u0131 S\u00fcheyl Batum, TBMM g\u00fcndeminde yer alan &#8220;Anayasa Mahkemesi\u2019nin kurulu\u015f ve yarg\u0131 usulleri&#8221; ile &#8220;Yarg\u0131tay ve <\/p>\n","protected":false},"author":1,"featured_media":0,"comment_status":"open","ping_status":"closed","sticky":false,"template":"","format":"standard","meta":{"footnotes":""},"categories":[105],"tags":[],"class_list":["post-27448","post","type-post","status-publish","format-standard","hentry","category-gundem","odd"],"_links":{"self":[{"href":"http:\/\/www.korhanyilmaz.com\/index.php?rest_route=\/wp\/v2\/posts\/27448","targetHints":{"allow":["GET"]}}],"collection":[{"href":"http:\/\/www.korhanyilmaz.com\/index.php?rest_route=\/wp\/v2\/posts"}],"about":[{"href":"http:\/\/www.korhanyilmaz.com\/index.php?rest_route=\/wp\/v2\/types\/post"}],"author":[{"embeddable":true,"href":"http:\/\/www.korhanyilmaz.com\/index.php?rest_route=\/wp\/v2\/users\/1"}],"replies":[{"embeddable":true,"href":"http:\/\/www.korhanyilmaz.com\/index.php?rest_route=%2Fwp%2Fv2%2Fcomments&post=27448"}],"version-history":[{"count":0,"href":"http:\/\/www.korhanyilmaz.com\/index.php?rest_route=\/wp\/v2\/posts\/27448\/revisions"}],"wp:attachment":[{"href":"http:\/\/www.korhanyilmaz.com\/index.php?rest_route=%2Fwp%2Fv2%2Fmedia&parent=27448"}],"wp:term":[{"taxonomy":"category","embeddable":true,"href":"http:\/\/www.korhanyilmaz.com\/index.php?rest_route=%2Fwp%2Fv2%2Fcategories&post=27448"},{"taxonomy":"post_tag","embeddable":true,"href":"http:\/\/www.korhanyilmaz.com\/index.php?rest_route=%2Fwp%2Fv2%2Ftags&post=27448"}],"curies":[{"name":"wp","href":"https:\/\/api.w.org\/{rel}","templated":true}]}}