{"id":27444,"date":"2011-01-27T15:14:51","date_gmt":"2011-01-27T13:14:51","guid":{"rendered":"http:\/\/www.korhanyilmaz.com\/?p=27444"},"modified":"2011-01-27T15:14:51","modified_gmt":"2011-01-27T13:14:51","slug":"polis-niye-o-dernegi-basiyor","status":"publish","type":"post","link":"http:\/\/www.korhanyilmaz.com\/?p=27444","title":{"rendered":"Polis niye o derne\u011fi bas\u0131yor"},"content":{"rendered":"<p style=\"text-align: center;\"><a href=\"http:\/\/www.korhanyilmaz.com\/wp-content\/uploads\/2011\/01\/029.jpg\"  class=\"lightview\"><img loading=\"lazy\" decoding=\"async\" class=\"aligncenter size-full wp-image-27445\" src=\"http:\/\/www.korhanyilmaz.com\/wp-content\/uploads\/2011\/01\/029.jpg\" alt=\"\" width=\"413\" height=\"218\" \/><\/a><\/p>\n<p style=\"text-align: justify;\">CHP Genel Ba\u015fkan\u0131 Kemal K\u0131l\u0131\u00e7daro\u011flu, DSP&#8217;den istifa eden Eski\u015fehir B\u00fcy\u00fck\u015fehir Belediye Ba\u015fkan\u0131 Y\u0131lmaz B\u00fcy\u00fcker\u015fen&#8217;in, partilerine kat\u0131l\u0131rsa bundan b\u00fcy\u00fck mutluluk duyacaklar\u0131n\u0131 bildirdi.<\/p>\n<p style=\"text-align: justify;\">CHP Genel Ba\u015fkan\u0131 Kemal K\u0131l\u0131\u00e7daro\u011flu, Cumhurba\u015fkan\u0131 Abdullah G\u00fcl&#8217;\u00fcn Hrant Dink cinayeti davas\u0131 ile ilgili a\u00e7\u0131klamalar\u0131na ili\u015fkin, &#8221;Say\u0131n Cumhurba\u015fkan\u0131n\u0131n gecikerek de olsa bu konuya parmak basmas\u0131 g\u00fczel bir geli\u015fme. Cumhurba\u015fkanl\u0131\u011f\u0131 Devlet Denetleme Kurulu&#8217;nu harekete ge\u00e7irirse, belki bizim bilmedi\u011fimiz hen\u00fcz kamuoyuna yans\u0131mayan pek \u00e7ok olay da g\u00fcn \u0131\u015f\u0131\u011f\u0131na \u00e7\u0131km\u0131\u015f olur&#8221; dedi.<!--more--><\/p>\n<p style=\"text-align: justify;\">ANKARA &#8211; CHP Genel Ba\u015fkan\u0131 Kemal K\u0131l\u0131\u00e7daro\u011flu, DSP&#8217;den istifa eden Eski\u015fehir B\u00fcy\u00fck\u015fehir Belediye Ba\u015fkan\u0131 Y\u0131lmaz B\u00fcy\u00fcker\u015fen&#8217;in, partilerine kat\u0131lmas\u0131ndan memnunluk duyacaklar\u0131n\u0131 bildirdi.<\/p>\n<p style=\"text-align: justify;\">K\u0131l\u0131\u00e7daro\u011flu, Avrupa Sosyalist Partisi (PES) y\u00f6neticileriyle G\u00f6ksu Restoranda \u00e7al\u0131\u015fma yeme\u011finde bir araya geldi.<\/p>\n<p style=\"text-align: justify;\">Yemek \u00e7\u0131k\u0131\u015f\u0131nda gazetecilerin sorular\u0131n\u0131 yan\u0131tlayan K\u0131l\u0131\u00e7daro\u011flu, &#8221;Eski\u015fehir B\u00fcy\u00fck\u015fehir Belediye Ba\u015fkan\u0131 Y\u0131lmaz B\u00fcy\u00fcker\u015fen&#8217;in partisinden istifa etti\u011fi&#8221; hat\u0131rlat\u0131larak, &#8221;CHP&#8217;ye kat\u0131l\u0131p kat\u0131lmayaca\u011f\u0131n\u0131n&#8221; sorulmas\u0131 \u00fczerine, &#8221;Say\u0131n Y\u0131lmaz B\u00fcy\u00fcker\u015fen partimize kat\u0131l\u0131rsa bundan memnunluk duyar\u0131z. B\u00fct\u00fcn sosyal demokratlar\u0131n tek \u00e7at\u0131s\u0131 var, en g\u00fc\u00e7l\u00fc \u00e7at\u0131 Cumhuriyet Halk Partisi. Sosyal demokratlar\u0131 bu \u00e7at\u0131 alt\u0131nda beklemek bizim g\u00f6revimiz&#8221; dedi.<\/p>\n<p style=\"text-align: justify;\">CHP Genel Ba\u015fkan\u0131 K\u0131l\u0131\u00e7daro\u011flu, &#8221;\u0130stifas\u0131 sonras\u0131 Y\u0131lmaz B\u00fcy\u00fcker\u015fen&#8217;le bir g\u00f6r\u00fc\u015fme yap\u0131p yapmad\u0131\u011f\u0131n\u0131n&#8221; sorulmas\u0131 \u00fczerine, bir g\u00f6r\u00fc\u015fmesinin olmad\u0131\u011f\u0131n\u0131 s\u00f6yledi.<\/p>\n<p style=\"text-align: justify;\">CHP Genel Ba\u015fkan\u0131 Kemal K\u0131l\u0131\u00e7daro\u011flu, Cumhurba\u015fkan\u0131 Abdullah G\u00fcl&#8217;\u00fcn Hrant Dink cinayeti davas\u0131 ile ilgili a\u00e7\u0131klamalar\u0131na ili\u015fkin, &#8221;Say\u0131n Cumhurba\u015fkan\u0131n\u0131n gecikerek de olsa bu konuya parmak basmas\u0131 g\u00fczel bir geli\u015fme. Cumhurba\u015fkanl\u0131\u011f\u0131 Devlet Denetleme Kurulu&#8217;nu harekete ge\u00e7irirse, belki bizim bilmedi\u011fimiz hen\u00fcz kamuoyuna yans\u0131mayan pek \u00e7ok olay da g\u00fcn \u0131\u015f\u0131\u011f\u0131na \u00e7\u0131km\u0131\u015f olur&#8221; dedi.<\/p>\n<p style=\"text-align: justify;\">K\u0131l\u0131\u00e7daro\u011flu, Avrupa Sosyalist Partisi (PES) y\u00f6neticileriyle G\u00f6ksu Restoranda \u00e7al\u0131\u015fma yeme\u011finde bir araya geldi.<\/p>\n<p style=\"text-align: justify;\">Yemek \u00e7\u0131k\u0131\u015f\u0131nda gazetecilerin sorular\u0131n\u0131 yan\u0131tlayan K\u0131l\u0131\u00e7daro\u011flu, &#8221;Hizbullah ter\u00f6r \u00f6rg\u00fct\u00fc ile iktidar partisinin baz\u0131 milletvekillerinin ili\u015fki i\u00e7erisinde oldu\u011funu s\u00f6ylemi\u015ftiniz, ancak sadece bir dernek ziyaretinden ibaret oldu\u011fu, bu derneklerin de resmi dernekler oldu\u011fu belirtildi, iktidar partisi taraf\u0131ndan. H\u00fcseyin \u00c7elik de size y\u00f6nelik a\u011f\u0131r ele\u015ftirilerde bulundu, nas\u0131l de\u011ferlendiriyorsunuz? Elinizde hala a\u00e7\u0131klayaca\u011f\u0131n\u0131z net belgeler var m\u0131 bu konuyla ilgili?&#8221; sorusu \u00fczerine \u015funlar\u0131 s\u00f6yledi:<\/p>\n<p style=\"text-align: justify;\"><strong>POL\u0130S KA\u00c7AK H\u0130ZBULLAH\u00c7ILARI NEDEN DERNEKTE ARADI?<\/strong><\/p>\n<p style=\"text-align: justify;\">&#8221;Zaten kendileri itiraf ettiler. Gittikleri derne\u011fi Hizbullah ter\u00f6r \u00f6rg\u00fct\u00fc mensuplar\u0131 ka\u00e7t\u0131\u011f\u0131 i\u00e7in niye polis bas\u0131yor. Ba\u015fbakan bunun yan\u0131t\u0131n\u0131 versin. Ayr\u0131ca Ba\u015fbakan Hizbullah ter\u00f6r \u00f6rg\u00fct\u00fcne niye ter\u00f6r \u00f6rg\u00fct\u00fc diyemiyor. Acaba do\u011fu-g\u00fcneydo\u011fuda geli\u015ftirdikleri i\u015fbirli\u011fi zarar g\u00f6r\u00fcr diye mi bu laf\u0131 etmek istemiyor? Her \u015feyi biliyoruz. Ne yaparlarsa yaps\u0131nlar, kendilerinin milletvekilleri de itiraf etti. Oras\u0131 resmi bir dernek olabilir. Ama o derne\u011fin ne oldu\u011funu, derne\u011fin kimlerle irtibat i\u00e7inde oldu\u011funu herhalde herkes biliyor. Say\u0131n Ba\u015fbakan merak ediyorsa, M\u0130T m\u00fcste\u015far\u0131n\u0131 \u00e7a\u011f\u0131r\u0131r ondan daha ayr\u0131nt\u0131l\u0131 bilgi al\u0131r. E\u011fer M\u0130T m\u00fcste\u015far\u0131 ona do\u011fru bilgi vermiyor diye d\u00fc\u015f\u00fcn\u00fcyorsa, g\u00fcney do\u011fuya gitti\u011finde, Batman&#8217;da herhangi bir kahvehaneye otursun oradaki yurtta\u015flarla g\u00f6r\u00fc\u015fs\u00fcn, o yurtta\u015flar say\u0131n Ba\u015fbakan&#8217;a gerekli yan\u0131t\u0131 verirler.&#8221;<\/p>\n<p style=\"text-align: justify;\">K\u0131l\u0131\u00e7daro\u011flu, &#8221;i\u015fbirli\u011finden kast\u0131n\u0131z nedir?&#8221; sorusuna ise &#8221;Se\u00e7imlerde i\u015fbirli\u011fi, referandumda i\u015fbirli\u011fi&#8221; yan\u0131t\u0131n\u0131 verdi.<\/p>\n<p style=\"text-align: justify;\"><strong>BATUM KEND\u0130 G\u00d6R\u00dc\u015e\u00dcN\u00dc A\u00c7IKLADI<\/strong><\/p>\n<p style=\"text-align: justify;\">K\u0131l\u0131\u00e7daro\u011flu, bir gazetecinin, CHP Genel Ba\u015fkan Yard\u0131mc\u0131s\u0131 S\u00fcheyl Batum&#8217;un &#8221;Ergenekon&#8221; davas\u0131n\u0131n tutuklu san\u0131klar\u0131 gazeteciler Mustafa Balbay ve Tuncay \u00d6zkan&#8217;\u0131n milletvekili adayl\u0131\u011f\u0131yla ilgili \u00f6nerisini hat\u0131rlatarak, &#8221;Siz konuyla ilgili &#8216;\u00f6yle bir \u015fey yok&#8217; a\u00e7\u0131klamas\u0131n\u0131 yapm\u0131\u015ft\u0131n\u0131z, Parti Meclisi (PM) bu konuda farkl\u0131 bir karar verebilir mi?&#8221; y\u00f6n\u00fcndeki sorusu \u00fczerine, \u015f\u00f6yle konu\u015ftu:<\/p>\n<p style=\"text-align: justify;\">&#8221;Bizim PM&#8217;nin iradesi ayr\u0131d\u0131r arkada\u015flar. \u00d6nemli bir organd\u0131r. E\u011fer bir arkada\u015f\u0131m\u0131z \u00f6neri verirse o organda g\u00f6r\u00fc\u015f\u00fcl\u00fcr. PM&#8217;nin verdi\u011fi karara da hepimiz sayg\u0131 duyar\u0131z. Yani Genel Ba\u015fkan her \u015feye egemen olan, her \u015feyi bask\u0131layan, kendisinin d\u0131\u015f\u0131nda hi\u00e7 kimsenin bir \u015fey d\u00fc\u015f\u00fcnmemesini isteyen bir Genel Ba\u015fkanl\u0131k modeli yok bizde. Bizde herkesin d\u00fc\u015f\u00fcncesini \u00f6zg\u00fcrce dile getirdi\u011fi bir model var. Fa\u015fizan rejimlerde bir ki\u015fi konu\u015fur, di\u011ferlerinin sesini keserler. O bizde yoktur, CHP&#8217;de yoktur. \u00d6teden beri \u00f6zg\u00fcrl\u00fcklerden yana olan bir partiyiz ve yap\u0131m\u0131z da, d\u00fc\u015f\u00fcncelerimiz de b\u00f6yledir.&#8221;<\/p>\n<p style=\"text-align: justify;\">K\u0131l\u0131\u00e7daro\u011flu, &#8221;sizin g\u00f6r\u00fc\u015f\u00fcn\u00fcz nedir?&#8221; \u015feklindeki bir soru \u00fczerine ise &#8221;Ortada hi\u00e7 bir \u015fey yok, olmayan \u015fey hakk\u0131nda ne g\u00f6r\u00fc\u015f\u00fc bildireyim&#8221; dedi.<\/p>\n<p style=\"text-align: justify;\">&#8216;K\u0131l\u0131\u00e7daro\u011flu, bir gazetecinin, &#8216;D\u00fcn Anayasa Komisyonu&#8217;nda tart\u0131\u015fmalar ya\u015fand\u0131, baz\u0131 CHP milletvekillerinin de \u00e7a\u011fr\u0131s\u0131 vard\u0131. Bu sivil \u00e7a\u011fr\u0131yd\u0131, halk\u0131 direnmeye \u00e7a\u011f\u0131r\u0131yordu. Siz bu \u00e7a\u011fr\u0131y\u0131 nas\u0131l kar\u015f\u0131l\u0131yorsunuz?&#8221; sorusu \u00fczerine, &#8221;Arkada\u015flar b\u00f6yle bir \u00e7a\u011fr\u0131 yapt\u0131klar\u0131na g\u00f6re, yap\u0131lan \u00e7al\u0131\u015fman\u0131n topluma getirdi\u011fi maliyeti halka anlatmak istiyorlar. E\u011fer bir yerde yarg\u0131 olmazsa, o zaman ciddi sorunlar \u00e7\u0131kar ortaya. Biz her t\u00fcrl\u00fc haks\u0131zl\u0131\u011fa bir \u015fekliyle g\u00f6\u011f\u00fcs geriyoruz ve diyoruz ki, &#8216;gidip yarg\u0131da hakk\u0131m\u0131z\u0131 arayaca\u011f\u0131z&#8217;, peki yarg\u0131 siyasalla\u015f\u0131rsa ne olacak. Hakk\u0131m\u0131z\u0131 nerede arayaca\u011f\u0131z, sokakta arayaca\u011f\u0131z. Yani T\u00fcrkiye&#8217;de hukuku de\u011fil, hukuk d\u0131\u015f\u0131 olaylar\u0131 \u00f6zendirmek istiyorsan\u0131z, yarg\u0131y\u0131 siyasalla\u015ft\u0131r\u0131rs\u0131n\u0131z. Bu tehlikeye arkada\u015flar\u0131m\u0131z dikkati \u00e7ektiler&#8221; yat\u0131n\u0131 verdi.<\/p>\n<p style=\"text-align: justify;\"><strong>&#8221;K\u0130M\u0130N EL\u0130 K\u0130M\u0130N CEB\u0130NDE BELL\u0130 DE\u011e\u0130L&#8221;<\/strong><\/p>\n<p style=\"text-align: justify;\">K\u0131l\u0131\u00e7daro\u011flu, ba\u015fka bir gazetecinin, &#8221;Ba\u015fbakan bug\u00fcnk\u00fc a\u00e7\u0131klamas\u0131nda, &#8216;anamuhalefette kimin eli kimin cebinde belli de\u011fil&#8217; dedi. Bu konuyla ilgili ne diyeceksiniz?&#8221; y\u00f6n\u00fcndeki sorusu \u00fczerine, &#8221;Onlar\u0131n eli hep birilerinin cebinde. Bak\u0131n verdi\u011fi \u00f6rne\u011fe bak\u0131n, &#8216;kimin eli kimin cebinde.&#8217; Onlar\u0131n eli vatanda\u015f\u0131n cebinde zaten, bizde herkes d\u00fc\u015f\u00fcncesini \u00f6zg\u00fcrce s\u00f6yl\u00fcyor. Niye say\u0131n Ba\u015fbakan &#8216;birilerinin eli di\u011ferinin cebinde&#8217; diye \u00f6rnek veriyor. \u00c7\u00fcnk\u00fc kafas\u0131 hep yolsuzlu\u011fa \u00e7al\u0131\u015f\u0131yor. &#8216;Nerede, nas\u0131l milleti soyar\u0131z&#8217; ona \u00e7al\u0131\u015f\u0131yor&#8221; diye konu\u015ftu.<\/p>\n<p style=\"text-align: justify;\">Cumhurba\u015fkan\u0131 Abdullah G\u00fcl&#8217;\u00fcn Hrant Dink cinayeti davas\u0131 ile ilgili a\u00e7\u0131klamalar\u0131n\u0131n hat\u0131rlat\u0131lmas\u0131 \u00fczerine de K\u0131l\u0131\u00e7daro\u011flu, &#8221;AKP iktidar\u0131n\u0131n yarg\u0131ya delil sunma de\u011fil, delilleri \u00f6rtme gibi bir g\u00f6revi \u00fcstlendi\u011fini g\u00f6r\u00fcyoruz. O delilleri karartan ki\u015filerin kamuda \u00f6nemli yerlere getirildi\u011fini de biliyoruz. Say\u0131n Cumhurba\u015fkan\u0131n\u0131n gecikerek de olsa bu konuya parmak basmas\u0131 g\u00fczel bir geli\u015fme. Cumhurba\u015fkanl\u0131\u011f\u0131 Devlet Denetleme Kurulu&#8217;nu harekete ge\u00e7irirse, belki bizim bilmedi\u011fimiz hen\u00fcz kamuoyuna yans\u0131mayan pek \u00e7ok olay da g\u00fcn \u0131\u015f\u0131\u011f\u0131na \u00e7\u0131km\u0131\u015f olur&#8221; dedi.<\/p>\n<p style=\"text-align: justify;\"><a href=\"http:\/\/www.gazeteport.com.tr\/SIYASET\/NEWS\/GP_843229\" target=\"_blank\"><span style=\"color: #888888;\">Kaynak : GAZETEPORT<\/span><\/a><\/p>\n","protected":false},"excerpt":{"rendered":"<p style=\"text-align: center;\">\n<p style=\"text-align: justify;\">CHP Genel Ba\u015fkan\u0131 Kemal K\u0131l\u0131\u00e7daro\u011flu, DSP&#8217;den istifa eden Eski\u015fehir B\u00fcy\u00fck\u015fehir Belediye Ba\u015fkan\u0131 Y\u0131lmaz B\u00fcy\u00fcker\u015fen&#8217;in, partilerine kat\u0131l\u0131rsa bundan b\u00fcy\u00fck mutluluk duyacaklar\u0131n\u0131 bildirdi.<\/p>\n<p style=\"text-align: justify;\">CHP Genel Ba\u015fkan\u0131 Kemal K\u0131l\u0131\u00e7daro\u011flu, Cumhurba\u015fkan\u0131 Abdullah G\u00fcl&#8217;\u00fcn Hrant Dink cinayeti davas\u0131 ile ilgili a\u00e7\u0131klamalar\u0131na ili\u015fkin, &#8221;Say\u0131n Cumhurba\u015fkan\u0131n\u0131n gecikerek de olsa bu konuya parmak basmas\u0131 g\u00fczel bir <\/p>\n","protected":false},"author":1,"featured_media":0,"comment_status":"open","ping_status":"closed","sticky":false,"template":"","format":"standard","meta":{"footnotes":""},"categories":[105],"tags":[],"class_list":["post-27444","post","type-post","status-publish","format-standard","hentry","category-gundem","odd"],"_links":{"self":[{"href":"http:\/\/www.korhanyilmaz.com\/index.php?rest_route=\/wp\/v2\/posts\/27444","targetHints":{"allow":["GET"]}}],"collection":[{"href":"http:\/\/www.korhanyilmaz.com\/index.php?rest_route=\/wp\/v2\/posts"}],"about":[{"href":"http:\/\/www.korhanyilmaz.com\/index.php?rest_route=\/wp\/v2\/types\/post"}],"author":[{"embeddable":true,"href":"http:\/\/www.korhanyilmaz.com\/index.php?rest_route=\/wp\/v2\/users\/1"}],"replies":[{"embeddable":true,"href":"http:\/\/www.korhanyilmaz.com\/index.php?rest_route=%2Fwp%2Fv2%2Fcomments&post=27444"}],"version-history":[{"count":0,"href":"http:\/\/www.korhanyilmaz.com\/index.php?rest_route=\/wp\/v2\/posts\/27444\/revisions"}],"wp:attachment":[{"href":"http:\/\/www.korhanyilmaz.com\/index.php?rest_route=%2Fwp%2Fv2%2Fmedia&parent=27444"}],"wp:term":[{"taxonomy":"category","embeddable":true,"href":"http:\/\/www.korhanyilmaz.com\/index.php?rest_route=%2Fwp%2Fv2%2Fcategories&post=27444"},{"taxonomy":"post_tag","embeddable":true,"href":"http:\/\/www.korhanyilmaz.com\/index.php?rest_route=%2Fwp%2Fv2%2Ftags&post=27444"}],"curies":[{"name":"wp","href":"https:\/\/api.w.org\/{rel}","templated":true}]}}