{"id":27436,"date":"2011-01-27T14:42:22","date_gmt":"2011-01-27T12:42:22","guid":{"rendered":"http:\/\/www.korhanyilmaz.com\/?p=27436"},"modified":"2011-01-27T14:42:22","modified_gmt":"2011-01-27T12:42:22","slug":"cemal-erdogan-icin-alarm-zili-caliyor","status":"publish","type":"post","link":"http:\/\/www.korhanyilmaz.com\/?p=27436","title":{"rendered":"Cemal: Erdo\u011fan i\u00e7in alarm zili \u00e7al\u0131yor"},"content":{"rendered":"<p style=\"text-align: justify;\"><a href=\"http:\/\/www.korhanyilmaz.com\/wp-content\/uploads\/2011\/01\/027.jpg\"  class=\"lightview\"><img loading=\"lazy\" decoding=\"async\" class=\"aligncenter size-full wp-image-27437\" src=\"http:\/\/www.korhanyilmaz.com\/wp-content\/uploads\/2011\/01\/027.jpg\" alt=\"\" width=\"298\" height=\"235\" \/><\/a><\/p>\n<p style=\"text-align: justify;\">Erdo\u011fan&#8217;\u0131n &#8220;H\u00fck\u00fcmet ile libareller aras\u0131nda \u00e7at\u0131rt\u0131 falan duymad\u0131m&#8221; s\u00f6zlerine Hasan Cemal NTV canl\u0131 yay\u0131n\u0131nda yan\u0131t verdi: Ahmet Altan&#8217;a a\u00e7m\u0131\u015f oldu\u011fu dava bir ba\u015fbakan i\u00e7in en tehlikeli noktad\u0131r.<\/p>\n<p style=\"text-align: justify;\">\u0130STANBUL &#8211; Ba\u015fbakan Recep Tayyip Erdo\u011fan&#8217;\u0131n Ukrayna d\u00f6n\u00fc\u015f\u00fcnde u\u00e7akta yapt\u0131\u011f\u0131 a\u00e7\u0131klamalar g\u00fcndemi belirledi. Erdo\u011fan&#8217;\u0131n liberallere y\u00f6nelik s\u00f6zleri \u015f\u00f6yleydi: <!--more--><\/p>\n<p style=\"text-align: justify;\">&#8220;H\u00fck\u00fcmet ile liberaller aras\u0131ndaki ittifak \u00e7at\u0131rdad\u0131&#8217; deniliyor.Ben \u00e7at\u0131rt\u0131 falan duymuyorum. Olu\u015fturulmu\u015f bir ittifak da yok. Do\u011fal olarak olu\u015fmu\u015fsa ayr\u0131. AK Parti iktidar\u0131ndan \u00f6nce, entelekt\u00fcel kesim yok muydu? Varsa t\u00fcm desteklerini niye vermiyordu, veriyorlard\u0131ysa, bu t\u00fcr ad\u0131mlar neden at\u0131lm\u0131yordu? AK Parti iktidar\u0131, \u00e7eteleri, mafyay\u0131 a\u00e7\u0131\u011fa \u00e7\u0131kar\u0131rken destekleri olduysa sa\u011f olsunlar. Ama bizi baz\u0131 zamanlarda ciddi s\u0131k\u0131nt\u0131ya sokmu\u015flard\u0131r.<\/p>\n<p style=\"text-align: justify;\">Bu kadar rahat ba\u015fbakan\u0131na hakaret edebilen, &#8216;utanmaz&#8217; diyecek kadar ileri giden, entelekt\u00fcel olabilir mi? Entelekt\u00fcelli\u011fin kitab\u0131nda bu t\u00fcr \u015feyler var m\u0131? &#8216;Haziranda g\u00f6r\u00fcrs\u00fcn&#8217; deniyor. AK Parti yine tek ba\u015f\u0131na iktidar olursa, sen neyi g\u00f6receksin? Yeni bir senaryo kuruyorlar. Biraz bizim senaryomuza tak\u0131l\u0131n. Her hafta sonu Anadolu&#8217;day\u0131z. Gelin meydanlar\u0131 g\u00f6r\u00fcn. Sand\u0131\u011f\u0131 entelekt\u00fcelin dili de\u011fil, milletin dili belirliyor. Entelekt\u00fcelin diliyle, milletin dili uyumlu de\u011fil. S\u00f6yledi\u011fini kar\u015f\u0131daki anlam\u0131yorsa, o zaman \u00e7\u0131kmaz var demektir. Ama halk anl\u0131yorsa, o zaman al\u0131rs\u0131n arkana, s\u00fcr\u00fckler g\u00f6t\u00fcr\u00fcrs\u00fcn.&#8221;<\/p>\n<p style=\"text-align: justify;\">Milliyet Gazetesi Ba\u015fyazar\u0131 Hasan Cemal, Erdo\u011fan&#8217;\u0131n s\u00f6zlerini NTV&#8217;deki Yaz\u0131 \u0130\u015fleri program\u0131nda yorumlad\u0131.<\/p>\n<p style=\"text-align: justify;\">Ru\u015fen \u00c7ak\u0131r&#8217;\u0131n sorular\u0131n\u0131 yan\u0131tlayan Hasan Cemal&#8217;in s\u00f6ylediklerinden \u00f6ne \u00e7\u0131kanlar \u015funlar:<\/p>\n<p style=\"text-align: justify;\">&#8220;Erdo\u011fan&#8217;\u0131n s\u00f6zleri ger\u00e7ekten \u00e7ok talihsiz. Her \u015feyden \u00f6nce Ahmet Altan&#8217;a a\u00e7m\u0131\u015f oldu\u011fu hakaret davas\u0131n\u0131 savunuyor ve savunmaya devam ediyor. Bu b\u00fcy\u00fck bir talihsizlik. T\u00fcrkiye&#8217;de ifade \u00f6zg\u00fcrl\u00fc\u011f\u00fcne ciddi \u015fekilde bir darbe vuran davad\u0131r.<\/p>\n<p style=\"text-align: justify;\">\u0130kincisi Ahmet Altan&#8217;a a\u00e7m\u0131\u015f oldu\u011fu dava bir siyaset\u00e7i i\u00e7in, bir ba\u015fbakan i\u00e7in en tehlikeli noktad\u0131r. Ne zaman ki hakaretle ele\u015ftiri aras\u0131ndan ge\u00e7en \u00e7izgiyi bir Ba\u015fbakan \u015fa\u015f\u0131rmaya ba\u015flar, kendisi a\u00e7\u0131s\u0131ndan alarm zili \u00e7al\u0131yor demektir.<\/p>\n<p style=\"text-align: justify;\">Ba\u015fbakan Erdo\u011fan \u00f6yle bir \u00e7izgi \u00e7ekmeye ba\u015flad\u0131 ki, t\u0131rnak i\u00e7inde giderek eskilere benziyor. Eskilerden kast\u0131m \u015fu, ge\u00e7mi\u015fin muhazafakar siyaset\u00e7ileri bir nokta gelir ad\u0131na ister liberal deyin ister entelekt\u00fcel deyin ba\u011f\u0131ms\u0131z d\u00fc\u015f\u00fcnebilen ki\u015filere, ayd\u0131nlara k\u0131zmaya ba\u015flarlard\u0131. Bu da tehlikeli bir noktad\u0131r, destek olduk\u00e7a gayet memnundurlar, o odaklardan ele\u015ftiri y\u00fckselmeye ba\u015flad\u0131\u011f\u0131nda biz halka hesap veririz, sizin k\u0131ymeti harbiyeniz yoktur gibi \u015feyler s\u00f6ylerler.<\/p>\n<p style=\"text-align: justify;\">2002&#8217;den itibaren Erdo\u011fan&#8217;\u0131 ben de destekledim, sonu\u00e7ta hangi siyasi parti benim savundu\u011fum de\u011ferleri savunuyorsa, demokrasiyi savunuyorsa desteklerim. Askeri vesayet ve AB konusunda yapt\u0131klar\u0131 ortada. \u015eu anda bir hayal k\u0131r\u0131kl\u0131\u011f\u0131 ya\u015fam\u0131yorum, zaten bir ittifak yoktu. Hayal k\u0131r\u0131kl\u0131\u011f\u0131 \u015f\u00f6yle bir durumda ya\u015fan\u0131r, sen kendini \u00f6zde\u015f k\u0131lars\u0131n, her \u015feyiyle sahip \u00e7\u0131kars\u0131n, \u00f6yle bir durum yok. 40 k\u00fcsur y\u0131ld\u0131r gazeteciyim ve hi\u00e7bir hayal k\u0131r\u0131kl\u0131\u011f\u0131 hissetmiyorum. Kendi de\u011ferlerim vard\u0131r, o de\u011ferlerimle ilgili olarak do\u011fru bulduklar\u0131m\u0131 desteklemi\u015fimdir, do\u011fru bulmad\u0131klar\u0131m\u0131 da ele\u015ftirmi\u015fimdir, \u015fimdi yapt\u0131\u011f\u0131m bu.<\/p>\n<p style=\"text-align: justify;\">Erdo\u011fan&#8217;\u0131n da hayal k\u0131r\u0131kl\u0131\u011f\u0131 ya\u015fad\u0131\u011f\u0131n\u0131 sanm\u0131yorum, tipik bir sa\u011f siyaset\u00e7i, demokrat oldu\u011fu kadar olabiliyor. Partililerin sesine kendini kapt\u0131rd\u0131\u011f\u0131 zaman tehlikeli bir alana girmi\u015f demektir.&#8221;<\/p>\n<p style=\"text-align: justify;\"><strong>D\u0130NK C\u0130NAYET\u0130NDE AYRI D\u00dc\u015e\u00dcYORLAR<\/strong><\/p>\n<p style=\"text-align: justify;\">Hasan Cemal&#8217;in g\u00fcndeme ili\u015fkin di\u011fer yorumlar\u0131 ise \u015f\u00f6yle:<\/p>\n<p style=\"text-align: justify;\">&#8220;Ankara&#8217;ya d\u00f6n\u00fcnce Devlet Denetleme Kurulu&#8217;nu harekete ge\u00e7irebilirim. Dink cinayetinin ard\u0131ndan ya\u015fananlar ve A\u0130HM&#8217;in verdi\u011fi kararlar beni \u00e7ok rahats\u0131z ediyor. Cinayetin ayd\u0131nlat\u0131lmas\u0131 gerekiyor mutlaka. Tam olarak demese de parmak izleri de devletin i\u00e7ine do\u011fru gidiyor dedi. Bunlar\u0131 a\u00e7\u0131k\u00e7a s\u00f6ylemesi \u00e7ok \u00f6nemli.<\/p>\n<p style=\"text-align: justify;\">G\u00fcl&#8217;\u00fcn Erdo\u011fan&#8217;la \u00f6rt\u00fc\u015femedi\u011fi konular var. Dikkatle bak\u0131ld\u0131\u011f\u0131nda baz\u0131 ince ayr\u0131mlar ve n\u00fcanslar ortaya \u00e7\u0131k\u0131yor. Bunlardan biri de Dink cinayeti gibi g\u00f6r\u00fcl\u00fcyor.<\/p>\n<p style=\"text-align: justify;\">Cumhurba\u015fkan\u0131&#8217;n\u0131n yeni hamlesi \u00e7ok \u015feyi de\u011fi\u015ftirir, devletin en tepesi harekete ge\u00e7iyor. Dink cinayeti ayd\u0131nl\u0131\u011fa \u00e7\u0131kabilir.<\/p>\n<p style=\"text-align: justify;\"><strong>TIPKI TURGUT \u00d6ZAL G\u0130B\u0130&#8230;<\/strong><\/p>\n<p style=\"text-align: justify;\">Erdo\u011fan a\u00e7\u0131k bir \u015fekilde Amerikan ba\u015fkanl\u0131k sistemini istiyor, bunda Turgut \u00d6zal&#8217;dan gelen esinlenmeler var. Ba\u015fkanl\u0131k i\u00e7in MHP ve BDP&#8217;yi baraj alt\u0131na \u00e7ekmeyi, hatta bir ad\u0131m ileri gidip s\u00f6yleyeyim yeni grubunun tam kur\u015fun askerlerden olu\u015fmas\u0131n\u0131 istiyor. Bunlar\u0131 bir istihbarat olarak de\u011fil, izlenim olarak s\u00f6yl\u00fcyorum. Benzer \u015feyleri Turgut \u00d6zal da 1987 se\u00e7imlerine giderken s\u00f6ylemi\u015fti.<\/p>\n<p style=\"text-align: justify;\">Cumhurba\u015fkan\u0131 G\u00fcl bu konuda dikkatli bir \u00fcslup kulland\u0131, dili dikkatliydi. S\u00f6yledi\u011fi \u015fu, ba\u015fkanl\u0131k sistemiyle ilgili \u00e7ekincelerim var, iyi d\u00fc\u015f\u00fcn\u00fclmesi laz\u0131m. Bu s\u00f6zler g\u00f6steriyor ki ba\u015fkanl\u0131k sistemine taraftar de\u011fil.<\/p>\n<p style=\"text-align: justify;\">\u015eahsen ben B\u00fclent Ar\u0131n\u00e7 gibi d\u00fc\u015f\u00fcn\u00fcyorum, bence de bir tak\u0131m kusurlar\u0131 olsa da parlamenter sistem daha iyi. Ba\u015fkanl\u0131k sistemine kafadan kar\u015f\u0131 de\u011filim.<\/p>\n<p style=\"text-align: justify;\">Haziran ay\u0131ndaki se\u00e7imlerde 367 milletvekilini yakalarsa Erdo\u011fan ba\u015fkanl\u0131k yolunu kendi ba\u015f\u0131na a\u00e7may\u0131 deneyebilir, \u00e7\u00fcnk\u00fc muhalefet \u015fimdiden kar\u015f\u0131 \u00e7\u0131kaca\u011f\u0131n\u0131 duyurdu.&#8221;<\/p>\n<p style=\"text-align: justify;\"><a href=\"http:\/\/www.gazeteport.com.tr\/SIYASET\/NEWS\/GP_843209\" target=\"_blank\"><span style=\"color: #888888;\">Kaynak : GAZETEPORT<\/span><\/a><\/p>\n","protected":false},"excerpt":{"rendered":"<p style=\"text-align: justify;\">\n<p style=\"text-align: justify;\">Erdo\u011fan&#8217;\u0131n &#8220;H\u00fck\u00fcmet ile libareller aras\u0131nda \u00e7at\u0131rt\u0131 falan duymad\u0131m&#8221; s\u00f6zlerine Hasan Cemal NTV canl\u0131 yay\u0131n\u0131nda yan\u0131t verdi: Ahmet Altan&#8217;a a\u00e7m\u0131\u015f oldu\u011fu dava bir ba\u015fbakan i\u00e7in en tehlikeli noktad\u0131r.<\/p>\n<p style=\"text-align: justify;\">\u0130STANBUL &#8211; Ba\u015fbakan Recep Tayyip Erdo\u011fan&#8217;\u0131n Ukrayna d\u00f6n\u00fc\u015f\u00fcnde u\u00e7akta yapt\u0131\u011f\u0131 a\u00e7\u0131klamalar g\u00fcndemi belirledi. Erdo\u011fan&#8217;\u0131n liberallere y\u00f6nelik s\u00f6zleri \u015f\u00f6yleydi: <\/p>\n","protected":false},"author":1,"featured_media":0,"comment_status":"open","ping_status":"closed","sticky":false,"template":"","format":"standard","meta":{"footnotes":""},"categories":[105],"tags":[],"class_list":["post-27436","post","type-post","status-publish","format-standard","hentry","category-gundem","odd"],"_links":{"self":[{"href":"http:\/\/www.korhanyilmaz.com\/index.php?rest_route=\/wp\/v2\/posts\/27436","targetHints":{"allow":["GET"]}}],"collection":[{"href":"http:\/\/www.korhanyilmaz.com\/index.php?rest_route=\/wp\/v2\/posts"}],"about":[{"href":"http:\/\/www.korhanyilmaz.com\/index.php?rest_route=\/wp\/v2\/types\/post"}],"author":[{"embeddable":true,"href":"http:\/\/www.korhanyilmaz.com\/index.php?rest_route=\/wp\/v2\/users\/1"}],"replies":[{"embeddable":true,"href":"http:\/\/www.korhanyilmaz.com\/index.php?rest_route=%2Fwp%2Fv2%2Fcomments&post=27436"}],"version-history":[{"count":0,"href":"http:\/\/www.korhanyilmaz.com\/index.php?rest_route=\/wp\/v2\/posts\/27436\/revisions"}],"wp:attachment":[{"href":"http:\/\/www.korhanyilmaz.com\/index.php?rest_route=%2Fwp%2Fv2%2Fmedia&parent=27436"}],"wp:term":[{"taxonomy":"category","embeddable":true,"href":"http:\/\/www.korhanyilmaz.com\/index.php?rest_route=%2Fwp%2Fv2%2Fcategories&post=27436"},{"taxonomy":"post_tag","embeddable":true,"href":"http:\/\/www.korhanyilmaz.com\/index.php?rest_route=%2Fwp%2Fv2%2Ftags&post=27436"}],"curies":[{"name":"wp","href":"https:\/\/api.w.org\/{rel}","templated":true}]}}