{"id":27432,"date":"2011-01-27T11:55:21","date_gmt":"2011-01-27T09:55:21","guid":{"rendered":"http:\/\/www.korhanyilmaz.com\/?p=27432"},"modified":"2011-01-27T11:55:21","modified_gmt":"2011-01-27T09:55:21","slug":"tegmenin-telefonuna-ekleme-icisleri-devrede","status":"publish","type":"post","link":"http:\/\/www.korhanyilmaz.com\/?p=27432","title":{"rendered":"Te\u011fmenin telefonuna ekleme: \u0130\u00e7i\u015fleri devrede"},"content":{"rendered":"<p style=\"text-align: justify;\">\n<div id=\"attachment_27433\" style=\"width: 302px\" class=\"wp-caption aligncenter\"><a href=\"http:\/\/www.korhanyilmaz.com\/wp-content\/uploads\/2011\/01\/026.jpg\"  class=\"lightview\"><img loading=\"lazy\" decoding=\"async\" aria-describedby=\"caption-attachment-27433\" class=\"size-full wp-image-27433\" src=\"http:\/\/www.korhanyilmaz.com\/wp-content\/uploads\/2011\/01\/026.jpg\" alt=\"\" width=\"292\" height=\"233\" \/><\/a><p id=\"caption-attachment-27433\" class=\"wp-caption-text\">Mehmet Ali \u00c7elebi&#39;nin avukat\u0131 Serkan G\u00fcnel...<\/p><\/div>\n<p>\u0130kinci Ergenekon davas\u0131ndan tutuklu olan Te\u011fmen Mehmet Ali \u00c7elebi&#8217;nin cep telefonuna Hizbut Tahrir \u00fcyesi Mehmet O\u011fuz Kazanc\u0131&#8217;n\u0131n telefonundaki rehber kay\u0131tlar\u0131n\u0131n aktar\u0131ld\u0131\u011f\u0131 iddialar\u0131 \u00fczerine \u0130\u00e7i\u015fleri Bakanl\u0131\u011f\u0131 m\u00fcfetti\u015f g\u00f6revlendirdi.<\/p>\n<p style=\"text-align: justify;\">Atalay, &#8220;Yanl\u0131\u015f yapan varsa cezaland\u0131r\u0131l\u0131r&#8221; dedi.<\/p>\n<p style=\"text-align: justify;\">Bu arada Hasdal Cezaevi\u2019nde tutuklu olan Te\u011fmen Mehmet Ali \u00c7elebi\u2019nin avukatlar\u0131 Celal \u00dclgen, H\u00fcseyin Ers\u00f6z ve Serkan G\u00fcnel yaz\u0131l\u0131 bir a\u00e7\u0131klama yaparak \u0130stanbul Emniyet M\u00fcd\u00fcrl\u00fc\u011f\u00fc\u2019n\u00fcn a\u00e7\u0131klamas\u0131na cevap verdi. <!--more--><\/p>\n<p style=\"text-align: justify;\">A\u00e7\u0131klamada, \u0130stanbul Emniyet M\u00fcd\u00fcrl\u00fc\u011f\u00fc\u2019n\u00fcn resmi internet sitesinde yapt\u0131\u011f\u0131 bas\u0131n a\u00e7\u0131klamas\u0131nda \u00c7elebi\u2019nin telefonuna 139 adet kayd\u0131n \u2018sehven\u2019 y\u00fcklenmi\u015f oldu\u011funun tekrarland\u0131\u011f\u0131 ancak bu eylemin nedeni ve gerek\u00e7esine yer verilmedi\u011fi ifade edildi.<\/p>\n<p style=\"text-align: justify;\">\u0130stanbul Emniyet M\u00fcd\u00fcrl\u00fc\u011f\u00fc\u2019n\u00fcn s\u00f6z konusu eylemi ger\u00e7ekle\u015ftirenleri koruma i\u00e7g\u00fcd\u00fcs\u00fcyle hareket etti\u011finin belirtildi\u011fi a\u00e7\u0131klamada, &#8220;Hakk\u0131nda kesinle\u015fmi\u015f bir yarg\u0131 karar\u0131 bulunmayan m\u00fcvekkil hakk\u0131nda a\u011f\u0131r ifadeler kullan\u0131ld\u0131\u011f\u0131 bu bas\u0131n a\u00e7\u0131klamas\u0131nda g\u00f6r\u00fclmektedir&#8221; denildi.<\/p>\n<p style=\"text-align: justify;\">\u0130stanbul 13. A\u011f\u0131r Ceza Mahkemesi hakimleri Sedat Sami Ha\u015f\u0131lo\u011flu ve Hasan H\u00fcseyin \u00d6zese\u2019nin \u00e7apraz sorgu s\u0131ras\u0131nda \u00c7elebi\u2019ye, telefona sonradan eklenen 139 adet telefon kayd\u0131 ile ilgili onlarca soru sordu\u011funun belirtildi\u011fi a\u00e7\u0131klamada, &#8220;\u0130ddianamede yer almayan bu irtibata ili\u015fkin sorulara o anda raporlar ile cevap veremeyen \u00c7elebi \u015f\u00fcphe alt\u0131nda kald\u0131. Sonu\u00e7 itibar\u0131yla kanaatimiz odur ki bug\u00fcn gelinen noktada m\u00fcvekkilin 29 ayl\u0131k tutuklulu\u011funun devam\u0131 y\u00f6n\u00fcnde Mahkeme Heyetinin iki \u00fcyesinin \u00e7o\u011funluk oyu bu konuda \u2018yarat\u0131lan\u2019 \u015f\u00fcpheye dayanmaktad\u0131r&#8221; denildi.<\/p>\n<p style=\"text-align: justify;\"><strong>&#8220;Emniyet \u00f6z\u00fcr dilemeli&#8221; <\/strong><\/p>\n<p style=\"text-align: justify;\">&#8220;\u0130stanbul Emniyet M\u00fcd\u00fcrl\u00fc\u011f\u00fc Mahkeme yerine ge\u00e7ip m\u00fcvekkil hakk\u0131nda kanaat getirmek yerine \u00f6ncelikle masum insanlara delil y\u00fcklemek yoluyla tutuklanmalar\u0131n\u0131 sa\u011flayan su\u00e7 odaklar\u0131n\u0131 bulup ortaya \u00e7\u0131karmas\u0131 gerekmektedir&#8221; ifadelerinin yer ald\u0131\u011f\u0131 a\u00e7\u0131klamada \u015f\u00f6yle denildi:<\/p>\n<p style=\"text-align: justify;\">&#8220;\u0130stanbul Emniyet M\u00fcd\u00fcrl\u00fc\u011f\u00fc \u2018Halk i\u00e7in Emniyet Adalet \u0130\u00e7in Hizmet\u2019 slogan\u0131n\u0131n sadece lafta kalmad\u0131\u011f\u0131n\u0131 ortaya koymal\u0131 ve masum insanlara iftira atan bu k\u00f6t\u00fc niyetli insanlar\u0131 bulup bir an \u00f6nce adalete teslim etmeli ve kamuoyundan bu konuda \u00f6z\u00fcr dilemelidir. \u00c7a\u011fda\u015f, Demokratik Hukuk Devletlerinde beklenen yakla\u015f\u0131m budur.&#8221;<\/p>\n<p style=\"text-align: justify;\"><a href=\"http:\/\/www.cnnturk.com\/2011\/turkiye\/01\/27\/tegmenin.telefonuna.ekleme.icisleri.devrede\/604784.0\/index.html\" target=\"_blank\"><span style=\"color: #888888;\">Kaynak : CNN T\u00dcRK <\/span><\/a><\/p>\n","protected":false},"excerpt":{"rendered":"<p style=\"text-align: justify;\">\n<p id=\"caption-attachment-27433\" class=\"wp-caption-text\">Mehmet Ali \u00c7elebi&#39;nin avukat\u0131 Serkan G\u00fcnel&#8230;<\/p>\n<p>\u0130kinci Ergenekon davas\u0131ndan tutuklu olan Te\u011fmen Mehmet Ali \u00c7elebi&#8217;nin cep telefonuna Hizbut Tahrir \u00fcyesi Mehmet O\u011fuz Kazanc\u0131&#8217;n\u0131n telefonundaki rehber kay\u0131tlar\u0131n\u0131n aktar\u0131ld\u0131\u011f\u0131 iddialar\u0131 \u00fczerine \u0130\u00e7i\u015fleri Bakanl\u0131\u011f\u0131 m\u00fcfetti\u015f g\u00f6revlendirdi.<\/p>\n<p style=\"text-align: justify;\">Atalay, &#8220;Yanl\u0131\u015f yapan varsa cezaland\u0131r\u0131l\u0131r&#8221; dedi.<\/p>\n<p style=\"text-align: justify;\">Bu arada Hasdal Cezaevi\u2019nde tutuklu olan Te\u011fmen <\/p>\n","protected":false},"author":1,"featured_media":0,"comment_status":"open","ping_status":"closed","sticky":false,"template":"","format":"standard","meta":{"footnotes":""},"categories":[105],"tags":[],"class_list":["post-27432","post","type-post","status-publish","format-standard","hentry","category-gundem","odd"],"_links":{"self":[{"href":"http:\/\/www.korhanyilmaz.com\/index.php?rest_route=\/wp\/v2\/posts\/27432","targetHints":{"allow":["GET"]}}],"collection":[{"href":"http:\/\/www.korhanyilmaz.com\/index.php?rest_route=\/wp\/v2\/posts"}],"about":[{"href":"http:\/\/www.korhanyilmaz.com\/index.php?rest_route=\/wp\/v2\/types\/post"}],"author":[{"embeddable":true,"href":"http:\/\/www.korhanyilmaz.com\/index.php?rest_route=\/wp\/v2\/users\/1"}],"replies":[{"embeddable":true,"href":"http:\/\/www.korhanyilmaz.com\/index.php?rest_route=%2Fwp%2Fv2%2Fcomments&post=27432"}],"version-history":[{"count":0,"href":"http:\/\/www.korhanyilmaz.com\/index.php?rest_route=\/wp\/v2\/posts\/27432\/revisions"}],"wp:attachment":[{"href":"http:\/\/www.korhanyilmaz.com\/index.php?rest_route=%2Fwp%2Fv2%2Fmedia&parent=27432"}],"wp:term":[{"taxonomy":"category","embeddable":true,"href":"http:\/\/www.korhanyilmaz.com\/index.php?rest_route=%2Fwp%2Fv2%2Fcategories&post=27432"},{"taxonomy":"post_tag","embeddable":true,"href":"http:\/\/www.korhanyilmaz.com\/index.php?rest_route=%2Fwp%2Fv2%2Ftags&post=27432"}],"curies":[{"name":"wp","href":"https:\/\/api.w.org\/{rel}","templated":true}]}}