{"id":27428,"date":"2011-01-27T11:45:19","date_gmt":"2011-01-27T09:45:19","guid":{"rendered":"http:\/\/www.korhanyilmaz.com\/?p=27428"},"modified":"2011-01-27T11:45:19","modified_gmt":"2011-01-27T09:45:19","slug":"yilmaz-buyukersen-dspden-istifa-etti","status":"publish","type":"post","link":"http:\/\/www.korhanyilmaz.com\/?p=27428","title":{"rendered":"Y\u0131lmaz B\u00fcy\u00fcker\u015fen, DSP&#8217;den istifa etti"},"content":{"rendered":"<p style=\"text-align: justify;\"><a href=\"http:\/\/www.korhanyilmaz.com\/wp-content\/uploads\/2011\/01\/025.jpg\"  class=\"lightview\"><img loading=\"lazy\" decoding=\"async\" class=\"aligncenter size-full wp-image-27429\" src=\"http:\/\/www.korhanyilmaz.com\/wp-content\/uploads\/2011\/01\/025.jpg\" alt=\"\" width=\"292\" height=\"194\" \/><\/a><\/p>\n<p style=\"text-align: justify;\">Eski\u015fehir B\u00fcy\u00fck\u015fehir Belediye Ba\u015fkan\u0131 Y\u0131lmaz B\u00fcy\u00fcker\u015fen, DSP&#8217;den istifa etti.<\/p>\n<p style=\"text-align: justify;\">B\u00fcy\u00fcker\u015fen yapt\u0131\u011f\u0131 yaz\u0131l\u0131 a\u00e7\u0131klamada, halen Eski\u015fehir&#8217;e yeni bir yat\u0131r\u0131m konusuyla ilgili olarak yurt d\u0131\u015f\u0131nda bulundu\u011funu hat\u0131rlatt\u0131. <!--more--><\/p>\n<p style=\"text-align: justify;\">DSP Genel Merkezi&#8217;nin, partiden istifa etmesi i\u00e7in yapt\u0131\u011f\u0131 \u00e7a\u011fr\u0131y\u0131 \u00f6\u011frendi\u011fini ifade eden B\u00fcy\u00fcker\u015fen, \u015fu g\u00f6r\u00fc\u015fleri dile getirdi:<\/p>\n<p style=\"text-align: justify;\">&#8220;Yap\u0131lan a\u00e7\u0131klamaya g\u00f6re, istifam\u0131n istenmesi sebebi ger\u00e7ekleri yans\u0131tm\u0131yor. \u0130leri s\u00fcr\u00fcld\u00fc\u011f\u00fc gibi, ben ne yeni bir park, ne de yeni bir heykel a\u00e7\u0131l\u0131\u015f t\u00f6reni yapt\u0131m. \u00c7a\u011fda\u015f Gazeteciler Derne\u011fi ile Atat\u00fcrk\u00e7\u00fc D\u00fc\u015f\u00fcnce Derne\u011fi&#8217;nin, U\u011fur Mumcu&#8217;yu anmak ve onun ad\u0131na demokrasi \u00f6d\u00fclleri da\u011f\u0131tmak \u00fczere d\u00fczenledikleri toplant\u0131lara davetli olarak kat\u0131ld\u0131m. \u0130stifa \u00e7a\u011fr\u0131s\u0131n\u0131n ger\u00e7ek nedeni, bir s\u00fcreden beri parti y\u00f6netiminin yanl\u0131\u015fl\u0131klar\u0131n\u0131 ele\u015ftirmemdir.&#8221;<\/p>\n<p style=\"text-align: justify;\">B\u00fcy\u00fcker\u015fen, son olarak DSP Milletvekili Say\u0131n Hasan Macit&#8217;e partinin tek ba\u015f\u0131na se\u00e7imlere kat\u0131lma karar\u0131n\u0131n yanl\u0131\u015fl\u0131\u011f\u0131na ili\u015fkin g\u00f6r\u00fc\u015flerini a\u00e7\u0131klad\u0131\u011f\u0131n\u0131 da belirterek, Macit&#8217;e, &#8220;Haziran se\u00e7imlerinde, AKP e\u011fer bug\u00fcnk\u00fc \u00e7o\u011funlukla yine iktidar olursa bunun su\u00e7lusu solda ve merkez sa\u011fda b\u00f6l\u00fcnm\u00fc\u015f, par\u00e7a bu\u00e7uk partilerle onlar\u0131n y\u00f6neticileridir. Kamuoyu nezdinde DSP de bunlardan biri olacakt\u0131r. Parlamentoda say\u0131sal g\u00fcc\u00fc \u00e7ok olan iktidarlar, kar\u015f\u0131lar\u0131nda ayn\u0131 g\u00fcce \u00e7ok yak\u0131n muhalefet olmazsa kontrols\u00fcz g\u00fc\u00e7 olarak, demokratikle\u015fme a\u00e7\u0131s\u0131ndan<\/p>\n<p style=\"text-align: justify;\">tehlikeli kazalara yol a\u00e7arlar. Onun i\u00e7in tek ba\u015f\u0131n\u0131za se\u00e7ime kat\u0131lmak yerine merkez sa\u011f ve soldaki par\u00e7al\u0131 partilerle temaslar kurup, yeni imkanlar yaratmal\u0131s\u0131n\u0131z. Rahmetli Ecevit&#8217;in de, vefat\u0131ndan \u00f6nce b\u00f6yle bir aray\u0131\u015f\u0131n i\u00e7inde oldu\u011funu hepimiz biliyoruz&#8221; dedi\u011fini bildirdi.<\/p>\n<p style=\"text-align: justify;\">Y\u0131lmaz B\u00fcy\u00fcker\u015fen, bu s\u00f6zlerinin DSP Ba\u015fkanl\u0131k Divan\u0131&#8217;n\u0131 \u00e7ok rahats\u0131z etti\u011finin anla\u015f\u0131ld\u0131\u011f\u0131n\u0131 dile getirerek, &#8220;Ke\u015fke bu d\u00fc\u015f\u00fcncelerim y\u00fcz\u00fcnden disiplin soru\u015fturmas\u0131 a\u00e7salard\u0131. Herhalde detayl\u0131 olarak verece\u011fim savunman\u0131n yaz\u0131l\u0131 bir belge olmas\u0131ndan ka\u00e7\u0131nd\u0131klar\u0131 i\u00e7in istifa \u00e7a\u011fr\u0131s\u0131 yap\u0131yorlar. Rahmetli B\u00fclent Ecevit&#8217;in vefat\u0131ndan sonra, T\u00fcrkiye siyasetinde ve demokrasi yolunda misyonunu tamamlad\u0131\u011f\u0131n\u0131 g\u00f6rd\u00fc\u011f\u00fcm ve bug\u00fcne kadar, siyasi etik anlay\u0131\u015f\u0131m gere\u011fi B\u00fcy\u00fck\u015fehir Belediye Ba\u015fkan\u0131 olarak dimdik durdu\u011fum DSP&#8217;den, isteklerini de cevaps\u0131z b\u0131rakmayarak istifa ediyorum&#8221; dedi.<\/p>\n<p style=\"text-align: justify;\"><a href=\"http:\/\/www.cnnturk.com\/2011\/turkiye\/01\/27\/yilmaz.buyukersen.dspden.istifa.etti\/604780.0\/index.html\" target=\"_blank\"><span style=\"color: #888888;\">Kaynak : CNN T\u00dcRK<\/span><\/a><\/p>\n","protected":false},"excerpt":{"rendered":"<p style=\"text-align: justify;\">\n<p style=\"text-align: justify;\">Eski\u015fehir B\u00fcy\u00fck\u015fehir Belediye Ba\u015fkan\u0131 Y\u0131lmaz B\u00fcy\u00fcker\u015fen, DSP&#8217;den istifa etti.<\/p>\n<p style=\"text-align: justify;\">B\u00fcy\u00fcker\u015fen yapt\u0131\u011f\u0131 yaz\u0131l\u0131 a\u00e7\u0131klamada, halen Eski\u015fehir&#8217;e yeni bir yat\u0131r\u0131m konusuyla ilgili olarak yurt d\u0131\u015f\u0131nda bulundu\u011funu hat\u0131rlatt\u0131. <\/p>\n","protected":false},"author":1,"featured_media":0,"comment_status":"open","ping_status":"closed","sticky":false,"template":"","format":"standard","meta":{"footnotes":""},"categories":[105],"tags":[],"class_list":["post-27428","post","type-post","status-publish","format-standard","hentry","category-gundem","odd"],"_links":{"self":[{"href":"http:\/\/www.korhanyilmaz.com\/index.php?rest_route=\/wp\/v2\/posts\/27428","targetHints":{"allow":["GET"]}}],"collection":[{"href":"http:\/\/www.korhanyilmaz.com\/index.php?rest_route=\/wp\/v2\/posts"}],"about":[{"href":"http:\/\/www.korhanyilmaz.com\/index.php?rest_route=\/wp\/v2\/types\/post"}],"author":[{"embeddable":true,"href":"http:\/\/www.korhanyilmaz.com\/index.php?rest_route=\/wp\/v2\/users\/1"}],"replies":[{"embeddable":true,"href":"http:\/\/www.korhanyilmaz.com\/index.php?rest_route=%2Fwp%2Fv2%2Fcomments&post=27428"}],"version-history":[{"count":0,"href":"http:\/\/www.korhanyilmaz.com\/index.php?rest_route=\/wp\/v2\/posts\/27428\/revisions"}],"wp:attachment":[{"href":"http:\/\/www.korhanyilmaz.com\/index.php?rest_route=%2Fwp%2Fv2%2Fmedia&parent=27428"}],"wp:term":[{"taxonomy":"category","embeddable":true,"href":"http:\/\/www.korhanyilmaz.com\/index.php?rest_route=%2Fwp%2Fv2%2Fcategories&post=27428"},{"taxonomy":"post_tag","embeddable":true,"href":"http:\/\/www.korhanyilmaz.com\/index.php?rest_route=%2Fwp%2Fv2%2Ftags&post=27428"}],"curies":[{"name":"wp","href":"https:\/\/api.w.org\/{rel}","templated":true}]}}