{"id":27424,"date":"2011-01-27T09:14:06","date_gmt":"2011-01-27T07:14:06","guid":{"rendered":"http:\/\/www.korhanyilmaz.com\/?p=27424"},"modified":"2011-01-27T09:14:06","modified_gmt":"2011-01-27T07:14:06","slug":"erdogan-tiksirma-sozunu-dogama-verin","status":"publish","type":"post","link":"http:\/\/www.korhanyilmaz.com\/?p=27424","title":{"rendered":"Erdo\u011fan: T\u0131ks\u0131rma s\u00f6z\u00fcn\u00fc do\u011fama verin!"},"content":{"rendered":"<p style=\"text-align: center;\"><a href=\"http:\/\/www.korhanyilmaz.com\/wp-content\/uploads\/2011\/01\/024.jpg\"  class=\"lightview\"><img loading=\"lazy\" decoding=\"async\" class=\"aligncenter size-full wp-image-27425\" src=\"http:\/\/www.korhanyilmaz.com\/wp-content\/uploads\/2011\/01\/024.jpg\" alt=\"\" width=\"480\" height=\"240\" \/><\/a><\/p>\n<p style=\"text-align: justify;\">Ba\u015fbakan Erdo\u011fan, &#8220;T\u0131ks\u0131r\u0131ncaya kadar i\u00e7iyorlar&#8221; s\u00f6z\u00fcne gelen ele\u015ftirileri, &#8220;Ben de insan\u0131m. o da benim o andaki gerilimim ya da do\u011famda olan bir \u015fey olarak al\u0131ns\u0131n&#8221; diye yan\u0131tlad\u0131.<\/p>\n<p style=\"text-align: justify;\">Ba\u015fbakan Erdo\u011fan resmi ziyaret i\u00e7in gitti\u011fi Ukrayna&#8217;dan d\u00f6nmeden \u00f6nce gazetecilerin sorular\u0131n\u0131 yan\u0131tlad\u0131. <!--more--><\/p>\n<p style=\"text-align: justify;\">\u0130\u00e7kiye tavr\u0131 konusunda &#8220;Anayasa&#8217;n\u0131n gere\u011fini yap\u0131yorum, dinim emretti\u011fi i\u00e7in bu konulara girmi\u015f de\u011filiz&#8221; dedi.<\/p>\n<p style=\"text-align: justify;\">&#8220;Aks\u0131r\u0131ncaya t\u0131ks\u0131r\u0131ncaya kadar&#8221; ifadesi konusunda da &#8220;Benim de stresli ve sinirli anlar\u0131m oluyor. Ben de insan\u0131m. O da benim o andaki gerilimim ya da do\u011famda olan bir \u015fey olarak al\u0131ns\u0131n. Belki onun da al\u0131c\u0131s\u0131 vard\u0131r&#8221; diye konu\u015ftu.<\/p>\n<p style=\"text-align: justify;\">Cumhurba\u015fkan\u0131 Abdullah G\u00fcl&#8217;\u00fcn d\u00fcn gazetelere yans\u0131yan ve &#8220;geni\u015f kat\u0131l\u0131mla haz\u0131rlanmal\u0131&#8221; dedi\u011fi yeni Anayasa i\u00e7in de &#8220;D\u00fcnyay\u0131 yeniden ke\u015ffetmeye gerek yok. Taklit bir anayasa olsun da istemiyoruz. Bize has olsun istiyoruz. Anayasada rotay\u0131 millet \u00e7izecek. Meclis aritmeti\u011fine g\u00f6re hareket edece\u011fiz. 367 olsa da konsens\u00fcs arayaca\u011f\u0131z&#8221; dedi.<\/p>\n<p style=\"text-align: justify;\">Ba\u015fbakan, &#8216;AK Parti Hizbullah ile g\u00f6r\u00fc\u015ft\u00fc&#8217; iddias\u0131 i\u00e7in de, &#8220;Bizi hi\u00e7bir ter\u00f6r \u00f6rg\u00fct\u00fcyle bir arada g\u00f6remeyeceksiniz. Bizim illegal yere gitmemiz s\u00f6z konusu de\u011fil&#8221; de\u011ferlendirmesini yapt\u0131.<\/p>\n<p style=\"text-align: justify;\">Erdo\u011fan firardaki Hizbullah san\u0131klar\u0131yla ilgili soruya da, &#8220;Yeri belli olsa yakalar al\u0131rlar. Bana gelmi\u015f bir yurtd\u0131\u015f\u0131 bilgisi yok&#8221; cevab\u0131n\u0131 verdi.<\/p>\n<p style=\"text-align: justify;\"><strong>&#8216;MUHTE\u015eEM Y\u00dcZYIL&#8217;A ELE\u015eT\u0130R\u0130 <\/strong><\/p>\n<p style=\"text-align: justify;\">Ba\u015fbakan Kanuni Sultan S\u00fcleyman&#8217;\u0131n hayat\u0131n\u0131 konu alan &#8216;Muhte\u015fem Y\u00fczy\u0131l&#8217; dizisi hakk\u0131nda da &#8220;Ecdad\u0131m\u0131za, Osmanl\u0131&#8217;ya ciddi bir sayg\u0131s\u0131zl\u0131k yap\u0131lmaktad\u0131r. Saray\u0131 \u00e7ok farkl\u0131 bir \u015fekilde g\u00f6sterme gayretleri vard\u0131r. Bunlar\u0131n hi\u00e7birinin delili, belgesi filan oldu\u011funu da ispat edemezler. B\u00f6yle bir filmi sadece ge\u00e7mi\u015fe hakaret, bir sayg\u0131s\u0131zl\u0131k, ge\u00e7mi\u015fimizi \u00fclkedeki gen\u00e7 ku\u015faklara olumsuz g\u00f6sterme gayreti olarak g\u00f6r\u00fcyorum ve do\u011fru bulmuyorum&#8221; ifadesini kulland\u0131.<\/p>\n<p style=\"text-align: justify;\"><a href=\"http:\/\/haber.gazetevatan.com\/erdogan-tiksirma-sozunu-dogama-verin\/355428\/9\/Siyaset\" target=\"_blank\"><span style=\"color: #888888;\">Kaynak : VATAN<\/span><\/a><\/p>\n","protected":false},"excerpt":{"rendered":"<p style=\"text-align: center;\">\n<p style=\"text-align: justify;\">Ba\u015fbakan Erdo\u011fan, &#8220;T\u0131ks\u0131r\u0131ncaya kadar i\u00e7iyorlar&#8221; s\u00f6z\u00fcne gelen ele\u015ftirileri, &#8220;Ben de insan\u0131m. o da benim o andaki gerilimim ya da do\u011famda olan bir \u015fey olarak al\u0131ns\u0131n&#8221; diye yan\u0131tlad\u0131.<\/p>\n<p style=\"text-align: justify;\">Ba\u015fbakan Erdo\u011fan resmi ziyaret i\u00e7in gitti\u011fi Ukrayna&#8217;dan d\u00f6nmeden \u00f6nce gazetecilerin sorular\u0131n\u0131 yan\u0131tlad\u0131. <\/p>\n","protected":false},"author":1,"featured_media":0,"comment_status":"open","ping_status":"closed","sticky":false,"template":"","format":"standard","meta":{"footnotes":""},"categories":[105],"tags":[],"class_list":["post-27424","post","type-post","status-publish","format-standard","hentry","category-gundem","odd"],"_links":{"self":[{"href":"http:\/\/www.korhanyilmaz.com\/index.php?rest_route=\/wp\/v2\/posts\/27424","targetHints":{"allow":["GET"]}}],"collection":[{"href":"http:\/\/www.korhanyilmaz.com\/index.php?rest_route=\/wp\/v2\/posts"}],"about":[{"href":"http:\/\/www.korhanyilmaz.com\/index.php?rest_route=\/wp\/v2\/types\/post"}],"author":[{"embeddable":true,"href":"http:\/\/www.korhanyilmaz.com\/index.php?rest_route=\/wp\/v2\/users\/1"}],"replies":[{"embeddable":true,"href":"http:\/\/www.korhanyilmaz.com\/index.php?rest_route=%2Fwp%2Fv2%2Fcomments&post=27424"}],"version-history":[{"count":0,"href":"http:\/\/www.korhanyilmaz.com\/index.php?rest_route=\/wp\/v2\/posts\/27424\/revisions"}],"wp:attachment":[{"href":"http:\/\/www.korhanyilmaz.com\/index.php?rest_route=%2Fwp%2Fv2%2Fmedia&parent=27424"}],"wp:term":[{"taxonomy":"category","embeddable":true,"href":"http:\/\/www.korhanyilmaz.com\/index.php?rest_route=%2Fwp%2Fv2%2Fcategories&post=27424"},{"taxonomy":"post_tag","embeddable":true,"href":"http:\/\/www.korhanyilmaz.com\/index.php?rest_route=%2Fwp%2Fv2%2Ftags&post=27424"}],"curies":[{"name":"wp","href":"https:\/\/api.w.org\/{rel}","templated":true}]}}