{"id":27405,"date":"2011-01-27T07:15:20","date_gmt":"2011-01-27T05:15:20","guid":{"rendered":"http:\/\/www.korhanyilmaz.com\/?p=27405"},"modified":"2011-01-27T07:15:20","modified_gmt":"2011-01-27T05:15:20","slug":"chpden-agir-bildiri","status":"publish","type":"post","link":"http:\/\/www.korhanyilmaz.com\/?p=27405","title":{"rendered":"CHP&#8217;den a\u011f\u0131r bildiri"},"content":{"rendered":"<p style=\"text-align: center;\"><a href=\"http:\/\/www.korhanyilmaz.com\/wp-content\/uploads\/2011\/01\/020.jpg\"  class=\"lightview\"><img loading=\"lazy\" decoding=\"async\" class=\"aligncenter size-full wp-image-27409\" src=\"http:\/\/www.korhanyilmaz.com\/wp-content\/uploads\/2011\/01\/020.jpg\" alt=\"\" width=\"398\" height=\"236\" \/><\/a><\/p>\n<p style=\"text-align: justify;\">CHP&#8217;li on milletvekili y\u00fcksek yarg\u0131da yap\u0131lacak de\u011fi\u015fikliklere tepki olarak yay\u0131mlad\u0131klar\u0131 bildiride halk\u0131 me\u015fru direni\u015fe \u00e7a\u011f\u0131rd\u0131<\/p>\n<p style=\"text-align: justify;\">CHP\u2019li Anayasa ve Adalet Komisyonu\u2019na \u00fcye milletvekilleri, d\u00fcn yay\u0131mlad\u0131klar\u0131 bildiri ile Anayasa Mahkemesi\u2019nin yeniden yap\u0131land\u0131r\u0131lmas\u0131 ve Yarg\u0131tay ve Dan\u0131\u015ftay\u2019a yeni daireler kurulmas\u0131n\u0131 \u00f6ng\u00f6ren yasa tasar\u0131lar\u0131n\u0131 Hitler d\u00f6nemi Nazi Almanya\u2019s\u0131ndaki geli\u015fmelere benzeterek, toplumun b\u00fct\u00fcn kesimlerini direni\u015fe \u00e7a\u011f\u0131rd\u0131. Y\u00fcksek Mahkeme\u2019nin Nazilerin \u201cHalk Mahkemesi\u2019ne\u201d benzeyece\u011fi savunulurken, CHP Konya Milletvekili Atilla Kart, \u201cBu yap\u0131 i\u00e7inde, b\u00fct\u00fcn unsurlar\u0131, anayasal ve me\u015fru zemin i\u00e7inde direnmeye ve muhalefete \u00e7a\u011f\u0131r\u0131yoruz. S\u00f6yledi\u011fimiz budur: Bunun yol ve y\u00f6ntemleri, vurmadan k\u0131rmadan, me\u015fru zeminlerde her zaman i\u00e7in demokrasilerde bulunur\u201d dedi. <!--more--><\/p>\n<p style=\"text-align: justify;\"><strong>Endi\u015feliyiz, dikkatli olunsun <\/strong><\/p>\n<p style=\"text-align: justify;\">CHP Grup Ba\u015fkanvekili Mehmet Akif Hamza\u00e7ebi ile TBMM Anayasa ve Adalet Komisyonu\u2019nun CHP\u2019li \u00fcyelerinden olu\u015fan 10 milletvekili TBMM\u2019de bir bas\u0131n toplant\u0131s\u0131 d\u00fczenleyerek y\u00fcksek yarg\u0131 ile ilgili olarak Meclis\u2019e sunulan yasa tasar\u0131lar\u0131n\u0131 a\u011f\u0131r ifadelerle ele\u015ftirdi. Hamza\u00e7ebi, \u201cBu tasar\u0131larla AKP y\u00fcksek yarg\u0131ya hakim olacakt\u0131r. Endi\u015feliyiz. Toplumu bu konuda dikkatli olmaya davet ediyoruz\u201d dedi. Daha sonra Kart, 10 milletvekili ad\u0131na haz\u0131rlanan 5 sayfal\u0131k bildiriyi okudu. Bildiride \u015fu ifadeler yer ald\u0131:<\/p>\n<p style=\"text-align: justify;\"><strong>\u201cBenim yarg\u0131c\u0131m\u201d d\u00f6nemi<\/strong><\/p>\n<p style=\"text-align: justify;\">T\u00fcrkiye\u2019de, devlet y\u00f6netiminde, \u2018Benim Memurum, Benim M\u00fcste\u015far\u0131m, Benim Bakan\u0131m\u2019 d\u00f6neminden sonra, \u2018Benim Yarg\u0131c\u0131m\u2019 d\u00f6nemi yeni HSYK yap\u0131lanmas\u0131yla birlikte Anayasa Mahkemesi, Yarg\u0131tay ve Dan\u0131\u015ftay tasar\u0131s\u0131yla birlikte hayata ge\u00e7irilmek istenilmektedir. T\u00fcrkiye Cumhuriyeti demokratik laik ve sosyal hukuk devletinin t\u00fcm direnme unsurlar\u0131n\u0131 ve hayatiyetini yok eden rejimi fa\u015fist bir yap\u0131ya d\u00f6n\u00fc\u015ft\u00fcren s\u00fcrecin nihai a\u015famas\u0131yla kar\u015f\u0131 kar\u015f\u0131yad\u0131r.<\/p>\n<p style=\"text-align: justify;\"><strong>Erdo\u011fan: En b\u00fcy\u00fck demagog <\/strong><\/p>\n<p style=\"text-align: justify;\">Karartma, bilgi kirlili\u011fi ve takiyye konular\u0131nda yak\u0131n tarihin en b\u00fcy\u00fck demagoglar\u0131ndan olan Ba\u015fbakan; G\u00f6bels propagandas\u0131 ve Makyavel y\u00f6ntemleriyle; T\u00fcrkiye\u2019yi hem ekonomik olarak, hem siyaseten ve hem de k\u00fclt\u00fcrel olarak m\u00fcstemleke bir \u00fclke haline getirme misyonunu b\u00fcy\u00fck \u00f6l\u00e7\u00fcde ba\u015farm\u0131\u015f durumdad\u0131r&#8230; 1919\u2019larda ba\u015far\u0131l\u0131 olamayan, amac\u0131na ula\u015famayan emperyalizm, AKP\u2019nin \u2018i\u015fbirlik\u00e7i\u2019 anlay\u0131\u015f\u0131yla bug\u00fcn \u00f6nemli bir mesafe alm\u0131\u015ft\u0131r.<\/p>\n<p style=\"text-align: justify;\"><strong>Kazan\u0131mlar bo\u011fdurulacak <\/strong><\/p>\n<p style=\"text-align: justify;\">T\u00fcm yarg\u0131 mekanizmas\u0131 ve kazan\u0131mlar\u0131 yeni olu\u015fturulan ve bir\u00e7o\u011funda yarg\u0131\u00e7l\u0131k misyonu bulunmayan Anayasa Mahkemesi\u2019ne bo\u011fdurulmak ve hegomanyas\u0131na sokulmak istenilmektedir. Anayasa Mahkemesi i\u00e7inde ba\u015fkan arac\u0131l\u0131\u011f\u0131yla bir dikta makam\u0131 olu\u015fturulmaktad\u0131r. Siyasi iktidar do\u011frudan kendisine tabi olan Anayasa Mahkemesi yoluyla 2011 se\u00e7imleri sonras\u0131 planlad\u0131\u011f\u0131 yeni anayasa d\u00fczenlemesi ile hukuk ve demokrasiye nihai darbeyi vurmay\u0131 ama\u00e7lamaktad\u0131r. Anayasa Mahkemesi, Yarg\u0131tay ve Dan\u0131\u015ftay gibi kurumlar fa\u015fizmi hedefleyen iktidarlar i\u00e7in ba\u015flang\u0131\u00e7ta alt edilmesi gereken kurumlard\u0131r. Ancak iktidar devleti ele ge\u00e7irdikten sonra art\u0131k bu kurumlar fa\u015fizmin demir pen\u00e7esini olu\u015fturan fa\u015fist yarg\u0131 kurumlar\u0131na d\u00f6n\u00fc\u015f\u00fcrler.<\/p>\n<p style=\"text-align: justify;\"><strong>UYARIYORUZ: G\u00dcN \u0130\u015eTE O G\u00dcND\u00dcR <\/strong><\/p>\n<p style=\"text-align: justify;\">Bir siyasi iktidar, fa\u015fizmi ad\u0131m ad\u0131m Devlet yap\u0131s\u0131 i\u00e7inde kurumsal hale getiriyorsa, \u00e7a\u011fda\u015f anayasalarda d\u00fczenlenen temel hak ve \u00f6zg\u00fcrl\u00fckleri gasp ediyorsa; orada art\u0131k insan haklar\u0131 evrensel s\u00f6zle\u015fmelerinde ve uluslararas\u0131 s\u00f6zle\u015fmelerde d\u00fczenlemesi yap\u0131lan \u2018bask\u0131ya ve fa\u015fizme kar\u015f\u0131 direnme hakk\u0131n\u0131n\u2019 me\u015fru \u015fartlar\u0131 olu\u015fmu\u015f demektir. T\u00fcrkiye Cumhuriyeti\u2019nin t\u00fcm yurtta\u015flar\u0131n\u0131, bu \u2018a\u00e7\u0131k ve yak\u0131n tehlikeye kar\u015f\u0131\u2019 uyar\u0131yor, anayasal ve me\u015fru zemin i\u00e7inde toplumsal haklar\u0131n\u0131 kullanmalar\u0131n\u0131n zorunlulu\u011funu dile getiriyoruz. G\u00fcn o g\u00fcnd\u00fcr.\u201d<\/p>\n<p style=\"text-align: justify;\">Kart, yap\u0131lan \u00e7a\u011fr\u0131 ile eyi kastettiklerinin sorulmas\u0131 \u00fczerine, \u201cS\u00f6ylediklerim \u00e7ok net. Demokraside siyasi partileri, sivil toplum \u00f6rg\u00fctleri, meslek odalar\u0131 ve kamuoyuyla bir b\u00fct\u00fcn\u00fc olu\u015fturmaktad\u0131r. Bu yap\u0131 i\u00e7inde b\u00fct\u00fcn unsurlar\u0131 anayasal ve me\u015fru zemin i\u00e7inde direnmeye ve muhalefete \u00e7a\u011f\u0131r\u0131yoruz. S\u00f6yledi\u011fimiz budur. Bunun yol ve y\u00f6ntemleri, vurmadan k\u0131rmadan, me\u015fru zeminlerde her zaman i\u00e7in demokrasilerde bulunur\u201d dedi.<\/p>\n<p style=\"text-align: center;\"><a href=\"http:\/\/www.korhanyilmaz.com\/wp-content\/uploads\/2011\/01\/021.jpg\"  class=\"lightview\"><img loading=\"lazy\" decoding=\"async\" class=\"aligncenter size-full wp-image-27411\" src=\"http:\/\/www.korhanyilmaz.com\/wp-content\/uploads\/2011\/01\/021.jpg\" alt=\"\" width=\"482\" height=\"288\" \/><\/a><\/p>\n<p style=\"text-align: justify;\"><strong>Nazilerin halk mahkemesi neydi? <\/strong><\/p>\n<p style=\"text-align: justify;\">Bildiride, Nazileri olu\u015fturdu\u011fu \u2018Halk Mahkemesi\u2019 ise \u015f\u00f6yle anlat\u0131l\u0131yor: Y\u0131l 1933&#8230; Nazi iktidar\u0131n\u0131n yeni iktidara geldi\u011fi ve hen\u00fcz yarg\u0131 \u00fczerinde tam olarak denetim sa\u011flayamad\u0131\u011f\u0131 y\u0131llar&#8230; Reichstag yang\u0131n\u0131yla ilgili davada yarg\u0131lanan 4 kom\u00fcnistten 3\u2019\u00fcn\u00fc Alman Y\u00fcksek Mahkemesi beraat ettirir. Hitler ve G\u00f6ering \u00e7ok sinirlenir. Bu davalar Y\u00fcksek Mahkeme\u2019den al\u0131n\u0131r, yeni kurulan Halk Mahkemesi\u2019ne aktar\u0131l\u0131r. Yeni mahkeme, k\u0131sa s\u00fcrede \u00fclkenin en korkun\u00e7 mahkemesi olmu\u015ftur. T\u00fcrkiye\u2019de de bu misyonu \u00fcstlenen mahkemelerin art\u0131k s\u00f6z konusu oldu\u011funu yeri gelmi\u015fken ifade ediyoruz. Hitler\u2019in mahkemelerinde meslekten gelme 4 yarg\u0131\u00e7 vard\u0131r. Di\u011fer 5 yarg\u0131\u00e7 ise SS\u2019lerden ve ordudan se\u00e7ilmi\u015flerdi. B\u00f6ylece \u00e7o\u011funluk meslekten gelmeyen yarg\u0131\u00e7lardan olu\u015fuyordu. AKP bunu daha da ileri g\u00f6t\u00fcr\u00fcyor. Sadece Y\u00fcksek Mahkemeleri de\u011fil, ilk derece mahkemelerinde de bunu ba\u015far\u0131yor.<\/p>\n<p style=\"text-align: justify;\"><a href=\"http:\/\/www.milliyet.com.tr\/chp-halki-sivil-direnise-cagirdi\/siyaset\/haberdetay\/27.01.2011\/1344522\/default.htm\" target=\"_blank\"><span style=\"color: #888888;\">Kaynak : Milliyet<\/span><\/a><\/p>\n","protected":false},"excerpt":{"rendered":"<p style=\"text-align: center;\">\n<p style=\"text-align: justify;\">CHP&#8217;li on milletvekili y\u00fcksek yarg\u0131da yap\u0131lacak de\u011fi\u015fikliklere tepki olarak yay\u0131mlad\u0131klar\u0131 bildiride halk\u0131 me\u015fru direni\u015fe \u00e7a\u011f\u0131rd\u0131<\/p>\n<p style=\"text-align: justify;\">CHP\u2019li Anayasa ve Adalet Komisyonu\u2019na \u00fcye milletvekilleri, d\u00fcn yay\u0131mlad\u0131klar\u0131 bildiri ile Anayasa Mahkemesi\u2019nin yeniden yap\u0131land\u0131r\u0131lmas\u0131 ve Yarg\u0131tay ve Dan\u0131\u015ftay\u2019a yeni daireler kurulmas\u0131n\u0131 \u00f6ng\u00f6ren yasa tasar\u0131lar\u0131n\u0131 Hitler d\u00f6nemi Nazi Almanya\u2019s\u0131ndaki geli\u015fmelere benzeterek, toplumun b\u00fct\u00fcn <\/p>\n","protected":false},"author":1,"featured_media":0,"comment_status":"open","ping_status":"closed","sticky":false,"template":"","format":"standard","meta":{"footnotes":""},"categories":[105],"tags":[],"class_list":["post-27405","post","type-post","status-publish","format-standard","hentry","category-gundem","odd"],"_links":{"self":[{"href":"http:\/\/www.korhanyilmaz.com\/index.php?rest_route=\/wp\/v2\/posts\/27405","targetHints":{"allow":["GET"]}}],"collection":[{"href":"http:\/\/www.korhanyilmaz.com\/index.php?rest_route=\/wp\/v2\/posts"}],"about":[{"href":"http:\/\/www.korhanyilmaz.com\/index.php?rest_route=\/wp\/v2\/types\/post"}],"author":[{"embeddable":true,"href":"http:\/\/www.korhanyilmaz.com\/index.php?rest_route=\/wp\/v2\/users\/1"}],"replies":[{"embeddable":true,"href":"http:\/\/www.korhanyilmaz.com\/index.php?rest_route=%2Fwp%2Fv2%2Fcomments&post=27405"}],"version-history":[{"count":0,"href":"http:\/\/www.korhanyilmaz.com\/index.php?rest_route=\/wp\/v2\/posts\/27405\/revisions"}],"wp:attachment":[{"href":"http:\/\/www.korhanyilmaz.com\/index.php?rest_route=%2Fwp%2Fv2%2Fmedia&parent=27405"}],"wp:term":[{"taxonomy":"category","embeddable":true,"href":"http:\/\/www.korhanyilmaz.com\/index.php?rest_route=%2Fwp%2Fv2%2Fcategories&post=27405"},{"taxonomy":"post_tag","embeddable":true,"href":"http:\/\/www.korhanyilmaz.com\/index.php?rest_route=%2Fwp%2Fv2%2Ftags&post=27405"}],"curies":[{"name":"wp","href":"https:\/\/api.w.org\/{rel}","templated":true}]}}