{"id":27397,"date":"2011-01-25T11:32:31","date_gmt":"2011-01-25T09:32:31","guid":{"rendered":"http:\/\/www.korhanyilmaz.com\/?p=27397"},"modified":"2011-01-25T11:32:31","modified_gmt":"2011-01-25T09:32:31","slug":"edirne-beyaza-burundu","status":"publish","type":"post","link":"http:\/\/www.korhanyilmaz.com\/?p=27397","title":{"rendered":"Edirne beyaza b\u00fcr\u00fcnd\u00fc"},"content":{"rendered":"<p style=\"text-align: center;\"><a href=\"http:\/\/www.korhanyilmaz.com\/wp-content\/uploads\/2011\/01\/017.jpg\"  class=\"lightview\"><img loading=\"lazy\" decoding=\"async\" class=\"aligncenter size-full wp-image-27398\" src=\"http:\/\/www.korhanyilmaz.com\/wp-content\/uploads\/2011\/01\/017.jpg\" alt=\"\" width=\"307\" height=\"236\" \/><\/a><\/p>\n<p style=\"text-align: justify;\">Edirne&#8217;de etkili olan kar ya\u011f\u0131\u015f\u0131 kenti beyaza b\u00fcr\u00fcd\u00fc. \u0130zmir&#8217;de de f\u0131rt\u0131na nedeniyle baz\u0131 fabrikalar\u0131n \u00e7at\u0131lar\u0131 u\u00e7tu, binalar hasar g\u00f6rd\u00fc, a\u011fa\u00e7lar devrildi. Manisa&#8217;n\u0131n Ala\u015fehir il\u00e7esinde ise bir eve y\u0131ld\u0131r\u0131m d\u00fc\u015fmesi sonucu 15 ya\u015f\u0131ndaki \u00e7ocuk hayat\u0131n\u0131 kaybetti.<!--more--><\/p>\n<p style=\"text-align: justify;\"><strong>Edirne:<\/strong><\/p>\n<p style=\"text-align: justify;\">Edirne&#8217;de aral\u0131klarla devam eden kar ya\u011f\u0131\u015f\u0131n\u0131n zaman zaman tipi \u015feklinde olmas\u0131, trafikte seyreden ara\u00e7 s\u00fcr\u00fcc\u00fclerine zor anlar ya\u015fat\u0131yor.<\/p>\n<p style=\"text-align: justify;\">Kar ya\u011f\u0131\u015f\u0131 \u0130psala il\u00e7esinde yo\u011fun bir \u015feklinde devam ediyor. \u0130psala v eEnez&#8217;de kar kal\u0131nl\u0131\u011f\u0131 5 santimetre, Lalapa\u015fa, Uzunk\u00f6pr\u00fc, Havsa, Meri\u00e7, S\u00fclo\u011flu ve Ke\u015fan&#8217;da ise 2 santimetreye ula\u015ft\u0131.<\/p>\n<p style=\"text-align: justify;\">Karayollar\u0131 ekipleri, \u00f6zellikle rak\u0131m\u0131 y\u00fcksek Ke\u015fan-\u00c7anakkale yolunun Koruda\u011f\u0131 mevkisinde yolun kapanmamas\u0131 i\u00e7in \u00e7al\u0131\u015fmalar\u0131n\u0131 s\u00fcrd\u00fcr\u00fcyor.<\/p>\n<p style=\"text-align: justify;\">Hava s\u0131cakl\u0131\u011f\u0131n\u0131n s\u0131f\u0131r\u0131n alt\u0131nda 1 derece \u00f6l\u00e7\u00fcld\u00fc\u011f\u00fc kentte, kar ya\u011f\u0131\u015f\u0131 g\u00fcn boyu etkili olacak. Edirne&#8217;de yar\u0131n kar ya\u011f\u0131\u015f\u0131 beklenmiyor.<\/p>\n<p style=\"text-align: justify;\"><strong>K\u0131rklareli:<\/strong><\/p>\n<p style=\"text-align: justify;\">K\u0131rklareli&#8217;nde de d\u00fcn ak\u015fam saatlerinde ba\u015flayan kar ya\u011f\u0131\u015f\u0131 Derek\u00f6y k\u00f6y\u00fcile Demirk\u00f6y ve Kof\u00e7az il\u00e7elerinde devam ediyor.<\/p>\n<p style=\"text-align: justify;\">Demirk\u00f6y ve Kof\u00e7az il\u00e7elerinde kar kal\u0131nl\u0131\u011f\u0131 10, Mahyatepe&#8217;de 20 santimetre olarak \u00f6l\u00e7\u00fcld\u00fc. Karayollar\u0131 15. \u015eube \u015eefli\u011fi ekipleri, Demirk\u00f6y il\u00e7esi ve Bulgaristan&#8217;a a\u00e7\u0131lan Derek\u00f6y S\u0131n\u0131r Kap\u0131s\u0131 yollar\u0131nda kar k\u00fcr\u00fcme ve buzlanmaya kar\u015f\u0131 tuzlama \u00e7al\u0131\u015fmalar\u0131n\u0131 s\u00fcrd\u00fcr\u00fcyor.<\/p>\n<p style=\"text-align: justify;\">Kar ya\u011f\u0131\u015f\u0131n\u0131n devam etti\u011fi Demirk\u00f6y ve Kof\u00e7az il\u00e7elerinde kapal\u0131 k\u00f6y yolu bulunmuyor. Demirk\u00f6y Emniyet Amirli\u011fi ile Jandarma ekipleri, ara\u00e7lar\u0131n zincirsiz seyretmelerine izin vermiyor.<\/p>\n<p style=\"text-align: justify;\">Bu arada L\u00fcleburgaz ve Pehlivank\u00f6y il\u00e7elerinde de kar ya\u011f\u0131\u015f\u0131 ba\u015flad\u0131. Meteoroloji yetkilileri, kar ya\u011f\u0131\u015f\u0131n\u0131n ak\u015fam saatlerinde K\u0131rklareli&#8217;ni terk edece\u011fini ve hava s\u0131cakl\u0131\u011f\u0131n\u0131n s\u0131f\u0131r\u0131n alt\u0131nda 1 derece olaca\u011f\u0131n\u0131 bildirdi.<\/p>\n<p style=\"text-align: justify;\"><strong>\u0130zmir:<\/strong><\/p>\n<p style=\"text-align: justify;\">\u0130zmir&#8217;in Kemalpa\u015fa il\u00e7esindeki organize sanayi b\u00f6lgesinde f\u0131rrt\u0131na nedeniyle baz\u0131 fabrikalar\u0131n \u00e7at\u0131lar\u0131ndaki sa\u00e7lar u\u00e7tu, binalar hasar g\u00f6rd\u00fc, a\u011fa\u00e7lar devrildi.<\/p>\n<p style=\"text-align: justify;\">Ak\u015fam saatlerindeki f\u0131rt\u0131na organize sanayi b\u00f6lgesinde maddi zarara neden oldu.<\/p>\n<p style=\"text-align: justify;\">Binalar\u0131n \u00e7at\u0131s\u0131ndan savrulan sa\u00e7lar ve devrilen a\u011fa\u00e7lar\u0131n organize sanayi b\u00f6lgesi yak\u0131n\u0131ndaki baz\u0131 yollarda trafi\u011fi olumsuz etkiledi\u011fi belirtildi.<\/p>\n<p style=\"text-align: justify;\">Yoldaki a\u011fa\u00e7 ve sa\u00e7lar belediyeye ait i\u015f makineleriyle yoldan kald\u0131r\u0131ld\u0131. Kemalpa\u015fa Organize Sanayi B\u00f6lgesi&#8217;nde elektrik kesintisine neden olan f\u0131rt\u0131na, bir nakliye firmas\u0131na ait ofisi de y\u0131kt\u0131.<\/p>\n<p style=\"text-align: justify;\">B\u00f6lgede g\u00f6revli g\u00fcvenlik g\u00f6revlisi Ahmet T\u00fcrko\u011flu f\u0131rt\u0131nan\u0131n 3-4 dakika kadar s\u00fcrd\u00fc\u011f\u00fcn\u00fc belirterek, &#8220;Ne oldu\u011funu anlayamad\u0131m. \u00d6nce b\u00fcy\u00fck bir g\u00fcr\u00fclt\u00fc duyuldu. Sonra elektrikler kesildi. Bir anda b\u00fct\u00fcn cisimler havada u\u00e7maya ba\u015flad\u0131. \u00c7ok korkun\u00e7 bir manzarayd\u0131&#8221; dedi.<\/p>\n<p style=\"text-align: justify;\">Emniyet yetkilileri herhangi bir yaralanma olay\u0131n\u0131n olmad\u0131\u011f\u0131n\u0131 belirtti.<\/p>\n<p style=\"text-align: justify;\"><strong>Manisa:<\/strong><\/p>\n<p style=\"text-align: justify;\">Da\u011fhac\u0131yusuf k\u00f6y\u00fcnde evlerine y\u0131ld\u0131r\u0131m d\u00fc\u015fmesi sonucu yaralanan 15 ya\u015f\u0131ndaki Musa G\u00fcrlek, hastaneye g\u00f6t\u00fcr\u00fcl\u00fcrken yolda ya\u015fam\u0131n\u0131 kaybetti.<\/p>\n<p style=\"text-align: justify;\">Baba Mehmet G\u00fcrlek (42), saat 22:30 civar\u0131nda yatt\u0131klar\u0131n\u0131, bir s\u00fcre sonra g\u00fcr\u00fclt\u00fc ile uyand\u0131klar\u0131n\u0131 anlatt\u0131. O\u011flunun odas\u0131na gitti\u011finde o\u011flunun v\u00fccudunda yan\u0131klar g\u00f6rd\u00fc\u011f\u00fcn\u00fc kaydeden G\u00fcrlek, &#8220;Ala\u015fehir Devlet Hastanesi&#8217;ne getirmek istedim. Yolda hayat\u0131n\u0131 kaybetti&#8221; dedi.<\/p>\n<p style=\"text-align: justify;\">Evinde olu\u015fan hasar nedeniyle yaralanan G\u00fcrlek, hastanede tedavi alt\u0131na al\u0131nd\u0131.<\/p>\n<p style=\"text-align: justify;\"><strong>Bodrum:<\/strong><\/p>\n<p style=\"text-align: justify;\">Mu\u011fla&#8217;n\u0131n Bodrum il\u00e7esinde de etkili olan ya\u011f\u0131\u015f ve f\u0131rt\u0131na ya\u015fam\u0131 olumsuz etkiledi.<\/p>\n<p style=\"text-align: justify;\">Ak\u015fam saatlerinde ba\u015flayan ve gece etkisini art\u0131ran \u015fiddetli ya\u011f\u0131\u015f ve f\u0131rt\u0131na nedeniyle Bodrum&#8217;un Kumbah\u00e7e ve Pa\u015fatarlas\u0131 sahilinde bulunan baz\u0131 k\u00fc\u00e7\u00fck bal\u0131k\u00e7\u0131 kay\u0131klar\u0131 batt, b\u00fcy\u00fck tekneler ise batma tehlikesi ge\u00e7irdi.<\/p>\n<p style=\"text-align: justify;\">K\u0131br\u0131s \u015eehitleri Caddesi&#8217;nde bulunan iki elektrik dire\u011fi ise f\u0131rt\u0131na nedeniyle yola devrildi. Direkler zab\u0131ta ekiplerinin \u00e7al\u0131\u015fmas\u0131 sonucu ref\u00fcje kald\u0131r\u0131ld\u0131. Sahilde bulunan restoranlar\u0131n balkonlar\u0131nda k\u00fc\u00e7\u00fck \u00e7apta su bask\u0131nlar\u0131 ya\u015fand\u0131.<\/p>\n<p style=\"text-align: justify;\">\u015eiddetli ya\u011f\u0131\u015f nedeniyle baz\u0131 cadde ve sokaklar suyla kapland\u0131, maddi hasarl\u0131 trafik kazalar\u0131 meydana geldi. Zab\u0131ta ekipleri gece boyunca devriye gezerek herhangi bir olumsuzluk ya\u015fan\u0131p ya\u015fanmad\u0131\u011f\u0131n\u0131 kontrol etti.<\/p>\n<p style=\"text-align: justify;\"><strong>Antalya:<\/strong><\/p>\n<p style=\"text-align: justify;\">Meteoroloji, Antalya&#8217;n\u0131n Manavgat il\u00e7esi ve a\u00e7\u0131klar\u0131nda da kuvvetli g\u00f6k g\u00fcr\u00fclt\u00fcl\u00fc sa\u011fanak ya\u011f\u0131\u015f, k\u0131sa s\u00fcreli f\u0131rt\u0131na ve su hortumu beklendi\u011fini bildirdi.<\/p>\n<p style=\"text-align: justify;\"><strong>Bolu:<\/strong><\/p>\n<p style=\"text-align: justify;\">D-100 karayolunun Bolu Da\u011f\u0131 kesiminde etkili olan kar ya\u011f\u0131\u015f\u0131 ve sis nedeniyle g\u00f6r\u00fc\u015f mesafesi 15 metreye kadar d\u00fc\u015ft\u00fc. Aral\u0131klarla devam eden kar ya\u011f\u0131\u015f\u0131 hayat\u0131 olumsuz etkiliyor.<\/p>\n<p style=\"text-align: justify;\">Trafik ekipleri, s\u00fcr\u00fcc\u00fcleri a\u015f\u0131r\u0131 h\u0131z ve yak\u0131n takip yapmamalar\u0131 konusunda uyar\u0131rken, ara\u00e7lar\u0131nda \u00e7ekme halat\u0131, takoz ve zincir bulundurmalar\u0131n\u0131 istedi.<\/p>\n<p style=\"text-align: justify;\"><a href=\"http:\/\/www.cnnturk.com\/2011\/turkiye\/01\/25\/edirne.beyaza.burundu\/604437.0\/index.html\" target=\"_blank\"><span style=\"color: #888888;\">Kaynak : CNN T\u00dcRK<\/span><\/a><\/p>\n","protected":false},"excerpt":{"rendered":"<p style=\"text-align: center;\">\n<p style=\"text-align: justify;\">Edirne&#8217;de etkili olan kar ya\u011f\u0131\u015f\u0131 kenti beyaza b\u00fcr\u00fcd\u00fc. \u0130zmir&#8217;de de f\u0131rt\u0131na nedeniyle baz\u0131 fabrikalar\u0131n \u00e7at\u0131lar\u0131 u\u00e7tu, binalar hasar g\u00f6rd\u00fc, a\u011fa\u00e7lar devrildi. Manisa&#8217;n\u0131n Ala\u015fehir il\u00e7esinde ise bir eve y\u0131ld\u0131r\u0131m d\u00fc\u015fmesi sonucu 15 ya\u015f\u0131ndaki \u00e7ocuk hayat\u0131n\u0131 kaybetti.<\/p>\n","protected":false},"author":1,"featured_media":0,"comment_status":"open","ping_status":"closed","sticky":false,"template":"","format":"standard","meta":{"footnotes":""},"categories":[105],"tags":[],"class_list":["post-27397","post","type-post","status-publish","format-standard","hentry","category-gundem","odd"],"_links":{"self":[{"href":"http:\/\/www.korhanyilmaz.com\/index.php?rest_route=\/wp\/v2\/posts\/27397","targetHints":{"allow":["GET"]}}],"collection":[{"href":"http:\/\/www.korhanyilmaz.com\/index.php?rest_route=\/wp\/v2\/posts"}],"about":[{"href":"http:\/\/www.korhanyilmaz.com\/index.php?rest_route=\/wp\/v2\/types\/post"}],"author":[{"embeddable":true,"href":"http:\/\/www.korhanyilmaz.com\/index.php?rest_route=\/wp\/v2\/users\/1"}],"replies":[{"embeddable":true,"href":"http:\/\/www.korhanyilmaz.com\/index.php?rest_route=%2Fwp%2Fv2%2Fcomments&post=27397"}],"version-history":[{"count":0,"href":"http:\/\/www.korhanyilmaz.com\/index.php?rest_route=\/wp\/v2\/posts\/27397\/revisions"}],"wp:attachment":[{"href":"http:\/\/www.korhanyilmaz.com\/index.php?rest_route=%2Fwp%2Fv2%2Fmedia&parent=27397"}],"wp:term":[{"taxonomy":"category","embeddable":true,"href":"http:\/\/www.korhanyilmaz.com\/index.php?rest_route=%2Fwp%2Fv2%2Fcategories&post=27397"},{"taxonomy":"post_tag","embeddable":true,"href":"http:\/\/www.korhanyilmaz.com\/index.php?rest_route=%2Fwp%2Fv2%2Ftags&post=27397"}],"curies":[{"name":"wp","href":"https:\/\/api.w.org\/{rel}","templated":true}]}}