{"id":27394,"date":"2011-01-25T12:03:34","date_gmt":"2011-01-25T10:03:34","guid":{"rendered":"http:\/\/www.korhanyilmaz.com\/?p=27394"},"modified":"2011-01-25T12:03:34","modified_gmt":"2011-01-25T10:03:34","slug":"amaclari-baskanlik-sistemi-dedi-ve-uyardi","status":"publish","type":"post","link":"http:\/\/www.korhanyilmaz.com\/?p=27394","title":{"rendered":"Ama\u00e7lar\u0131 &#8216;ba\u015fkanl\u0131k sistemi&#8217; dedi ve uyard\u0131&#8230;"},"content":{"rendered":"<p style=\"text-align: justify;\"><a href=\"http:\/\/www.korhanyilmaz.com\/wp-content\/uploads\/2011\/01\/016.jpg\"  class=\"lightview\"><img loading=\"lazy\" decoding=\"async\" class=\"aligncenter size-full wp-image-27395\" src=\"http:\/\/www.korhanyilmaz.com\/wp-content\/uploads\/2011\/01\/016.jpg\" alt=\"\" width=\"292\" height=\"224\" \/><\/a><\/p>\n<p style=\"text-align: justify;\">Yarg\u0131tay Onursal Cumhuriyet Ba\u015fsavc\u0131s\u0131 Sabih Kanado\u011flu, referandumla ortaya \u00e7\u0131kan anayasan\u0131n ba\u011f\u0131ms\u0131zl\u0131\u011f\u0131n\u0131 yitirdi\u011fini s\u00f6yledi, &#8220;\u0130lk yap\u0131lacak i\u015f bu yutturulan hapla ortaya \u00e7\u0131kan ba\u011f\u0131ms\u0131z olmayan yarg\u0131n\u0131n bu halinin d\u00fczeltilmesidir&#8221; dedi. H\u00fck\u00fcmetin g\u00fcndeminde yeni ve kapsaml\u0131 bir &#8216;Anayasa De\u011fi\u015fiklik Paketi&#8217; oldu\u011funa i\u015faret eden Kanado\u011flu, yap\u0131lmak istenenin ba\u015fkanl\u0131k sistemine ge\u00e7mek oldu\u011funu \u00f6ne s\u00fcrd\u00fc. <!--more--><\/p>\n<p style=\"text-align: justify;\">(DHA) &#8212; Cumhuriyet Kad\u0131nlar\u0131 Derne\u011fi, Atat\u00fcrk\u00e7\u00fc D\u00fc\u015f\u00fcnce Derne\u011fi ve \u00c7a\u011fda\u015f Ya\u015fam\u0131 Destekleme Derne\u011fi&#8217;nin Mersin \u015fubelerinin yan\u0131 s\u0131ra \u00e7e\u015fitli siyasi parti ve sivil toplum kurulu\u015flar\u0131nca ortakla\u015fa organize edilen &#8216;U\u011fur Mumcu&#8217;dan G\u00fcn\u00fcm\u00fcze Adalet ve Demokrasi&#8217; konulu paneli Mersin Ticaret ve Sanayi Odas\u0131 Toplant\u0131 Salonu&#8217;nda ger\u00e7ekle\u015fti.<\/p>\n<p style=\"text-align: justify;\">Yakla\u015f\u0131k 500 ki\u015finin dinlemeye geldi\u011fi panele konu\u015fmac\u0131 olarak kat\u0131lan Sabih Kanado\u011flu, referandumla birlikte yap\u0131lan anayasa de\u011fi\u015fikli\u011fini ele\u015ftirdi.<\/p>\n<p style=\"text-align: justify;\">Kanado\u011flu, T\u00fcrkiye&#8217;nin yeni bir anayasaya ihtiyac\u0131 oldu\u011funu belirterek, &#8220;Bu kesin, anayasa art\u0131k birbiri ile irtibat\u0131n\u0131 kaybetmi\u015f, \u00e7eli\u015fkiler i\u00e7erisinde, T\u00fcrk\u00e7e&#8217;si itibariyle de yine de\u011fi\u015fmesi gerekli bir anayasa haline inmi\u015ftir. Anayasa de\u011fi\u015fikli\u011fi bi\u00e7imi ile de yap\u0131labilir, belirli maddeler ile de veya 4 madde muhafaza edilmek kayd\u0131 ile kalan b\u00fct\u00fcn maddeleri yeniden d\u00fczenlenebilir. Bu mutlaka da yap\u0131lmal\u0131d\u0131r&#8221; dedi.<\/p>\n<p style=\"text-align: justify;\">Kanado\u011flu s\u00f6zlerine \u015f\u00f6yle devam etti:<\/p>\n<p style=\"text-align: justify;\">&#8220;Ama bu anayasa de\u011fi\u015fikli\u011fi gibi de\u011fil, yani siyasi iktidar\u0131n karar verip, &#8216;Art\u0131k bir anayasa de\u011fi\u015fikli\u011fi yapmam\u0131z gerek&#8217; diyerek kendi d\u00fc\u015f\u00fcncesini empoze etmek, dayatmak \u00fczere tart\u0131\u015fma kabul etmemek, d\u00fc\u015f\u00fcnce almamak, tart\u0131\u015fmamak, b\u00fct\u00fcn devletin g\u00fcc\u00fcn\u00fc de kendi d\u00fc\u015f\u00fcncenin ger\u00e7ekle\u015fmesi i\u00e7in seferber ederseniz b\u00f6yle bir anayasa de\u011fi\u015fikli\u011finin ne yap\u0131lmas\u0131 m\u00fcmk\u00fcnd\u00fcr ne de yap\u0131lsa dahi o yapt\u0131\u011f\u0131n\u0131z anayasa veya de\u011fi\u015fikli\u011fin siyasi iktidar\u0131n \u00f6mr\u00fc ile do\u011fru orant\u0131l\u0131d\u0131r. \u00c7\u00fcnk\u00fc o iktidar de\u011fi\u015fti\u011fi zaman gelecek olan iktidar onu de\u011fi\u015ftirecektir.&#8221;<\/p>\n<p style=\"text-align: justify;\"><strong>82 Anayasas\u0131&#8217;n\u0131 da ele\u015ftirdi <\/strong><\/p>\n<p style=\"text-align: justify;\">Kanado\u011flu, referandumla ortaya \u00e7\u0131kan anayasan\u0131n ba\u011f\u0131ms\u0131zl\u0131\u011f\u0131n\u0131 yitirdi\u011fini ifade ederek \u015funlar\u0131 s\u00f6yledi:<\/p>\n<p style=\"text-align: justify;\">&#8220;E\u011fer \u015fimdi bana soruyorsan\u0131z, net olarak ifade ediyorum. Bu anayasa de\u011fi\u015fikli\u011fi ile ortaya \u00e7\u0131kar\u0131lan Anayasa Mahkemesi&#8217;nin ve Hakimler Savc\u0131lar Y\u00fcksek Kurulu&#8217;nun ilk yap\u0131lan i\u015fle de\u011fi\u015ftirilmesidir. Bunlar eskiden de k\u00f6t\u00fcyd\u00fc \u015fimdi daha beter oldu. Yarg\u0131 ba\u011f\u0131ms\u0131zl\u0131\u011f\u0131 derken \u015funu net ifade edeyim, 82 Anayasas\u0131 ile zaten yarg\u0131 ba\u011f\u0131ms\u0131zl\u0131\u011f\u0131 \u00e7ok zedelenmi\u015ftir. Yarg\u0131n\u0131n ba\u011f\u0131ms\u0131z oldu\u011funu 82&#8217;de de s\u00f6ylemek m\u00fcmk\u00fcn de\u011fildi, \u015fimdi ise hi\u00e7 de\u011fil. Kim diyorsa ki, \u015fimdi yarg\u0131 ba\u011f\u0131ms\u0131zd\u0131r yalan s\u00f6yl\u00fcyor. Bunun ac\u0131lar\u0131 daha da duyulacakt\u0131r. Onun i\u00e7in yine tekrar edeyim, halk\u0131m\u0131z \u00f6n\u00fcne bir f\u0131rsat\u0131n geldi\u011finin bilincinde olsun. Yoksa bu gidi\u015f iyi bir gidi\u015f de\u011fil.&#8221;<\/p>\n<p style=\"text-align: justify;\"><strong>&#8220;Ama\u00e7lar\u0131 ba\u015fkanl\u0131k sistemi&#8230;&#8221; <\/strong><\/p>\n<p style=\"text-align: justify;\">H\u00fck\u00fcmetin g\u00fcndeminde yeni ve kapsaml\u0131 bir &#8216;Anayasa De\u011fi\u015fiklik Paketi&#8217; oldu\u011funa i\u015faret eden Kanado\u011flu, burada yap\u0131lmak istenense T\u00fcrkiye&#8217;nin ba\u015fkanl\u0131k sistemine ge\u00e7irilmesi oldu\u011funu \u00f6ne s\u00fcrd\u00fc.<\/p>\n<p style=\"text-align: justify;\">Kanado\u011flu, &#8220;E\u011fer tek ki\u015fi \u00fczerinden bir Anayasa de\u011fi\u015fikli\u011fi olursa T\u00fcrkiye&#8217;nin nereye ve ne \u015fekilde gidece\u011fi ortadad\u0131r. \u00c7\u00fcnk\u00fc &#8216;ba\u015fkanl\u0131k sistemi&#8217; do\u011frudan do\u011fruya bir sistem de\u011fil, aksine bir rejimdir. Ama bunun da iki ko\u015fulu vard\u0131r. Birincisi; ba\u011f\u0131ms\u0131z bir yarg\u0131 ister, ikincisiyse; siyasi partilerde disiplin ister. Bu nedenle do\u011frudan do\u011fruya yasaman\u0131n kimlerden olu\u015faca\u011f\u0131n\u0131 karara ba\u011flayan, kimlerin milletvekili se\u00e7ilece\u011fini, kimin hangi s\u0131rada yer alaca\u011f\u0131n\u0131 bir siyasi partinin genel ba\u015fkan\u0131 tayin ediyorsa yarg\u0131 ba\u011f\u0131ms\u0131zl\u0131\u011f\u0131 tamamen ortadan kalkm\u0131\u015fsa ve b\u00f6ylesi bir ortamda &#8216;ba\u015fkanl\u0131k sistemi&#8217; hayata ge\u00e7irilmek isteniyorsa, bunun T\u00fcrkiye&#8217;yi nereye g\u00f6t\u00fcrece\u011fi bellidir. Bunun ad\u0131 asla ama asla &#8216;ileri demokrasi&#8217; olamaz. Bu nedenle t\u00fcm yurtta \u00e7ok iyi bilinmesi laz\u0131m. Vatanda\u015flar, gelecekte kendilerini bekleyen tehlikeleri dikkate alarak iradesini \u00f6yle sand\u0131\u011fa yans\u0131tmal\u0131d\u0131r&#8221; dedi.<\/p>\n<p style=\"text-align: justify;\">\u015eeyh Fahd El Ahmed Uluslararas\u0131 Hay\u0131r \u0130\u015fleri \u00d6d\u00fcl\u00fc Kurulu taraf\u0131ndan, Ba\u015fbakan Tayyip Erdo\u011fan&#8217;a, &#8220;\u00dcst\u00fcn M\u00fcsl\u00fcman \u015eahsiyet \u00d6d\u00fcl\u00fc&#8217;n\u00fc de ele\u015ftiren Kanado\u011flu s\u00f6zlerini \u015f\u00f6yle s\u00fcrd\u00fcrd\u00fc:<\/p>\n<p style=\"text-align: justify;\">&#8220;\u00dcst\u00fcn M\u00fcsl\u00fcman \u00d6d\u00fcl\u00fc&#8217;n\u00fc ben bilmiyorum. Ama bende duydum. Tabi g\u00fczel bir \u00f6d\u00fcl. Niye veriliyor? demek ki, \u00fcst\u00fcn bir M\u00fcsl\u00fcman d\u00fc\u015f\u00fcncesini, \u015fahsiyetini yaratt\u0131\u011f\u0131 i\u00e7in al\u0131yor. Ke\u015fke, \u00e7a\u011fda\u015f demokrat, \u00e7a\u011fda\u015f insanl\u0131k \u00f6d\u00fcl\u00fcn\u00fc als\u0131n. Neden, \u00e7\u00fcnk\u00fc \u00dcst\u00fcn M\u00fcsl\u00fcman \u015eahsiyet, bireyler i\u00e7in \u00f6d\u00fcl\u00fc ona Allah taraf\u0131ndan verilen bir \u00f6d\u00fcld\u00fcr. Yoksa devlet adam\u0131n\u0131n \u00dcst\u00fcn M\u00fcsl\u00fcman \u015eahsiyet olmas\u0131n\u0131 o devletin, demokrasisi ile hi\u00e7 bir ilgisi yoktur. O halde \u00dcst\u00fcn M\u00fcsl\u00fcman \u015eahsiyet \u00f6d\u00fcl\u00fcn\u00fc ald\u0131\u011f\u0131 i\u00e7in say\u0131n ba\u015fbakan\u0131 kutlamak laz\u0131m.&#8221;<\/p>\n<p style=\"text-align: justify;\"><a href=\"http:\/\/www.cnnturk.com\/2011\/turkiye\/01\/25\/amaclari.baskanlik.sistemi.dedi.ve.uyardi\/604489.0\/index.html\" target=\"_blank\"><span style=\"color: #888888;\">Kaynak : CNN T\u00dcRK<\/span><\/a><\/p>\n","protected":false},"excerpt":{"rendered":"<p style=\"text-align: justify;\">\n<p style=\"text-align: justify;\">Yarg\u0131tay Onursal Cumhuriyet Ba\u015fsavc\u0131s\u0131 Sabih Kanado\u011flu, referandumla ortaya \u00e7\u0131kan anayasan\u0131n ba\u011f\u0131ms\u0131zl\u0131\u011f\u0131n\u0131 yitirdi\u011fini s\u00f6yledi, &#8220;\u0130lk yap\u0131lacak i\u015f bu yutturulan hapla ortaya \u00e7\u0131kan ba\u011f\u0131ms\u0131z olmayan yarg\u0131n\u0131n bu halinin d\u00fczeltilmesidir&#8221; dedi. H\u00fck\u00fcmetin g\u00fcndeminde yeni ve kapsaml\u0131 bir &#8216;Anayasa De\u011fi\u015fiklik Paketi&#8217; oldu\u011funa i\u015faret eden Kanado\u011flu, yap\u0131lmak istenenin ba\u015fkanl\u0131k sistemine ge\u00e7mek oldu\u011funu \u00f6ne s\u00fcrd\u00fc. <\/p>\n","protected":false},"author":1,"featured_media":0,"comment_status":"open","ping_status":"closed","sticky":false,"template":"","format":"standard","meta":{"footnotes":""},"categories":[105],"tags":[],"class_list":["post-27394","post","type-post","status-publish","format-standard","hentry","category-gundem","odd"],"_links":{"self":[{"href":"http:\/\/www.korhanyilmaz.com\/index.php?rest_route=\/wp\/v2\/posts\/27394","targetHints":{"allow":["GET"]}}],"collection":[{"href":"http:\/\/www.korhanyilmaz.com\/index.php?rest_route=\/wp\/v2\/posts"}],"about":[{"href":"http:\/\/www.korhanyilmaz.com\/index.php?rest_route=\/wp\/v2\/types\/post"}],"author":[{"embeddable":true,"href":"http:\/\/www.korhanyilmaz.com\/index.php?rest_route=\/wp\/v2\/users\/1"}],"replies":[{"embeddable":true,"href":"http:\/\/www.korhanyilmaz.com\/index.php?rest_route=%2Fwp%2Fv2%2Fcomments&post=27394"}],"version-history":[{"count":0,"href":"http:\/\/www.korhanyilmaz.com\/index.php?rest_route=\/wp\/v2\/posts\/27394\/revisions"}],"wp:attachment":[{"href":"http:\/\/www.korhanyilmaz.com\/index.php?rest_route=%2Fwp%2Fv2%2Fmedia&parent=27394"}],"wp:term":[{"taxonomy":"category","embeddable":true,"href":"http:\/\/www.korhanyilmaz.com\/index.php?rest_route=%2Fwp%2Fv2%2Fcategories&post=27394"},{"taxonomy":"post_tag","embeddable":true,"href":"http:\/\/www.korhanyilmaz.com\/index.php?rest_route=%2Fwp%2Fv2%2Ftags&post=27394"}],"curies":[{"name":"wp","href":"https:\/\/api.w.org\/{rel}","templated":true}]}}