{"id":27391,"date":"2011-01-25T12:15:26","date_gmt":"2011-01-25T10:15:26","guid":{"rendered":"http:\/\/www.korhanyilmaz.com\/?p=27391"},"modified":"2011-01-25T12:15:26","modified_gmt":"2011-01-25T10:15:26","slug":"erdogana-cevap-chpli-inceden-geldi","status":"publish","type":"post","link":"http:\/\/www.korhanyilmaz.com\/?p=27391","title":{"rendered":"Erdo\u011fan&#8217;a cevap CHP&#8217;li \u0130nce&#8217;den geldi"},"content":{"rendered":"<p style=\"text-align: justify;\"><a href=\"http:\/\/www.korhanyilmaz.com\/wp-content\/uploads\/2011\/01\/015.jpg\"  class=\"lightview\"><img loading=\"lazy\" decoding=\"async\" class=\"aligncenter size-full wp-image-27392\" src=\"http:\/\/www.korhanyilmaz.com\/wp-content\/uploads\/2011\/01\/015.jpg\" alt=\"\" width=\"292\" height=\"224\" \/><\/a><\/p>\n<p style=\"text-align: justify;\">CHP Grup Ba\u015fkanvekili Muharrem \u0130nce, Ba\u015fbakan Recep Tayyip Erdo\u011fan&#8217;\u0131n CHP ve onun liderlerine a\u011f\u0131r hakaretlerde bulundu\u011funu belirterek, &#8220;Hakareti siyasetinin merkezine alm\u0131\u015f, \u00f6fkeyi hitabete d\u00f6n\u00fc\u015ft\u00fcrm\u00fc\u015f birinin kulland\u0131\u011f\u0131 &#8216;namert&#8217;, &#8216;al\u00e7ak&#8217; gibi s\u0131fatlar, CHP&#8217;yi ve onun genel ba\u015fkan\u0131n\u0131 de\u011fil s\u00f6yleyeni anlatmaktad\u0131r&#8221; dedi. <!--more--><\/p>\n<p style=\"text-align: justify;\">\u0130nce, yapt\u0131\u011f\u0131 yaz\u0131l\u0131 a\u00e7\u0131klamada, &#8220;her s\u00f6z\u00fcn s\u00f6yleyenin ruh halini ve bilin\u00e7 d\u00fczeyini g\u00f6sterdi\u011fi&#8221; g\u00f6r\u00fc\u015f\u00fcne yer verdi.<\/p>\n<p style=\"text-align: justify;\">A\u00e7\u0131klamas\u0131nda, Ba\u015fbakan Erdo\u011fan&#8217;\u0131n baz\u0131 konu\u015fmalar\u0131nda kulland\u0131\u011f\u0131n\u0131 belirtti\u011fi baz\u0131 ifadeleri s\u0131ralayan CHP&#8217;li \u0130nce, &#8220;B\u00fct\u00fcn bu s\u00f6zleri s\u00f6yleyen birinin &#8216;Ben bug\u00fcne kadar, m\u00fcmk\u00fcn oldu\u011funca, hi\u00e7bir zaman hakaret yolunu se\u00e7medim&#8217; s\u00f6z\u00fc komik olman\u0131n da \u00f6tesine ge\u00e7mektedir&#8221; dedi.<\/p>\n<p style=\"text-align: justify;\">&#8220;Hakareti siyasetinin merkezine alm\u0131\u015f, \u00f6fkeyi hitabete d\u00f6n\u00fc\u015ft\u00fcrm\u00fc\u015f birinin kulland\u0131\u011f\u0131 &#8216;namert&#8217;, &#8216;al\u00e7ak&#8217; gibi s\u0131fatlar, CHP&#8217;yi ve onun genel ba\u015fkan\u0131n\u0131 de\u011fil s\u00f6yleyeni anlatmaktad\u0131r&#8221; diyen Muharrem \u0130nce,  &#8220;Say\u0131n Ba\u015fbakan, ge\u00e7mi\u015fte ve bug\u00fcn, CHP&#8217;ye ve onun liderine a\u011f\u0131r hakaretlerde bulunmu\u015ftur&#8221; diye konu\u015ftu.<\/p>\n<p style=\"text-align: justify;\">&#8220;Bizim iddialar\u0131m\u0131z\u0131n yersiz oldu\u011funu s\u00f6ylemek i\u00e7in hakaret etmesine gerek yok&#8221; diyen \u0130nce, &#8220;Devletin b\u00fct\u00fcn kay\u0131tlar\u0131 kendi elinde, kamuoyuna a\u00e7\u0131klar ve kamuoyu kendi karar\u0131n\u0131 kendisi verir. Say\u0131n Ba\u015fbakan bunu yapma yerine kendisini ifade eden s\u00f6zleri, ba\u015fkas\u0131na yak\u0131\u015ft\u0131rma yolunu se\u00e7iyor&#8221; ifadesini kulland\u0131.<\/p>\n<p style=\"text-align: justify;\">Muharrem \u0130nce, &#8220;Hizbullah militanlar\u0131n\u0131n serbest b\u0131rak\u0131lmas\u0131 konusundaki CHP iddialar\u0131 kar\u015f\u0131s\u0131nda Ba\u015fbakan&#8217;\u0131n kimyas\u0131n\u0131n bozulmas\u0131 ve bilin\u00e7alt\u0131n\u0131n s\u00f6z ve eylemlerine hakim olmas\u0131, bizim a\u00e7\u0131m\u0131zdan anla\u015f\u0131l\u0131r bir durumdur. \u00c7\u00fcnk\u00fc ger\u00e7ek b\u00fct\u00fcn \u00e7\u0131plakl\u0131\u011f\u0131yla \u00f6ylece durmaktad\u0131r. Hizbullah dava dosyas\u0131n\u0131n AKP&#8217;nin kadrola\u015ft\u0131\u011f\u0131 yerlerde nas\u0131l ve ni\u00e7in bekletildi\u011fini hepimiz bilmekteyiz&#8221; dedi.<\/p>\n<p style=\"text-align: justify;\">CHP&#8217;li \u0130nce, &#8220;AKP d\u00f6neminde Hizbullah, Do\u011fu ve G\u00fcneydo\u011fu Anadolu&#8217;da \u00f6rg\u00fctl\u00fc g\u00fc\u00e7 olarak s\u00fcrekli geli\u015fmi\u015f ve bug\u00fcn siyasi akt\u00f6r konumundad\u0131r. T\u0131pk\u0131 PKK&#8217;da oldu\u011fu gibi \u00e7\u00f6kertilmi\u015f ter\u00f6r \u00f6rg\u00fctleri, 8 y\u0131lda birer siyasi g\u00fc\u00e7 haline gelmi\u015ftir. Ba\u015fbakan \u00f6nce bu ger\u00e7e\u011fi g\u00f6rmeli ve bunun nas\u0131l ger\u00e7ekle\u015fti\u011finin hesab\u0131n\u0131 vermelidir. AKP ve gizli \u00f6rg\u00fct ili\u015fkisine gelince, Habur vakas\u0131, Say\u0131n Ba\u015fbakan\u0131 ve partisini anlamam\u0131z i\u00e7in yetmekte ve artmaktad\u0131r. Hizbullah ise bu i\u015fin cilas\u0131 olmu\u015ftur&#8221; \u015feklinde konu\u015ftu.<\/p>\n<p style=\"text-align: justify;\"><a href=\"http:\/\/www.cnnturk.com\/2011\/turkiye\/01\/25\/erdogana.cevap.chpli.inceden.geldi\/604492.0\/index.html\" target=\"_blank\"><span style=\"color: #888888;\">Kaynak : CNN T\u00dcRK<\/span><\/a><\/p>\n","protected":false},"excerpt":{"rendered":"<p style=\"text-align: justify;\">\n<p style=\"text-align: justify;\">CHP Grup Ba\u015fkanvekili Muharrem \u0130nce, Ba\u015fbakan Recep Tayyip Erdo\u011fan&#8217;\u0131n CHP ve onun liderlerine a\u011f\u0131r hakaretlerde bulundu\u011funu belirterek, &#8220;Hakareti siyasetinin merkezine alm\u0131\u015f, \u00f6fkeyi hitabete d\u00f6n\u00fc\u015ft\u00fcrm\u00fc\u015f birinin kulland\u0131\u011f\u0131 &#8216;namert&#8217;, &#8216;al\u00e7ak&#8217; gibi s\u0131fatlar, CHP&#8217;yi ve onun genel ba\u015fkan\u0131n\u0131 de\u011fil s\u00f6yleyeni anlatmaktad\u0131r&#8221; dedi. <\/p>\n","protected":false},"author":1,"featured_media":0,"comment_status":"open","ping_status":"closed","sticky":false,"template":"","format":"standard","meta":{"footnotes":""},"categories":[105],"tags":[],"class_list":["post-27391","post","type-post","status-publish","format-standard","hentry","category-gundem","odd"],"_links":{"self":[{"href":"http:\/\/www.korhanyilmaz.com\/index.php?rest_route=\/wp\/v2\/posts\/27391","targetHints":{"allow":["GET"]}}],"collection":[{"href":"http:\/\/www.korhanyilmaz.com\/index.php?rest_route=\/wp\/v2\/posts"}],"about":[{"href":"http:\/\/www.korhanyilmaz.com\/index.php?rest_route=\/wp\/v2\/types\/post"}],"author":[{"embeddable":true,"href":"http:\/\/www.korhanyilmaz.com\/index.php?rest_route=\/wp\/v2\/users\/1"}],"replies":[{"embeddable":true,"href":"http:\/\/www.korhanyilmaz.com\/index.php?rest_route=%2Fwp%2Fv2%2Fcomments&post=27391"}],"version-history":[{"count":0,"href":"http:\/\/www.korhanyilmaz.com\/index.php?rest_route=\/wp\/v2\/posts\/27391\/revisions"}],"wp:attachment":[{"href":"http:\/\/www.korhanyilmaz.com\/index.php?rest_route=%2Fwp%2Fv2%2Fmedia&parent=27391"}],"wp:term":[{"taxonomy":"category","embeddable":true,"href":"http:\/\/www.korhanyilmaz.com\/index.php?rest_route=%2Fwp%2Fv2%2Fcategories&post=27391"},{"taxonomy":"post_tag","embeddable":true,"href":"http:\/\/www.korhanyilmaz.com\/index.php?rest_route=%2Fwp%2Fv2%2Ftags&post=27391"}],"curies":[{"name":"wp","href":"https:\/\/api.w.org\/{rel}","templated":true}]}}