{"id":27383,"date":"2011-01-24T11:31:34","date_gmt":"2011-01-24T09:31:34","guid":{"rendered":"http:\/\/www.korhanyilmaz.com\/?p=27383"},"modified":"2011-01-24T11:31:34","modified_gmt":"2011-01-24T09:31:34","slug":"gaffar-okkan-olumunun-10-yilinda-aniliyor","status":"publish","type":"post","link":"http:\/\/www.korhanyilmaz.com\/?p=27383","title":{"rendered":"Gaffar Okkan \u00f6l\u00fcm\u00fcn\u00fcn 10. y\u0131l\u0131nda an\u0131l\u0131yor"},"content":{"rendered":"<p style=\"text-align: justify;\"><a href=\"http:\/\/www.korhanyilmaz.com\/wp-content\/uploads\/2011\/01\/013.jpg\"  class=\"lightview\"><img loading=\"lazy\" decoding=\"async\" class=\"size-full wp-image-27384 aligncenter\" src=\"http:\/\/www.korhanyilmaz.com\/wp-content\/uploads\/2011\/01\/013.jpg\" alt=\"\" width=\"292\" height=\"212\" \/><\/a><\/p>\n<p style=\"text-align: justify;\">Diyarbak\u0131r&#8217;da 10 y\u0131l \u00f6nce \u015fehit edilen Emniyet M\u00fcd\u00fcr\u00fc Ali Gaffar Okkan ve 5 polis memuru, sald\u0131r\u0131n\u0131n d\u00fczenlendi\u011fi yerde an\u0131ld\u0131.<\/p>\n<p style=\"text-align: justify;\">Yeni\u015fehir il\u00e7esi Sezai Karako\u00e7 bulvar\u0131nda 24 Ocak 2001 g\u00fcn\u00fc ter\u00f6ristlerce \u015fehit edilen eski Emniyet M\u00fcd\u00fcr\u00fc Ali Gaffar Okkan ve polis memurlar\u0131 Mehmet Kamal\u0131, Sabri K\u00fcn, Mehmet Sepet\u00e7i, Atilla Durmu\u015f ve Selahattin Baysoy&#8217;a hain sald\u0131r\u0131n\u0131n d\u00fczenlendi\u011fi yerde, bir dakikal\u0131k sayg\u0131 duru\u015funun ard\u0131ndan olay yerine karanfil b\u0131rak\u0131ld\u0131. <!--more--><\/p>\n<p style=\"text-align: justify;\">Diyarbak\u0131r Emniyet M\u00fcd\u00fcr\u00fc Mustafa Sa\u011flam, g\u00fczel bir insan olan \u015fehit Ali Gaffar Okkan&#8217;\u0131n, bir yol a\u00e7arak, insanlar\u0131n g\u00f6nl\u00fcne girdi\u011fini s\u00f6yledi.<\/p>\n<p style=\"text-align: justify;\">Okkan&#8217;\u0131n a\u00e7t\u0131\u011f\u0131 bu yolun \u015fimdi, daha da geni\u015fledi\u011fini, bir bulvar, bir otoban haline d\u00f6n\u00fc\u015ft\u00fc\u011f\u00fcn\u00fc belirten Sa\u011flam, &#8220;Bir zihniyet, bir anlay\u0131\u015f de\u011fi\u015fiminin \u00e7a\u011fda\u015f bir yakla\u015f\u0131m\u0131n\u0131n ba\u015flang\u0131c\u0131n\u0131 olu\u015fturdu. Bu yol \u015fimdi s\u00fcrekli geni\u015fliyor, ruhu \u015fad olsun. G\u00f6n\u00fcllerde yer etme, g\u00f6n\u00fcllere girme, kal\u0131c\u0131 olmak demek ki b\u00f6yle oluyormu\u015f. O, bir \u00e7oklar\u0131na \u00f6rnek oldu. \u0130n\u015fallah bundan sonra her \u015fey daha g\u00fczel olacak. Allah rahmet eylesin, ruhu \u015fad olsun diyorum&#8221; dedi.<\/p>\n<p style=\"text-align: justify;\">Bu arada sald\u0131r\u0131n\u0131n d\u00fczenlendi\u011fi yerdeki binada oturan ya\u015fl\u0131 bir kad\u0131n evine b\u00fcy\u00fck T\u00fcrk Bayra\u011f\u0131 ast\u0131. Kad\u0131n\u0131n balkonda, elinde \u015fehit polis memuru Yunus Kurt&#8217;un foto\u011fraf\u0131n\u0131 ta\u015f\u0131rken, anma s\u00fcresince g\u00f6zya\u015flar\u0131n\u0131 tutamad\u0131\u011f\u0131 g\u00f6r\u00fcld\u00fc.<\/p>\n<p style=\"text-align: justify;\"><strong>Mevlit okutulacak <\/strong><\/p>\n<p style=\"text-align: justify;\">Da\u011fkap\u0131 semtindeki Nebi Camii&#8217;nde ikindi namaz\u0131n\u0131n ard\u0131ndan \u015fehit Okkan ve 5 polis memuru i\u00e7in mevlit de okutulacak.<\/p>\n<p style=\"text-align: justify;\">Diyarbak\u0131r&#8217;da Okkan&#8217;a duyulan sevgi nedeniyle &#8220;Ali Gaffar&#8221; ismi verilen 101 \u00e7ocuk, ismini ta\u015f\u0131d\u0131klar\u0131 Okkan&#8217;\u0131 mezar\u0131 ba\u015f\u0131nda anacak.<\/p>\n<p style=\"text-align: justify;\"><a href=\"http:\/\/www.cnnturk.com\/2011\/turkiye\/01\/24\/gaffar.okkan.olumunun.10.yilinda.aniliyor\/604241.0\/index.html\" target=\"_blank\"><span style=\"color: #888888;\">Kaynak : CNN T\u00dcRK<\/span><\/a><\/p>\n","protected":false},"excerpt":{"rendered":"<p style=\"text-align: justify;\">\n<p style=\"text-align: justify;\">Diyarbak\u0131r&#8217;da 10 y\u0131l \u00f6nce \u015fehit edilen Emniyet M\u00fcd\u00fcr\u00fc Ali Gaffar Okkan ve 5 polis memuru, sald\u0131r\u0131n\u0131n d\u00fczenlendi\u011fi yerde an\u0131ld\u0131.<\/p>\n<p style=\"text-align: justify;\">Yeni\u015fehir il\u00e7esi Sezai Karako\u00e7 bulvar\u0131nda 24 Ocak 2001 g\u00fcn\u00fc ter\u00f6ristlerce \u015fehit edilen eski Emniyet M\u00fcd\u00fcr\u00fc Ali Gaffar Okkan ve polis memurlar\u0131 Mehmet Kamal\u0131, Sabri K\u00fcn, Mehmet Sepet\u00e7i, Atilla Durmu\u015f <\/p>\n","protected":false},"author":1,"featured_media":0,"comment_status":"open","ping_status":"closed","sticky":false,"template":"","format":"standard","meta":{"footnotes":""},"categories":[105],"tags":[],"class_list":["post-27383","post","type-post","status-publish","format-standard","hentry","category-gundem","odd"],"_links":{"self":[{"href":"http:\/\/www.korhanyilmaz.com\/index.php?rest_route=\/wp\/v2\/posts\/27383","targetHints":{"allow":["GET"]}}],"collection":[{"href":"http:\/\/www.korhanyilmaz.com\/index.php?rest_route=\/wp\/v2\/posts"}],"about":[{"href":"http:\/\/www.korhanyilmaz.com\/index.php?rest_route=\/wp\/v2\/types\/post"}],"author":[{"embeddable":true,"href":"http:\/\/www.korhanyilmaz.com\/index.php?rest_route=\/wp\/v2\/users\/1"}],"replies":[{"embeddable":true,"href":"http:\/\/www.korhanyilmaz.com\/index.php?rest_route=%2Fwp%2Fv2%2Fcomments&post=27383"}],"version-history":[{"count":0,"href":"http:\/\/www.korhanyilmaz.com\/index.php?rest_route=\/wp\/v2\/posts\/27383\/revisions"}],"wp:attachment":[{"href":"http:\/\/www.korhanyilmaz.com\/index.php?rest_route=%2Fwp%2Fv2%2Fmedia&parent=27383"}],"wp:term":[{"taxonomy":"category","embeddable":true,"href":"http:\/\/www.korhanyilmaz.com\/index.php?rest_route=%2Fwp%2Fv2%2Fcategories&post=27383"},{"taxonomy":"post_tag","embeddable":true,"href":"http:\/\/www.korhanyilmaz.com\/index.php?rest_route=%2Fwp%2Fv2%2Ftags&post=27383"}],"curies":[{"name":"wp","href":"https:\/\/api.w.org\/{rel}","templated":true}]}}