{"id":27379,"date":"2011-01-24T10:35:15","date_gmt":"2011-01-24T08:35:15","guid":{"rendered":"http:\/\/www.korhanyilmaz.com\/?p=27379"},"modified":"2011-01-24T10:35:15","modified_gmt":"2011-01-24T08:35:15","slug":"devlet-sozunu-tutsun","status":"publish","type":"post","link":"http:\/\/www.korhanyilmaz.com\/?p=27379","title":{"rendered":"Devlet s\u00f6z\u00fcn\u00fc tutsun"},"content":{"rendered":"<p style=\"text-align: center;\"><a href=\"http:\/\/www.korhanyilmaz.com\/wp-content\/uploads\/2011\/01\/012.jpg\"  class=\"lightview\"><img loading=\"lazy\" decoding=\"async\" class=\"size-full wp-image-27380 aligncenter\" src=\"http:\/\/www.korhanyilmaz.com\/wp-content\/uploads\/2011\/01\/012.jpg\" alt=\"\" width=\"368\" height=\"276\" \/><\/a><\/p>\n<p style=\"text-align: justify;\">Bombal\u0131 sald\u0131r\u0131 sonucu 24 Ocak 1993&#8217;te yitirdi\u011fimiz Cumhuriyet gazetesi yazar\u0131 U\u011fur Mumcu&#8217;nun katledili\u015finin 18. y\u0131ld\u00f6n\u00fcm\u00fcnde bug\u00fcn t\u00fcm T\u00fcrkiye\u2019de \u00e7e\u015fitli etkinlikler d\u00fczenleniyor.<\/p>\n<p style=\"text-align: justify;\">Ankara- Muammer Aksoy, Bahriye \u00dc\u00e7ok, U\u011fur Mumcu ve Ahmet Taner K\u0131\u015flal\u0131\u2019dan Hrant Dink\u2019e uzanan katliamlar\u0131n ard\u0131ndan d\u00f6nemin yetkililerinin verdikleri \u201cnamus s\u00f6z\u00fc\u201d bir t\u00fcrl\u00fc yerine getirilemedi. Cinayetlerin ayd\u0131nlanmas\u0131n\u0131 bekleyenler birka\u00e7 tetik\u00e7iyle oyaland\u0131. Ger\u00e7ek faillere ula\u015f\u0131lmas\u0131 i\u00e7in yap\u0131lan giri\u015fimler hep engellendi. Ayd\u0131nlara y\u00f6nelik suikast\u0131 ger\u00e7ekle\u015ftiren ki\u015fi ve gruplar\u0131n ba\u011flant\u0131lar\u0131 g\u00f6rmezlikten gelindi. Cinayetlerin \u00f6rg\u00fctsel k\u00f6kenleri ortaya konulamad\u0131. \u0130li\u015fkiler \u00f6rtbas edildi. Mumcu, Aksoy, \u00dc\u00e7ok, K\u0131\u015flal\u0131\u2019dan Dink\u2019e kadar uzanan pek \u00e7ok faili me\u00e7hul cinayet halen \u00e7\u00f6z\u00fclmeyi bekliyor.<!--more--><\/p>\n<p style=\"text-align: justify;\"><strong>Ankara <\/strong><\/p>\n<p style=\"text-align: justify;\">Ankara\u2019daki t\u00f6renler saat 11.00\u2019de, Bat\u0131kent U\u011fur Mumcu Park\u0131\u2019ndaki an\u0131t\u0131na \u00e7elenk konulmas\u0131 ile ba\u015flayacak. Ard\u0131ndan karanfiller ve mumlarla saat 12.00\u2019de, U\u011fur Mumcu\u2019nun evinin \u00f6n\u00fcnde toplan\u0131lacak. Burada, sinevizyon g\u00f6sterimi yap\u0131lacak ve \u201cNeden \u00d6ld\u00fcr\u00fcld\u00fcler?\u201d ba\u015fl\u0131kl\u0131 sergi a\u00e7\u0131lacak. Saat 14.30\u2019da Mumcu\u2019nun Cebeci Asri Mezarl\u0131\u011f\u0131\u2019ndaki g\u00f6m\u00fct\u00fc ziyaret edilecek. \u00c7a\u011fda\u015f Sanatlar Merkezi\u2019nde de, saat 18.30\u2019da, suikastlar sonucu yak\u0131nlar\u0131n\u0131 kaybeden Orhan Dink, Eren Aysan, Canan Kaftanc\u0131o\u011flu, \u00d6zge Mumcu, G\u00fcl Erdost ve Zeynep Alt\u0131ok\u2019un konu\u015fmac\u0131 olarak yer alaca\u011f\u0131 \u201cD\u00fcnden Bug\u00fcne Siyasi Cinayetler\u201d ba\u015fl\u0131kl\u0131 a\u00e7\u0131k oturum ger\u00e7ekle\u015ftirilecek.<\/p>\n<p style=\"text-align: justify;\">Ayr\u0131ca, U\u011fur Mumcu ile Atat\u00fcrk\u00e7\u00fc D\u00fc\u015f\u00fcnce Derne\u011fi\u2019nin (ADD) kurucusu, T\u00fcrk Hukuk Kurumu ve Ankara Barosu ba\u015fkanlar\u0131ndan gazetemiz yazar\u0131 Prof. Dr. Muammer Aksoy\u2019un \u00f6l\u00fcm y\u0131ld\u00f6n\u00fcmleri olan, 24-31 Ocak g\u00fcnleri aras\u0131nda, U\u011fur Mumcu Ara\u015ft\u0131rmac\u0131 Gazetecilik Vakf\u0131 (um:ag) \u00f6nc\u00fcl\u00fc\u011f\u00fcnde d\u00fczenlenen \u201c18. Adalet ve Demokrasi Haftas\u0131\u201d etkinlikleri bug\u00fcn ba\u015flayacak. Etkinli\u011fin bu y\u0131lki temas\u0131 ise \u201cBilgi sahibi olunmadan fikir sahibi olunamaz\u201d olacak. Adalet ve Demokrasi Haftas\u0131 kapsam\u0131nda da yar\u0131n 4 etkinlik ger\u00e7ekle\u015fecek. Yar\u0131n saat 15.00\u2019te \u00c7a\u011fda\u015f Sanatlar Merkezi\u2019nde G\u00fcrsel G\u00f6k\u00e7e taraf\u0131ndan haz\u0131rlanan \u201cU\u011fur Mumcu\u2019nun Ard\u0131ndan\u201d ba\u015fl\u0131kl\u0131 foto\u011fraf sergisi a\u00e7\u0131lacak. Yar\u0131n saat 15.30\u2019da Prof. Dr. Murat Din\u00e7men, Eri\u015f \u00dclger\u2019in konu\u015fmac\u0131 oldu\u011fu \u201cBireyden Topluma Bilgi Y\u00f6netimi-Bas\u0131n Arenas\u0131nda \u015e\u00f6valye\u201d ba\u015fl\u0131kl\u0131 a\u00e7\u0131k oturum ger\u00e7ekle\u015ftirilecek. Saat 18.00\u2019de ise Fik-ret \u0130lkiz ve Hasan Uysal\u2019\u0131n konu\u015fmac\u0131 oldu\u011fu \u201cBas\u0131n ve Sans\u00fcr\u201d ba\u015fl\u0131kl\u0131 a\u00e7\u0131k oturum ger\u00e7ekle\u015fecek. Saat 19.30\u2019da da Bat\u0131kent Ahmet Taner K\u0131\u015flal\u0131 K\u00fclt\u00fcr Merkezi\u2019nde \u201cTam Ba\u011f\u0131ms\u0131z T\u00fcrkiye\u201d ba\u015fl\u0131kl\u0131 a\u00e7\u0131k oturum ger\u00e7ekle\u015fecek. Bu a\u00e7\u0131k oturumda ADD Genel Ba\u015fkan\u0131 Tansel \u00c7\u00f6la\u015fan, CHP Genel Ba\u015fkan Yard\u0131mc\u0131s\u0131 S\u00fcheyl Batum, Hasan Er\u00e7elebi, Mehmet Bedri G\u00fcltekin birer konu\u015fma yapacak.<\/p>\n<p style=\"text-align: justify;\"><strong>\u0130stanbul <\/strong><\/p>\n<p style=\"text-align: justify;\"><strong>Ulusal Parti unutmad\u0131 <\/strong><\/p>\n<p style=\"text-align: justify;\">Ulusal Parti \u0130stanbul \u0130l Ba\u015fkanl\u0131\u011f\u0131 \u00fcyesi bir grup, y\u00fcr\u00fcy\u00fc\u015f ger\u00e7ekle\u015ftirdi. Galatasaray Meydan\u0131\u2019nda d\u00fcn toplanan Ulusal Partililer, \u201cU\u011fur Mumcu ve Atat\u00fcrk \u015fehitlerini an\u0131yoruz\u201d pankart\u0131 ve dev T\u00fcrk bayra\u011f\u0131 a\u00e7arak Taksim Meydan\u0131\u2019na do\u011fru y\u00fcr\u00fcd\u00fcler. Y\u00fcr\u00fcy\u00fc\u015f s\u0131ras\u0131nda Gen\u00e7lik Mar\u015f\u0131\u2019n\u0131 s\u00f6yleyen topluluk, U\u011fur Mumcu, Muammer Aksoy, Bahriye \u00dc\u00e7ok, E\u015fref Bitlis, Necip Hablemito\u011flu gibi, sald\u0131r\u0131larda ya\u015famlar\u0131n\u0131 yitiren demokrasi \u015fehitlerinin foto\u011fraflar\u0131n\u0131 ta\u015f\u0131d\u0131lar. Sloganlar atan topluluk Taksim Cumhuriyet An\u0131t\u0131 \u00f6n\u00fcnde bir bas\u0131n a\u00e7\u0131klamas\u0131 yapt\u0131.<\/p>\n<p style=\"text-align: justify;\"><strong>Me\u015falelerle y\u00fcr\u00fcyecekler <\/strong><\/p>\n<p style=\"text-align: justify;\">U\u011fur Mumcu bug\u00fcn \u0130stanbul\u2019da da sivil toplum \u00f6rg\u00fctleri ve yerel y\u00f6netimlerin d\u00fczenledi\u011fi etkinliklerle an\u0131lacak. CHP \u015ei\u015fli \u0130l\u00e7e Ba\u015fkanl\u0131\u011f\u0131, \u0130stanbul \u0130l Ba\u015fkan\u0131 Nebil \u0130lseven\u2019in kat\u0131l\u0131m\u0131yla bug\u00fcn 09.45\u2019te \u015ei\u015fli il\u00e7e binas\u0131n\u0131n \u00f6n\u00fcnde bir araya gelerek Harbiye\u2019deki U\u011fur Mumcu An\u0131t\u0131\u2019na y\u00fcr\u00fcyecek. Kad\u0131k\u00f6y Belediyesi ise bug\u00fcn 20.00\u2019de \u201cU\u011fur Mumcu ve T\u00fcm Demokrasi \u015eehitlerimizi Anma Gecesi\u201d d\u00fczenleyecek. Caddebostan K\u00fclt\u00fcr Merkezi\u2019nde d\u00fczenlenecek gecede gazetemiz yazar\u0131 I\u015f\u0131k Kansu, Mumcu\u2019yu anlatacak. Sanat\u00e7\u0131 Onur Ak\u0131n da sahne alacak. Ayr\u0131ca me\u015falelerle \u201cMumcu\u2019yu Anma y\u00fcr\u00fcy\u00fc\u015fleri\u201d yap\u0131lacak.<\/p>\n<p style=\"text-align: justify;\">Ulusal Sivil Toplum Kurulu\u015flar\u0131 Birli\u011fi, ADD Avrupa Yakas\u0131 \u015fubeleri, TGB 18.30\u2019da \u015ei\u015fli\u2019deki Atat\u00fcrk Evi \u00f6n\u00fcnden Harbiye\u2019deki U\u011fur Mumcu An\u0131t\u0131\u2019na y\u00fcr\u00fcyecek. ADD Kad\u0131k\u00f6y \u015eubesi \u00f6nc\u00fcl\u00fc\u011f\u00fcnde ADD Anadolu Yakas\u0131 \u015fubeleri ise 18.00\u2019de Kad\u0131k\u00f6y Alt\u0131yol\u2019dan \u0130skele Meydan\u0131\u2019na y\u00fcr\u00fcyecek.<\/p>\n<p style=\"text-align: justify;\"><strong>D\u0130SK\u2019ten a\u00e7\u0131klama <\/strong><\/p>\n<p style=\"text-align: justify;\">D\u0130SK Genel Sekreteri Tayfun G\u00f6rg\u00fcn, yapt\u0131\u011f\u0131 a\u00e7\u0131klamada, \u201cYazd\u0131klar\u0131yla halk\u0131n\u0131 ayd\u0131nlatan, karanl\u0131k ili\u015fkilerin ard\u0131n\u0131 yans\u0131tmaktan can\u0131 pahas\u0131na \u00e7ekinmeyen Mumcu\u2019yu an\u0131yoruz\u201d dedi.<\/p>\n<p style=\"text-align: justify;\"><strong>\u0130zmirliler K\u00fclt\u00fcrpark\u2019ta bulu\u015facak <\/strong><\/p>\n<p style=\"text-align: justify;\">U\u011fur Mumcu, ba\u015fta \u0130zmir olmak \u00fczere Ege\u2019nin d\u00f6rt bir yan\u0131nda bug\u00fcn \u00f6zlemle an\u0131lacak.<\/p>\n<p style=\"text-align: justify;\">\u0130zmir B\u00fcy\u00fck\u015fehir Belediyesi\u2019nin Mumcu ve demokrasi \u015fehitleri an\u0131s\u0131na d\u00fczenledi\u011fi program, K\u00fclt\u00fcrpark \u0130smet \u0130n\u00f6n\u00fc Sanat Merkezi\u2019nde saat 19.00\u2019da ba\u015flayacak. Fatih Pa\u015fal\u0131 ve Nagihan Yaz\u0131c\u0131\u2019n\u0131n canland\u0131rmas\u0131 e\u015fli\u011findeki \u201cU\u011fur Mumcu Sesleniyor\u201d konulu slayt g\u00f6sterisinin ard\u0131ndan, \u0130zmir B\u00fcy\u00fck\u015fehir Belediye Ba\u015fkan\u0131 Aziz Kocao\u011flu a\u00e7\u0131l\u0131\u015f konu\u015fmas\u0131n\u0131 yapacak. Daha sonra T\u00fcrkiye Gazeteciler Federasyonu (TGF) ve \u0130zmir Gazeteciler Cemiyeti (\u0130GC) Ba\u015fkan\u0131 Atilla Sertel\u2019in y\u00f6netece\u011fi panele, Cumhuriyet gazetesi yazarlar\u0131 Ali Sirmen, \u00dcmit Zileli ve Ege Temsilcisi Serdar K\u0131z\u0131k konu\u015fmac\u0131 olarak kat\u0131lacak. Anma program\u0131, Sad\u0131k G\u00fcrb\u00fcz\u2019\u00fcn konseriyle sona erecek. Mumcu, Konak, Narl\u0131dere, Gaziemir, \u00c7i\u011fli il\u00e7eleri ile Mu\u011fla, Ayd\u0131n\u2019da d\u00fczenlenecek etkinlerle de an\u0131lacak.<\/p>\n<p style=\"text-align: justify;\"><strong>Trabzon <\/strong><\/p>\n<p style=\"text-align: justify;\">Trabzon\u2019daki ilk etkinlik baro taraf\u0131ndan ger\u00e7ekle\u015ftirilen \u201cU\u011fur Mumcu ve Faili Me\u00e7hul Cinayetler\u201d konulu panel oldu. Gazeteci Faruk Mercan\u2019\u0131n y\u00f6netti\u011fi panelde konu\u015fan eski K\u00fclt\u00fcr Bakan\u0131 Fikri Sa\u011flar, \u201cBu kadar fazla faili me\u00e7hul cinayeti olup bu cinayetlerin failleri bulunmuyorsa, \u2018tesad\u00fcfler oldu\u2019 deniliyorsa, bunun bir politika oldu\u011funu da d\u00fc\u015f\u00fcnmemiz gerekiyor\u201d dedi. Trabzon\u2019da d\u00fcn E\u011fitim-\u0130\u015f\u2019te yap\u0131lan ve aralar\u0131nda CHP, DSP, \u0130P, ADD, \u00c7YDD ve Cumhuriyet Okurlar\u0131\u2019n\u0131n da bulundu\u011fu pek \u00e7ok \u00f6rg\u00fct ortak bir a\u00e7\u0131klama yapt\u0131. A\u00e7\u0131klamada Mumcu\u2019nun de\u011ferlerinin ya\u015fat\u0131laca\u011f\u0131 belirtildi. CHP\u2019nin Mumcu program\u0131 ise Arakl\u0131 il\u00e7e \u00f6rg\u00fct\u00fcnde yap\u0131ld\u0131. \u00c7e\u015fitli etkinliklerin yer ald\u0131\u011f\u0131 anmada gazeteci yazar Ahmet \u015eefik Mollamehmeto\u011flu bir konferans verdi. Anma etkinliklerine bug\u00fcn, saat 18.00\u2019de Zorlu Otel\u2019de \u00c7YDD\u2019nin program\u0131 ile devam edilecek. Etkinlikte, Muammer Ayd\u0131n bir konu\u015fma yapacak.<\/p>\n<p style=\"text-align: justify;\"><strong>Eski\u015fehir <\/strong><\/p>\n<p style=\"text-align: justify;\">Eski\u015fehir Tepeba\u015f\u0131 Belediyesi\u2019nce Eski\u015fehir K\u00fclt\u00fcr Merkezi\u2019nde d\u00fczenlenen a\u00e7\u0131k oturuma emekli diplomat ve yazar Daver Darende ile gazetemiz yazar\u0131 I\u015f\u0131k Kansu konu\u015fmac\u0131 olarak kat\u0131ld\u0131. A\u00e7\u0131k oturumu y\u00f6neten Tepeba\u015f\u0131 Belediye Ba\u015fkan\u0131 Ahmet Ata\u00e7, \u201cU\u011fur Mumcu\u2019nun en \u00f6nemli \u00f6zelli\u011fi ileriyi g\u00f6rmesiydi\u201d dedi. I\u015f\u0131k Kansu da Mumcu\u2019nun Rab\u0131ta adl\u0131 kitab\u0131yla, bug\u00fcnk\u00fc iktidarda yer edinmi\u015f ki\u015filerin ili\u015fkilerini y\u0131llar \u00f6ncesinden ortaya koydu\u011funu vurgulad\u0131.<\/p>\n<p style=\"text-align: justify;\"><strong>Gaziantep <\/strong><\/p>\n<p style=\"text-align: justify;\">Gaziantep\u2019te U\u011fur Mumcu\u2019yu anmak i\u00e7in iki ayr\u0131 etkinlik d\u00fczenlenecek. CHP il \u00f6rg\u00fct\u00fcn\u00fcn etkinli\u011fi bug\u00fcn saat 13.00\u2019te Bal\u0131kl\u0131 Park\u0131\u2019nda ger\u00e7ekle\u015ftirilecek. Mumcu i\u00e7in haz\u0131rlanan karanfilli k\u00f6\u015feye bir de an\u0131 defteri a\u00e7\u0131lacak. E\u011fitim-\u0130\u015f Sendikas\u0131 \u00fcyeleri de Ye\u015filsu Park\u0131\u2019nda saat 13.00\u2019te bir araya gelerek Mumcu\u2019yu anacak. \u00c7orum\u2019da CHP\u2019liler saat 13.00\u2019te Atat\u00fcrk An\u0131t\u0131\u2019na \u00e7elenk koyduktan sonra saat 14.00\u2019te il binas\u0131nda bir araya gelecek. Antakya\u2019da da CHP, DSP, \u0130P ile ADD, E\u011fitim-\u0130\u015f, Antakya Gazeteciler Cemiyeti, T\u00fcrkiye Gen\u00e7lik Birli\u011fi\u2019nin de aralar\u0131nda oldu\u011fu bir\u00e7ok sivil toplum \u00f6rg\u00fct\u00fcn\u00fcn temsilcileri saat 18.00\u2019de Maksim Do\u011fu\u015f Okullar\u0131 \u00f6n\u00fcnde bir araya gelerek an\u0131ta do\u011fru me\u015faleli y\u00fcr\u00fcy\u00fc\u015f d\u00fczenleyecek.<\/p>\n<p style=\"text-align: justify;\"><strong>Adana <\/strong><\/p>\n<p style=\"text-align: justify;\">Adana\u2019da bug\u00fcn Cumhuriyet G\u00fc\u00e7birli\u011fi Platformu\u2019nca etkinlik ger\u00e7ekle\u015ftirilecek. Etkinlik 12.30\u2019da U\u011fur Mumcu Meydan\u0131\u2019nda ba\u015flayacak.<\/p>\n<p style=\"text-align: justify;\">Mersin\u2019de de 10.00\u2019da U\u011fur Mumcu An\u0131t\u0131 \u00f6n\u00fcnde demokratik kitle \u00f6rg\u00fctlerinin kat\u0131laca\u011f\u0131 etkinlik yap\u0131lacak. Yarg\u0131tay Onursal Cumhuriyet Ba\u015fsavc\u0131s\u0131 Sabih Kanado\u011flu\u2019nun konu\u015fmac\u0131 olarak kat\u0131laca\u011f\u0131 s\u00f6yle\u015fi ise saat 17.00\u2019de Ticaret ve Sanayi Odas\u0131\u2019nda yap\u0131lacak. Tarsus\u2019ta ADD taraf\u0131ndan d\u00fczenlenen anma etkinli\u011finde konu\u015fan Prof. Dr. Fevzi Demir, cinayetin arkas\u0131ndaki as\u0131l katillerin bir an \u00f6nce yakalanarak cezaland\u0131r\u0131lmas\u0131n\u0131 istedi.<\/p>\n<p style=\"text-align: justify;\"><strong>Zonguldak <\/strong><\/p>\n<p style=\"text-align: justify;\">Zonguldak\u2019ta \u00c7a\u011fda\u015f Gazeteciler Derne\u011fi Zonguldak \u015eubesi ile Zonguldak Demokrasi Platformu taraf\u0131ndan \u201cBas\u0131na Y\u00f6nelik Cinayetler\u201d konulu panel d\u00fczenlendi. Maden M\u00fchendisleri Odas\u0131 lokalinde ger\u00e7ekle\u015ftirilen panele Cumhuriyet gazetesi yazar\u0131 Ali Sirmen ve \u00c7a\u011fda\u015f Gazeteciler Derne\u011fi Genel Ba\u015fkan\u0131 Ahmet Abakay kat\u0131ld\u0131. Abakay, \u201cgerici cepheye kar\u015f\u0131 CHP \u00f6nc\u00fcl\u00fc\u011f\u00fcnde demokratik cephe\u201d \u00f6nerisinde bulundu. Cumhuriyet gazetesi yazar\u0131 Ali Sirmen de gazetecilikte kirlenme ya\u015fand\u0131\u011f\u0131n\u0131, h\u00fck\u00fcmete jurnalcili\u011fin \u00f6n plana \u00e7\u0131kt\u0131\u011f\u0131n\u0131 s\u00f6yledi.<\/p>\n<p style=\"text-align: justify;\"><strong>Balbay&#8217;dan mektup <\/strong><\/p>\n<p style=\"text-align: justify;\">Cumhuriyet gazetesi yazar\u0131 Mustafa Balbay, U\u011fur Mumcu\u2019nun T\u00fcrkiye\u2019nin d\u00f6n\u00fc\u015ft\u00fcr\u00fclmesi i\u00e7in \u00f6ld\u00fcr\u00fcld\u00fc\u011f\u00fcn\u00fcn bug\u00fcn daha net anla\u015f\u0131ld\u0131\u011f\u0131n\u0131 vurgulayarak \u201cBug\u00fcn g\u00fc\u00e7 sahipleri ama\u00e7lar\u0131na ula\u015fm\u0131\u015f olduklar\u0131n\u0131 d\u00fc\u015f\u00fcnebilirler. Ancak ba\u015faramayacaklar. \u00c7\u00fcnk\u00fc Anadolu\u2019yu tan\u0131m\u0131yorlar. Bu topraklar esareti kusar\u201d dedi.<\/p>\n<p style=\"text-align: justify;\">Ergenekon davas\u0131 kapsam\u0131nda Silivri\u2019de tutuklu bulunan Balbay, gazetemiz yazar\u0131 Mumcu\u2019nun katledili\u015finin y\u0131ld\u00f6n\u00fcm\u00fc an\u0131s\u0131na T\u00fcrkiye Gazeteciler Federasyonu (TGF) ve \u0130zmir Gazeteciler Cemiyeti (\u0130GC) Ba\u015fkan\u0131 Atilla Sertel\u2019e g\u00f6nderdi\u011fi mektupta, 2011 y\u0131l\u0131ndan bak\u0131ld\u0131\u011f\u0131nda 1993\u2019\u00fcn daha iyi anla\u015f\u0131ld\u0131\u011f\u0131n\u0131 vurgulad\u0131. Mumcu\u2019nun, T\u00fcrkiye\u2019nin Ankara\u2019dan y\u00f6netilmemesi ve Cumhuriyet kazan\u0131mlar\u0131n\u0131n t\u00fcketilmesi i\u00e7in \u00f6ld\u00fcr\u00fcld\u00fc\u011f\u00fcne dikkat \u00e7eken Balbay, \u201cU\u011fur Mumcu, y\u00f6n\u00fc uygarl\u0131\u011fa, \u00e7a\u011fda\u015fl\u0131\u011fa de\u011fil Ortado\u011fu batakl\u0131\u011f\u0131na d\u00f6n\u00fck bir T\u00fcrkiye\u2019nin olu\u015fmas\u0131 i\u00e7in \u00f6ld\u00fcr\u00fcld\u00fc. Bug\u00fcn bakmay\u0131n sahte AB s\u00f6ylemlerine; h\u00fck\u00fcmet, L\u00fcbnan\u2019daki h\u00fck\u00fcmetin devrilmesine \u00fclke sorunlar\u0131ndan daha \u00e7ok \u00fcz\u00fcl\u00fcyor. Bug\u00fcn, g\u00fcn ge\u00e7miyor ki Atat\u00fcrk T\u00fcrkiyesi\u2019nin temel ta\u015flar\u0131ndan biri \u2018tarifini yeniden yapal\u0131m\u2019 ad\u0131 alt\u0131nda sald\u0131r\u0131ya u\u011framas\u0131n. Mumcu, toplumun yolsuzluklara al\u0131\u015fmas\u0131, ola\u011fan kar\u015f\u0131lamas\u0131, yolsuzluk haberlerinin \u2018haber de\u011feri ta\u015f\u0131mamas\u0131\u2019 i\u00e7in \u00f6ld\u00fcr\u00fcld\u00fc. Bug\u00fcn yolsuzluk iddialar\u0131n\u0131n \u00fczerine gidilmiyor, yolsuzluk haberlerini yapanlar\u0131n \u00fczerine gidiliyor. \u00d6zetle U\u011fur Mumcu T\u00fcrkiye\u2019nin d\u00f6n\u00fc\u015ft\u00fcr\u00fclmesi i\u00e7in \u00f6ld\u00fcr\u00fcld\u00fc\u201d dedi.<\/p>\n<p style=\"text-align: justify;\">1990\u2019l\u0131 y\u0131llardaki ayd\u0131n cinayetlerinin ard\u0131ndan, 2000\u2019lerde sald\u0131r\u0131 arac\u0131 olarak hukukun se\u00e7ildi\u011fini belirten Balbay, Silivri kalesi s\u00fcrg\u00fcnlerinin gelece\u011fe s\u00fcrg\u00fcn verdi\u011fini belirtti.<\/p>\n<p style=\"text-align: justify;\">Gazeteci Tuncay \u00d6zkan da \u015f\u00f6yle seslendi: \u201cMumcu, Mustafa Kemal d\u00fc\u015f\u00fcncesinin 20. y\u00fczy\u0131la ula\u015fan en de\u011ferli kaynaklar\u0131ndan biriydi. O kaynak Anadolu\u2019nun g\u00fcr\u00fcl g\u00fcr\u00fcl akan nehirlerinden biri oldu 24 Ocak\u2019ta. O g\u00fcne kadar bizim U\u011fur Abimizdi; \u015fimdi \u00f6zg\u00fcrl\u00fck, ba\u011f\u0131ms\u0131zl\u0131k ve do\u011frulu\u011fun mihenk ta\u015f\u0131 oldu.\u201d<\/p>\n<p style=\"text-align: justify;\"><strong>CHP lideri K\u0131l\u0131\u00e7daro\u011flu: Kalemi yerde kald\u0131 <\/strong><\/p>\n<p style=\"text-align: justify;\">CHP\u2008Genel Ba\u015fkan\u0131 Kemal K\u0131l\u0131\u00e7daro\u011flu, Eski\u015fehir\u2019de ADD ve \u00c7a\u011fda\u015f Gazeteciler Derne\u011fi taraf\u0131ndan d\u00fczenlenen \u201cU\u011fur Mumcu\u2019yu anma\u201d etkinli\u011fine kat\u0131ld\u0131. Anemon Otel\u2019deki programa; Yarg\u0131tay Onursal Cumhuriyet Ba\u015fsavc\u0131s\u0131 Sabih Kanado\u011flu, CHP Genel Ba\u015fkan Yard\u0131mc\u0131lar\u0131 S\u00fcheyl Batum, G\u00fcrsel Tekin, \u0130stanbul Barosu Ba\u015fkan\u0131 \u00dcmit Kocasakal, milletvekilleri ve \u00e7ok say\u0131da yurtta\u015f kat\u0131ld\u0131.<\/p>\n<p style=\"text-align: justify;\">Programda, \u00c7GD\u2019nin \u00f6d\u00fcl t\u00f6reni de d\u00fczenlendi. K\u0131l\u0131\u00e7daro\u011flu\u2019na \u201cY\u0131l\u0131n Siyaset\u00e7isi\u201d, Kanado\u011flu\u2019na \u201cY\u0131l\u0131n Hukuk\u00e7usu\u201d, Cumhuriyet gazetesi yazar\u0131 Mustafa Balbay\u2019a \u201c\u00d6zel Gazetecilik\u201d, Kabasakal\u2019a \u201cDemokrasi ve \u00d6zg\u00fcrl\u00fck\u201d ve milli voleybolcu Neslihan Darnel\u2019e ise \u201cY\u0131l\u0131n Sporcusu\u201d \u00f6d\u00fcl\u00fc verildi.<\/p>\n<p style=\"text-align: justify;\">T\u00f6rende Mustafa Balbay\u2019\u0131n g\u00f6nderdi\u011fi mektup \u00c7GD Genel Ba\u015fkan\u0131 Ahmet Abakay taraf\u0131ndan okundu. Mektup salondakilerden b\u00fcy\u00fck alk\u0131\u015f ald\u0131.<\/p>\n<p style=\"text-align: justify;\">Gecede bir konu\u015fma yapan K\u0131l\u0131\u00e7daro\u011flu da \u201cU\u011fur Mumcu\u2019nun kalemi yerde; o kalemi kald\u0131rmak, almak, do\u011frular\u0131 yazmak her yurtseverin g\u00f6revidir. Gelin kalemi yerden alal\u0131m, ulusal kurtulu\u015f tarihini yeniden yazal\u0131m, yeni bir sayfa a\u00e7al\u0131m. \u00d6zg\u00fcrl\u00fck i\u00e7in, bar\u0131\u015f i\u00e7in, karde\u015flik i\u00e7in, devrim i\u00e7in yapal\u0131m\u201d dedi.<\/p>\n<p style=\"text-align: justify;\"><strong>TGC\u2019den a\u00e7\u0131klama: Yeni sald\u0131r\u0131lara cesaret veriliyor <\/strong><\/p>\n<p style=\"text-align: justify;\">T\u00fcrkiye Gazeteciler Cemiyeti\u2019nden (TGC), Cumhuriyet gazetesi yazar\u0131 U\u011fur Mumcu katledilmesinin 18. y\u0131l\u0131 dolay\u0131s\u0131yla yap\u0131lan a\u00e7\u0131klamada, \u201cTetik\u00e7ilerin arkas\u0131ndaki odaklar\u0131n bulunmas\u0131 yolunda at\u0131lan ad\u0131mlar\u0131n \u00f6n\u00fc y\u0131llard\u0131r t\u0131kan\u0131yor\u201d denildi.<\/p>\n<p style=\"text-align: justify;\">TGC\u2019den yap\u0131lan a\u00e7\u0131klamada, Mumcu\u2019nun katledilmesinin \u00fczerinden 18 y\u0131l ge\u00e7ti\u011fi an\u0131msat\u0131larak \u201cT\u00fcrkiye\u2019nin demokrasi s\u0131nav\u0131n\u0131 bir t\u00fcrl\u00fc ge\u00e7emedi\u011fi\u201d vurguland\u0131. A\u00e7\u0131klamada, \u201c\u00c7a\u011fda\u015f bir hukuk devleti i\u00e7in, halk\u0131n haber alma \u00f6zg\u00fcrl\u00fc\u011f\u00fc i\u00e7in hizmet veren gazetecilere y\u00f6nelik sald\u0131r\u0131lar\u0131n ve cinayetlerin as\u0131l tetik\u00e7ileri hi\u00e7bir zaman bulunam\u0131yor. Bu da gazetecilere y\u00f6nelik sald\u0131r\u0131lar\u0131n cesaretlendirilmesine neden oluyor\u201d denildi. \u00c7ukurova Gazeteciler Cemiyeti (\u00c7GC) Ba\u015fkan\u0131 Cafer Esendemir de Mumcu\u2019nun katledilmesinin ac\u0131s\u0131n\u0131n halen ya\u015fand\u0131\u011f\u0131n\u0131 belirterek sald\u0131r\u0131 ba\u011flant\u0131lar\u0131n\u0131n ortaya \u00e7\u0131kar\u0131lmas\u0131n\u0131 istedi.<\/p>\n<p style=\"text-align: justify;\"><a href=\"http:\/\/www.cumhuriyet.com.tr\/?hn=210960&amp;kw=Devlet+s%F6z%FCn%FC+tutsun\" target=\"_blank\"><span style=\"color: #888888;\">Kaynak : Cumhuriyet Haber Portal\u0131<\/span><\/a><\/p>\n","protected":false},"excerpt":{"rendered":"<p style=\"text-align: center;\">\n<p style=\"text-align: justify;\">Bombal\u0131 sald\u0131r\u0131 sonucu 24 Ocak 1993&#8217;te yitirdi\u011fimiz Cumhuriyet gazetesi yazar\u0131 U\u011fur Mumcu&#8217;nun katledili\u015finin 18. y\u0131ld\u00f6n\u00fcm\u00fcnde bug\u00fcn t\u00fcm T\u00fcrkiye\u2019de \u00e7e\u015fitli etkinlikler d\u00fczenleniyor.<\/p>\n<p style=\"text-align: justify;\">Ankara- Muammer Aksoy, Bahriye \u00dc\u00e7ok, U\u011fur Mumcu ve Ahmet Taner K\u0131\u015flal\u0131\u2019dan Hrant Dink\u2019e uzanan katliamlar\u0131n ard\u0131ndan d\u00f6nemin yetkililerinin verdikleri \u201cnamus s\u00f6z\u00fc\u201d bir t\u00fcrl\u00fc yerine getirilemedi. Cinayetlerin ayd\u0131nlanmas\u0131n\u0131 <\/p>\n","protected":false},"author":1,"featured_media":0,"comment_status":"open","ping_status":"closed","sticky":false,"template":"","format":"standard","meta":{"footnotes":""},"categories":[105],"tags":[],"class_list":["post-27379","post","type-post","status-publish","format-standard","hentry","category-gundem","odd"],"_links":{"self":[{"href":"http:\/\/www.korhanyilmaz.com\/index.php?rest_route=\/wp\/v2\/posts\/27379","targetHints":{"allow":["GET"]}}],"collection":[{"href":"http:\/\/www.korhanyilmaz.com\/index.php?rest_route=\/wp\/v2\/posts"}],"about":[{"href":"http:\/\/www.korhanyilmaz.com\/index.php?rest_route=\/wp\/v2\/types\/post"}],"author":[{"embeddable":true,"href":"http:\/\/www.korhanyilmaz.com\/index.php?rest_route=\/wp\/v2\/users\/1"}],"replies":[{"embeddable":true,"href":"http:\/\/www.korhanyilmaz.com\/index.php?rest_route=%2Fwp%2Fv2%2Fcomments&post=27379"}],"version-history":[{"count":0,"href":"http:\/\/www.korhanyilmaz.com\/index.php?rest_route=\/wp\/v2\/posts\/27379\/revisions"}],"wp:attachment":[{"href":"http:\/\/www.korhanyilmaz.com\/index.php?rest_route=%2Fwp%2Fv2%2Fmedia&parent=27379"}],"wp:term":[{"taxonomy":"category","embeddable":true,"href":"http:\/\/www.korhanyilmaz.com\/index.php?rest_route=%2Fwp%2Fv2%2Fcategories&post=27379"},{"taxonomy":"post_tag","embeddable":true,"href":"http:\/\/www.korhanyilmaz.com\/index.php?rest_route=%2Fwp%2Fv2%2Ftags&post=27379"}],"curies":[{"name":"wp","href":"https:\/\/api.w.org\/{rel}","templated":true}]}}